{"id":32351,"date":"2026-01-10T06:35:00","date_gmt":"2026-01-10T05:35:00","guid":{"rendered":"https:\/\/www.ecoticias.com\/hoyeco\/?p=32351"},"modified":"2026-01-09T20:39:00","modified_gmt":"2026-01-09T19:39:00","slug":"expertos-en-energia-desmontan-el-mito-que-sigue-frenando-el-autoconsumo-solar-en-invierno-no-sirven","status":"publish","type":"post","link":"https:\/\/www.ecoticias.com\/hoyeco\/expertos-en-energia-desmontan-el-mito-que-sigue-frenando-el-autoconsumo-solar-en-invierno-no-sirven\/32351\/","title":{"rendered":"Expertos en energ\u00eda desmontan el mito que sigue frenando el autoconsumo solar: \u201cEn invierno no sirven\u201d"},"content":{"rendered":"\n<p>\u00abNo durar\u00e1n mucho\u00bb. \u00abEn invierno casi no producen\u00bb. Estas dos frases siguen apareciendo en conversaciones sobre <a href=\"https:\/\/www.ecoticias.com\/hoyeco\/paneles-solares-como-opcion\/30956\/\">energ\u00eda solar<\/a>, a pesar de que los datos m\u00e1s recientes van justo en la direcci\u00f3n contraria.<\/p>\n\n\n\n<p>Laboratorios p\u00fablicos, plataformas especializadas y la experiencia de miles de usuarios coinciden en algo sencillo de resumir. Los paneles actuales est\u00e1n dise\u00f1ados para rendir durante d\u00e9cadas y seguir generando electricidad aunque fuera haya nieve, fr\u00edo y d\u00edas m\u00e1s cortos.<\/p>\n\n\n\n<p>Para quien mira cada mes la factura de la luz y piensa en instalar <a href=\"https:\/\/www.ecoticias.com\/hoyeco\/nuevo-tipo-de-autoconsumo\/30946\/\">autoconsumo<\/a>, esta diferencia entre mito y realidad no es un detalle. Marca si esa inversi\u00f3n se ve como algo fr\u00e1gil o como una pieza s\u00f3lida de la <a href=\"https:\/\/www.ecoticias.com\/hoyeco\/europa-energia-futuro-espana\/29330\/\">transici\u00f3n energ\u00e9tica<\/a> del hogar.<\/p>\n\n\n\n<h2 class=\"wp-block-heading\">Vida \u00fatil real de los paneles modernos<\/h2>\n\n\n\n<p>Cuando alguien afirma que \u00ablos paneles no duran\u00bb, suele imaginar equipos que se degradan r\u00e1pido y hay que cambiar en pocos a\u00f1os. La realidad es m\u00e1s aburrida, pero mucho m\u00e1s tranquilizadora.<\/p>\n\n\n\n<p>El seguimiento de instalaciones reales en el proyecto Photovoltaic Lifetime Project, gestionado por un laboratorio nacional de Estados Unidos, muestra que los <a href=\"https:\/\/www.iea.org\/energy-system\/renewables\/solar-pv\" target=\"_blank\" rel=\"noopener\">m\u00f3dulos fotovoltaicos<\/a> pierden menos de un 1 % de rendimiento al a\u00f1o en condiciones normales. Es una ca\u00edda lenta. Traducido al d\u00eda a d\u00eda significa que, despu\u00e9s de m\u00e1s de veinte a\u00f1os, el sistema sigue produciendo una parte muy significativa de la energ\u00eda inicial.<\/p>\n\n\n\n<p>En paralelo, gu\u00edas dirigidas al consumidor en Espa\u00f1a recuerdan que los fabricantes ofrecen hoy garant\u00edas de alto rendimiento entre 25 y 30 a\u00f1os, con un compromiso habitual de mantener al menos el 80 % de la eficiencia original pasado ese tiempo. No es poca cosa. Son plazos comparables a la vida \u00fatil de una caldera o de la propia cubierta del edificio.<\/p>\n\n\n\n<p>En la pr\u00e1ctica, esto implica que la instalaci\u00f3n suele amortizarse dentro del periodo garantizado. A partir de ah\u00ed, cada kilovatio hora generado es, en buena medida, energ\u00eda que deja de comprarse a la red y emisiones de CO2 que se evitan sin hacer nada especial m\u00e1s all\u00e1 del mantenimiento b\u00e1sico.<\/p>\n\n\n\n<h2 class=\"wp-block-heading\">Invierno, nieve y producci\u00f3n solar<\/h2>\n\n\n\n<p>El otro gran mito tiene que ver con el fr\u00edo. La idea de que los paneles \u00aben invierno no sirven\u00bb se repite a menudo. Sin embargo, lo que hace funcionar a una placa es la luz, no el calor del aire.<\/p>\n\n\n\n<p>El <a href=\"https:\/\/www.energy.gov\/cmei\/articles\/let-it-snow-how-solar-panels-can-thrive-winter-weather\" target=\"_blank\" rel=\"noopener\">Departamento de Energ\u00eda de Estados Unidos<\/a> resume que los paneles fotovoltaicos producen energ\u00eda \u00fatil durante las cuatro estaciones y que siguen generando electricidad incluso en regiones con nieve abundante, donde se ensayan m\u00f3dulos en distintas condiciones clim\u00e1ticas. De hecho, las c\u00e9lulas solares suelen trabajar algo mejor con temperaturas bajas que con calor extremo, siempre que reciban radiaci\u00f3n.<\/p>\n\n\n\n<p>La plataforma especializada <a href=\"https:\/\/www.energysage.com\/solar\/solar-panels-in-winter-weather-snow-affect-power-production\/\" target=\"_blank\" rel=\"noopener\">EnergySage<\/a> lo explica de manera bastante directa. \u00abEs un mito muy extendido que los paneles no funcionen en invierno\u00bb, resume la analista energ\u00e9tica Kristina Zagame, que recuerda que el aire fr\u00edo mejora ligeramente la eficiencia mientras haya horas de sol.<\/p>\n\n\n\n<p>\u00bfY qu\u00e9 pasa cuando nieva y el tejado se cubre de blanco? Aqu\u00ed tambi\u00e9n hay matices. Los estudios de campo muestran que una capa fina de nieve puede dejar pasar parte de la luz o ser retirada por el viento, mientras que las acumulaciones m\u00e1s gruesas bloquean temporalmente la radiaci\u00f3n hasta que la nieve se desliza. Como la mayor\u00eda de instalaciones est\u00e1n inclinadas, el propio peso de la nieve y la acci\u00f3n del sol hacen que caiga hacia el alero en cuanto hay un peque\u00f1o deshielo.<\/p>\n\n\n\n<p>Usuarios de sistemas solares en climas fr\u00edos que comparten su experiencia en foros recuerdan algo muy terrenal. Muchas veces no compensa subir a una escalera en pleno enero para limpiar manualmente los m\u00f3dulos. El riesgo de ca\u00edda y de da\u00f1ar el cristal supera el peque\u00f1o aumento de producci\u00f3n de unos pocos d\u00edas con poco sol. En otras palabras, el invierno reduce la generaci\u00f3n respecto al <a href=\"https:\/\/www.ecoticias.com\/hoyeco\/verano-energia-fotovoltaica-calor\/25894\/\">verano<\/a>, pero no la anula.<\/p>\n\n\n\n<h2 class=\"wp-block-heading\">Ahorro, clima y por qu\u00e9 importan estos datos<\/h2>\n\n\n\n<p>Derribar estos mitos no es solo una cuesti\u00f3n t\u00e9cnica. La <a href=\"https:\/\/www.iea.org\/fuels-and-technologies\/solar\/\" target=\"_blank\" rel=\"noopener\">energ\u00eda solar fotovoltaica<\/a> se ha convertido en una de las formas de generar electricidad m\u00e1s baratas del mundo. La <a href=\"https:\/\/www.iea.org\/reports\/renewables-2025\/executive-summary\" target=\"_blank\" rel=\"noopener\">Agencia Internacional de la Energ\u00eda<\/a> se\u00f1ala que, en proyectos con buen recurso solar y financiaci\u00f3n adecuada, la fotovoltaica es ya la opci\u00f3n con menor coste hist\u00f3rico para producir electricidad. Informes recientes de la <a href=\"https:\/\/www.irena.org\/Publications\/2025\/Jun\/Renewable-Power-Generation-Costs-in-2024\" target=\"_blank\" rel=\"noopener\">Agencia Internacional de Energ\u00edas Renovable<\/a>s confirman que el coste medio global de la electricidad solar sigue cayendo a\u00f1o tras a\u00f1o.<\/p>\n\n\n\n<p>Para un hogar, esto se traduce en menos dependencia de las oscilaciones del mercado el\u00e9ctrico y en cierta protecci\u00f3n frente a futuras subidas de precios. Para el clima, significa menos consumo de gas y carb\u00f3n y menos CO2 en la atm\u00f3sfera, justo en un momento en que los fen\u00f3menos extremos y las olas de calor empiezan a notarse cada verano.<\/p>\n\n\n\n<p>En resumen, los datos disponibles pintan un escenario muy distinto al de la rumorolog\u00eda. Los <a href=\"https:\/\/www.ecoticias.com\/hoyeco\/millones-paneles-solares-desierto\/28425\/\">paneles fotovoltaicos<\/a> bien elegidos y bien instalados pueden acompa\u00f1ar a una vivienda durante varias d\u00e9cadas, con p\u00e9rdidas de rendimiento graduales, y seguir produciendo en invierno incluso en presencia de nieve, aunque con menos horas de sol disponibles.<\/p>\n\n\n\n<p>La clave est\u00e1 en informarse con fuentes independientes, dimensionar bien la instalaci\u00f3n y evitar decisiones basadas en frases como \u00abno durar\u00e1n mucho\u00bb sin mirar los n\u00fameros. Al final, para quien mira al tejado pensando en su pr\u00f3xima factura y en el planeta que heredar\u00e1n sus hijos, los hechos pesan m\u00e1s que los mitos.<\/p>\n\n\n\n<p>El seguimiento t\u00e9cnico m\u00e1s reciente sobre la degradaci\u00f3n de los m\u00f3dulos fotovoltaicos se recoge en el proyecto cient\u00edfico <em><a href=\"https:\/\/www.nrel.gov\/pv\/lifetime\" target=\"_blank\" rel=\"noopener\">Photovoltaic Lifetime Project<\/a><\/em>.<\/p>\n","protected":false},"excerpt":{"rendered":"<p>\u00abNo durar\u00e1n mucho\u00bb. \u00abEn invierno casi no producen\u00bb. Estas dos frases siguen apareciendo en conversaciones sobre energ\u00eda solar, a pesar &#8230; <\/p>\n<p class=\"read-more-container\"><a title=\"Expertos en energ\u00eda desmontan el mito que sigue frenando el autoconsumo solar: \u201cEn invierno no sirven\u201d\" class=\"read-more button\" href=\"https:\/\/www.ecoticias.com\/hoyeco\/expertos-en-energia-desmontan-el-mito-que-sigue-frenando-el-autoconsumo-solar-en-invierno-no-sirven\/32351\/#more-32351\" aria-label=\"Leer m\u00e1s sobre Expertos en energ\u00eda desmontan el mito que sigue frenando el autoconsumo solar: \u201cEn invierno no sirven\u201d\">Read more<\/a><\/p>\n","protected":false},"author":18,"featured_media":32352,"comment_status":"open","ping_status":"","sticky":false,"template":"","format":"standard","meta":{"footnotes":""},"categories":[5],"tags":[],"class_list":["post-32351","post","type-post","status-publish","format-standard","has-post-thumbnail","hentry","category-energia","resize-featured-image"],"_links":{"self":[{"href":"https:\/\/www.ecoticias.com\/hoyeco\/wp-json\/wp\/v2\/posts\/32351","targetHints":{"allow":["GET"]}}],"collection":[{"href":"https:\/\/www.ecoticias.com\/hoyeco\/wp-json\/wp\/v2\/posts"}],"about":[{"href":"https:\/\/www.ecoticias.com\/hoyeco\/wp-json\/wp\/v2\/types\/post"}],"author":[{"embeddable":true,"href":"https:\/\/www.ecoticias.com\/hoyeco\/wp-json\/wp\/v2\/users\/18"}],"replies":[{"embeddable":true,"href":"https:\/\/www.ecoticias.com\/hoyeco\/wp-json\/wp\/v2\/comments?post=32351"}],"version-history":[{"count":1,"href":"https:\/\/www.ecoticias.com\/hoyeco\/wp-json\/wp\/v2\/posts\/32351\/revisions"}],"predecessor-version":[{"id":32353,"href":"https:\/\/www.ecoticias.com\/hoyeco\/wp-json\/wp\/v2\/posts\/32351\/revisions\/32353"}],"wp:featuredmedia":[{"embeddable":true,"href":"https:\/\/www.ecoticias.com\/hoyeco\/wp-json\/wp\/v2\/media\/32352"}],"wp:attachment":[{"href":"https:\/\/www.ecoticias.com\/hoyeco\/wp-json\/wp\/v2\/media?parent=32351"}],"wp:term":[{"taxonomy":"category","embeddable":true,"href":"https:\/\/www.ecoticias.com\/hoyeco\/wp-json\/wp\/v2\/categories?post=32351"},{"taxonomy":"post_tag","embeddable":true,"href":"https:\/\/www.ecoticias.com\/hoyeco\/wp-json\/wp\/v2\/tags?post=32351"}],"curies":[{"name":"wp","href":"https:\/\/api.w.org\/{rel}","templated":true}]}}