{"id":32426,"date":"2026-01-13T09:50:00","date_gmt":"2026-01-13T08:50:00","guid":{"rendered":"https:\/\/www.ecoticias.com\/hoyeco\/?p=32426"},"modified":"2026-01-12T22:00:33","modified_gmt":"2026-01-12T21:00:33","slug":"por-que-los-humanos-no-pueden-mover-los-dedos-de-los-pies-de-forma-independiente","status":"publish","type":"post","link":"https:\/\/www.ecoticias.com\/hoyeco\/por-que-los-humanos-no-pueden-mover-los-dedos-de-los-pies-de-forma-independiente\/32426\/","title":{"rendered":"Por qu\u00e9 los humanos no pueden mover los dedos de los pies de forma independiente"},"content":{"rendered":"\n<p>La marcha b\u00edpeda reorganiz\u00f3 la musculatura y el \u201creparto\u201d de control en el cerebro, y dej\u00f3 a los dedos del pie trabajando en equipo m\u00e1s que por separado<\/p>\n\n\n\n<p>A quien se sienta en el borde de la cama y trate de mover el cuarto dedo del pie sin que se le contagien los dem\u00e1s le suele pasar lo mismo (la orden sale, pero llega \u201cen bloque\u201d). No es torpeza ni falta de pr\u00e1ctica, sino una consecuencia del dise\u00f1o del pie <a href=\"https:\/\/www.ecoticias.com\/hoyeco\/cientificos-descubren-nuevas-formas-de-vida-dentro-de-cuerpos-humanos-que-no-coinciden-con-nada-de-lo-que-la-biologia-ha-clasificado\/32071\/\">humano<\/a> y de c\u00f3mo el sistema nervioso prioriza lo \u00fatil para caminar frente a lo \u00fatil para agarrar.<\/p>\n\n\n\n<p>En t\u00e9rminos evolutivos, el cambio fue de prop\u00f3sito. En los primates que trepan, el pie participa en la prensi\u00f3n y en el equilibrio sobre ramas. <a href=\"https:\/\/www.amnh.org\/exhibitions\/permanent\/human-origins\/understanding-our-past\/dna-comparing-humans-and-chimps\" target=\"_blank\" rel=\"noreferrer noopener nofollow\">En los humanos<\/a>, el pie se convirti\u00f3 en una plataforma de soporte y propulsi\u00f3n. La frase resume una renuncia (menos destreza fina) y una ganancia (m\u00e1s estabilidad y eficiencia al desplazarse).<\/p>\n\n\n\n<h2 class=\"wp-block-heading\">Un pie hecho para sostener<\/h2>\n\n\n\n<p>La anatom\u00eda cuenta la primera parte de la historia. El pie humano est\u00e1 asociado a 29 m\u00fasculos. Diez de ellos nacen \u201carriba\u201d y cruzan el tobillo para actuar sobre el pie. Los otros diecinueve se encuentran dentro del propio pie. El conjunto est\u00e1 orientado a la locomoci\u00f3n y a la estabilidad postural.<\/p>\n\n\n\n<p>Esa organizaci\u00f3n explica por qu\u00e9 los dedos suelen moverse a la vez. En los cuatro dedos \u201cpeque\u00f1os\u201d los tendones y m\u00fasculos que flexionan y extienden comparten trayectos y funciones, lo que favorece patrones coordinados. El dedo gordo es el que sale del guion con m\u00e1s frecuencia, porque participa de forma decisiva en el impulso al final de cada paso. La literatura biomec\u00e1nica subraya, adem\u00e1s, la importancia de los m\u00fasculos del pie en tareas como sostener el arco longitudinal y contribuir a la propulsi\u00f3n durante la marcha.<\/p>\n\n\n\n<p>El pie trabaja como una pieza que alterna rigidez y adaptaci\u00f3n al terreno. La independencia total de cada dedo es un lujo poco rentable cuando la prioridad es no perder equilibrio y ahorrar energ\u00eda en cada zancada.<\/p>\n\n\n\n<h2 class=\"wp-block-heading\">El cerebro tambi\u00e9n recorta presupuesto<\/h2>\n\n\n\n<p>La segunda parte del relato se escribe en <a href=\"https:\/\/www.ecoticias.com\/hoyeco\/los-cerebros-pasan-por-cinco-etapas-en-la-vida-puntos-de-inflexion-alrededor-de-los-9-32-66-y-83-anos\/31913\/\">el cerebro<\/a>. En la corteza, manos y pies no \u201cocupan\u201d lo mismo. La representaci\u00f3n cortical, es decir, cu\u00e1nta superficie y organizaci\u00f3n neuronal se dedica a cada zona corporal, favorece aquello que requiere control fino y frecuente. En la comparaci\u00f3n entre dedos de la mano y del pie, la ventaja suele ser de la mano, coherente con su papel en la manipulaci\u00f3n de herramientas y tareas de precisi\u00f3n.<\/p>\n\n\n\n<p>Esa diferencia no significa que el pie sea torpe por naturaleza, sino que recibe \u00f3rdenes menos espec\u00edficas cuando se trata de movimientos peque\u00f1os y aislados. Para el cerebro, que cuatro dedos se flexionen juntos es una soluci\u00f3n eficiente si el objetivo principal es estabilizar y empujar.<\/p>\n\n\n\n<p>Hay, adem\u00e1s, una pista interesante sobre hasta d\u00f3nde llega la plasticidad. <a href=\"https:\/\/www.sciencedirect.com\/science\/article\/pii\/S2211124719310617\" target=\"_blank\" rel=\"noreferrer noopener nofollow\">Un estudio<\/a> con resonancia funcional describi\u00f3 mapas organizados de los dedos del pie en dos personas nacidas sin extremidades superiores que usan los pies para funciones propias de la mano. El trabajo sugiere que, cuando el uso cotidiano cambia de forma radical, el sistema nervioso puede reorganizar parte de ese control.<\/p>\n\n\n\n<h2 class=\"wp-block-heading\">Lo que revela el \u201ctruco\u201d de los dedos<\/h2>\n\n\n\n<p>En la vida diaria, el pie no necesita tocar un piano. Necesita sostener el cuerpo, adaptarse a irregularidades, amortiguar impactos y empujar hacia delante. Por eso la evoluci\u00f3n \u201cacept\u00f3\u201d que el control fino de cada dedo no fuese prioritario. En el fondo, el intento fallido de mover un dedo aislado es una prueba dom\u00e9stica de especializaci\u00f3n biol\u00f3gica.<\/p>\n","protected":false},"excerpt":{"rendered":"<p>La marcha b\u00edpeda reorganiz\u00f3 la musculatura y el \u201creparto\u201d de control en el cerebro, y dej\u00f3 a los dedos del &#8230; <\/p>\n<p class=\"read-more-container\"><a title=\"Por qu\u00e9 los humanos no pueden mover los dedos de los pies de forma independiente\" class=\"read-more button\" href=\"https:\/\/www.ecoticias.com\/hoyeco\/por-que-los-humanos-no-pueden-mover-los-dedos-de-los-pies-de-forma-independiente\/32426\/#more-32426\" aria-label=\"Leer m\u00e1s sobre Por qu\u00e9 los humanos no pueden mover los dedos de los pies de forma independiente\">Read more<\/a><\/p>\n","protected":false},"author":18,"featured_media":32427,"comment_status":"open","ping_status":"","sticky":false,"template":"","format":"standard","meta":{"footnotes":""},"categories":[6],"tags":[],"class_list":["post-32426","post","type-post","status-publish","format-standard","has-post-thumbnail","hentry","category-movilidad","resize-featured-image"],"_links":{"self":[{"href":"https:\/\/www.ecoticias.com\/hoyeco\/wp-json\/wp\/v2\/posts\/32426","targetHints":{"allow":["GET"]}}],"collection":[{"href":"https:\/\/www.ecoticias.com\/hoyeco\/wp-json\/wp\/v2\/posts"}],"about":[{"href":"https:\/\/www.ecoticias.com\/hoyeco\/wp-json\/wp\/v2\/types\/post"}],"author":[{"embeddable":true,"href":"https:\/\/www.ecoticias.com\/hoyeco\/wp-json\/wp\/v2\/users\/18"}],"replies":[{"embeddable":true,"href":"https:\/\/www.ecoticias.com\/hoyeco\/wp-json\/wp\/v2\/comments?post=32426"}],"version-history":[{"count":2,"href":"https:\/\/www.ecoticias.com\/hoyeco\/wp-json\/wp\/v2\/posts\/32426\/revisions"}],"predecessor-version":[{"id":32443,"href":"https:\/\/www.ecoticias.com\/hoyeco\/wp-json\/wp\/v2\/posts\/32426\/revisions\/32443"}],"wp:featuredmedia":[{"embeddable":true,"href":"https:\/\/www.ecoticias.com\/hoyeco\/wp-json\/wp\/v2\/media\/32427"}],"wp:attachment":[{"href":"https:\/\/www.ecoticias.com\/hoyeco\/wp-json\/wp\/v2\/media?parent=32426"}],"wp:term":[{"taxonomy":"category","embeddable":true,"href":"https:\/\/www.ecoticias.com\/hoyeco\/wp-json\/wp\/v2\/categories?post=32426"},{"taxonomy":"post_tag","embeddable":true,"href":"https:\/\/www.ecoticias.com\/hoyeco\/wp-json\/wp\/v2\/tags?post=32426"}],"curies":[{"name":"wp","href":"https:\/\/api.w.org\/{rel}","templated":true}]}}