{"id":32433,"date":"2026-01-13T15:36:00","date_gmt":"2026-01-13T14:36:00","guid":{"rendered":"https:\/\/www.ecoticias.com\/hoyeco\/?p=32433"},"modified":"2026-01-12T22:02:10","modified_gmt":"2026-01-12T21:02:10","slug":"el-dia-se-convertira-en-noche-cuando-los-astronomos-confirmen-oficialmente-la-fecha-del-eclipse-solar-mas-largo-del-siglo-un-evento-raro-que-se-espera-que-cree-un-espectaculo-extraordinario-en-varias","status":"publish","type":"post","link":"https:\/\/www.ecoticias.com\/hoyeco\/el-dia-se-convertira-en-noche-cuando-los-astronomos-confirmen-oficialmente-la-fecha-del-eclipse-solar-mas-largo-del-siglo-un-evento-raro-que-se-espera-que-cree-un-espectaculo-extraordinario-en-varias\/32433\/","title":{"rendered":"El d\u00eda se convertir\u00e1 en noche cuando los astr\u00f3nomos confirmen oficialmente la fecha del eclipse solar m\u00e1s largo del siglo, un evento raro que se espera que cree un espect\u00e1culo extraordinario en varias regiones para todo el mundo"},"content":{"rendered":"\n<p>El eclipse total m\u00e1s largo del siglo ser\u00e1 el 2 de agosto de 2027, no en 2028. La totalidad alcanzar\u00e1 6 minutos y 23 segundos sobre Egipto y rozar\u00e1 el sur de Espa\u00f1a, seg\u00fan los c\u00e1lculos de la NASA<\/p>\n\n\n\n<p>La fecha que circula en redes (22 de julio de 2028) corresponde a un eclipse total relevante en Australia y Nueva Zelanda, pero no al de mayor duraci\u00f3n. El fen\u00f3meno que los astr\u00f3nomos sit\u00faan como el gran hito del siglo por su tiempo de oscuridad es el <a href=\"https:\/\/eclipse.gsfc.nasa.gov\/SEgoogle\/SEgoogle2001\/SE2027Aug02Tgoogle.html\" target=\"_blank\" rel=\"noreferrer noopener nofollow\">2 de agosto de 2027<\/a>, con un m\u00e1ximo de 6 minutos y 23 segundos de totalidad en el norte de \u00c1frica, especialmente en Egipto, de acuerdo con las predicciones publicadas en mapas y efem\u00e9rides astron\u00f3micas.<\/p>\n\n\n\n<p>La distinci\u00f3n no es menor. En un <a href=\"https:\/\/www.ecoticias.com\/hoyeco\/eclipse-solar-total-oscuridad\/27554\/\">eclipse total<\/a>, la Luna tapa por completo el disco solar y el d\u00eda se vuelve un crep\u00fasculo breve. Ese tiempo extra (minutos que parecen \u201cde noche\u201d a mediod\u00eda) depende de una coreograf\u00eda precisa entre distancias, velocidades relativas y el lugar exacto desde el que se observa. En 2027, esa geometr\u00eda favorece una franja estrecha que cruza el sur de Europa y el norte de \u00c1frica antes de seguir hacia Oriente Pr\u00f3ximo.<\/p>\n\n\n\n<h2 class=\"wp-block-heading\">Espa\u00f1a mira al cielo con un trienio excepcional<\/h2>\n\n\n\n<p>Para el p\u00fablico espa\u00f1ol, el inter\u00e9s se multiplica porque el calendario encadena citas. El 12 de agosto de 2026 habr\u00e1 un eclipse total visible desde la Pen\u00ednsula Ib\u00e9rica (con la totalidad ya muy condicionada por la puesta de Sol en muchas zonas), seg\u00fan la informaci\u00f3n divulgada por el Instituto Geogr\u00e1fico Nacional. Un a\u00f1o despu\u00e9s, <a href=\"https:\/\/nso.edu\/eclipse-map-2027-aug2\/\" target=\"_blank\" rel=\"noreferrer noopener nofollow\">el eclipse del 2 de agosto de 2027<\/a> volver\u00e1 a acercar la banda de totalidad al entorno espa\u00f1ol, y ser\u00e1 en \u00c1frica donde se alcancen los tiempos m\u00e1s largos.<\/p>\n\n\n\n<p>En cambio, el eclipse del 22 de julio de 2028 ser\u00e1 total en Australia, con algo m\u00e1s de tres minutos en S\u00eddney y duraciones variables seg\u00fan la localidad. Es un gran evento astron\u00f3mico y tur\u00edstico, pero no \u201cel m\u00e1s largo del siglo\u201d.<\/p>\n\n\n\n<h2 class=\"wp-block-heading\">Por qu\u00e9 2027 se vende como \u201cel eclipse del siglo\u201d<\/h2>\n\n\n\n<p>Aun as\u00ed, conviene matizar el eslogan. En el siglo XXI ya hubo un eclipse total m\u00e1s largo en duraci\u00f3n m\u00e1xima (el de 2009, con m\u00e1s de seis minutos y medio), pero su tramo m\u00e1s extenso cay\u00f3 sobre zonas remotas y oc\u00e9ano, con acceso muy limitado. Por eso, 2027 se presenta a menudo como <a href=\"https:\/\/www.ecoticias.com\/hoyeco\/eclipse-solar-evento\/30578\/\">el eclipse m\u00e1s largo<\/a> \u201cf\u00e1cilmente observable\u201d desde tierra y con grandes ciudades relativamente pr\u00f3ximas a la franja.<\/p>\n\n\n\n<h2 class=\"wp-block-heading\">Seguridad y log\u00edstica, lo que no cambia<\/h2>\n\n\n\n<p>Lo que s\u00ed es constante es la regla de oro. Nunca se debe mirar al Sol sin protecci\u00f3n adecuada durante las fases parciales. Las gafas homologadas y los filtros solares para instrumentos son imprescindibles, y solo durante la totalidad (si se est\u00e1 dentro de la banda) puede retirarse la protecci\u00f3n unos instantes.<\/p>\n\n\n\n<p>Para los territorios que queden en la ruta, la experiencia de eclipses anteriores sugiere un impacto inmediato en carreteras, alojamientos y servicios. El \u201cturismo astron\u00f3mico\u201d no es un concepto abstracto. Cuando el margen entre ver la totalidad o quedarse en un simple mordisco solar es de pocos kil\u00f3metros, la planificaci\u00f3n (meteorolog\u00eda incluida) decide el recuerdo<\/p>\n","protected":false},"excerpt":{"rendered":"<p>El eclipse total m\u00e1s largo del siglo ser\u00e1 el 2 de agosto de 2027, no en 2028. La totalidad alcanzar\u00e1 &#8230; <\/p>\n<p class=\"read-more-container\"><a title=\"El d\u00eda se convertir\u00e1 en noche cuando los astr\u00f3nomos confirmen oficialmente la fecha del eclipse solar m\u00e1s largo del siglo, un evento raro que se espera que cree un espect\u00e1culo extraordinario en varias regiones para todo el mundo\" class=\"read-more button\" href=\"https:\/\/www.ecoticias.com\/hoyeco\/el-dia-se-convertira-en-noche-cuando-los-astronomos-confirmen-oficialmente-la-fecha-del-eclipse-solar-mas-largo-del-siglo-un-evento-raro-que-se-espera-que-cree-un-espectaculo-extraordinario-en-varias\/32433\/#more-32433\" aria-label=\"Leer m\u00e1s sobre El d\u00eda se convertir\u00e1 en noche cuando los astr\u00f3nomos confirmen oficialmente la fecha del eclipse solar m\u00e1s largo del siglo, un evento raro que se espera que cree un espect\u00e1culo extraordinario en varias regiones para todo el mundo\">Read more<\/a><\/p>\n","protected":false},"author":18,"featured_media":32435,"comment_status":"open","ping_status":"","sticky":false,"template":"","format":"standard","meta":{"footnotes":""},"categories":[68],"tags":[],"class_list":["post-32433","post","type-post","status-publish","format-standard","has-post-thumbnail","hentry","category-ciencia","resize-featured-image"],"_links":{"self":[{"href":"https:\/\/www.ecoticias.com\/hoyeco\/wp-json\/wp\/v2\/posts\/32433","targetHints":{"allow":["GET"]}}],"collection":[{"href":"https:\/\/www.ecoticias.com\/hoyeco\/wp-json\/wp\/v2\/posts"}],"about":[{"href":"https:\/\/www.ecoticias.com\/hoyeco\/wp-json\/wp\/v2\/types\/post"}],"author":[{"embeddable":true,"href":"https:\/\/www.ecoticias.com\/hoyeco\/wp-json\/wp\/v2\/users\/18"}],"replies":[{"embeddable":true,"href":"https:\/\/www.ecoticias.com\/hoyeco\/wp-json\/wp\/v2\/comments?post=32433"}],"version-history":[{"count":2,"href":"https:\/\/www.ecoticias.com\/hoyeco\/wp-json\/wp\/v2\/posts\/32433\/revisions"}],"predecessor-version":[{"id":32445,"href":"https:\/\/www.ecoticias.com\/hoyeco\/wp-json\/wp\/v2\/posts\/32433\/revisions\/32445"}],"wp:featuredmedia":[{"embeddable":true,"href":"https:\/\/www.ecoticias.com\/hoyeco\/wp-json\/wp\/v2\/media\/32435"}],"wp:attachment":[{"href":"https:\/\/www.ecoticias.com\/hoyeco\/wp-json\/wp\/v2\/media?parent=32433"}],"wp:term":[{"taxonomy":"category","embeddable":true,"href":"https:\/\/www.ecoticias.com\/hoyeco\/wp-json\/wp\/v2\/categories?post=32433"},{"taxonomy":"post_tag","embeddable":true,"href":"https:\/\/www.ecoticias.com\/hoyeco\/wp-json\/wp\/v2\/tags?post=32433"}],"curies":[{"name":"wp","href":"https:\/\/api.w.org\/{rel}","templated":true}]}}