{"id":3250,"date":"2024-02-22T15:30:25","date_gmt":"2024-02-22T14:30:25","guid":{"rendered":"https:\/\/ecoticias.com\/hoyeco\/?p=3250"},"modified":"2024-02-22T15:30:25","modified_gmt":"2024-02-22T14:30:25","slug":"adios-al-aire-acondicionado-en-verano","status":"publish","type":"post","link":"https:\/\/www.ecoticias.com\/hoyeco\/adios-al-aire-acondicionado-en-verano\/3250\/","title":{"rendered":"Adi\u00f3s al aire acondicionado, incluso en verano: hasta 7 \u00baC menos en casa con este peque\u00f1o cambio en tu techo"},"content":{"rendered":"<p>El <a href=\"https:\/\/ecoticias.com\/hoyeco\/fuision-aerotermia-malaga-daikin\/3104\/\" target=\"_blank\" rel=\"noopener\">aire acondicionado<\/a> es imprescindible en muchos lugares de nuestro pa\u00eds cuando llega el verano, por ejemplo en Canarias o Andaluc\u00eda, y en caso de no tenerlo ser\u00e1 importante recurrir a opciones que permitan refrescar el hogar siempre que sea necesario. Te mostramos una soluci\u00f3n con la que podr\u00e1s <strong>decir adi\u00f3s al aire acondicionado<\/strong> a tu hogar incluso en verano, ya que conseguir\u00e1s hasta 7 \u00baC menos con tan s\u00f3lo un peque\u00f1o cambio que hagas en tu techo&#8230; \u00a1prep\u00e1rate para el verano!.<\/p>\n<h2>El calor en casa, una pesadilla<\/h2>\n<p>Uno de los problemas m\u00e1s habituales cuando llega el verano y suben las temperaturas es el hecho de que se puede llegar a pasar mucho calor, sobre todo si no tienes un equipo de aire acondicionado que realmente rebaje la temperatura y puedas disfrutar de un<strong> ambiente fresco en cualquier rinc\u00f3n de tu hogar<\/strong>.<\/p>\n<p><strong>Pasar calor en casa<\/strong> es realmente una pesadilla, ya que en muchas ocasiones por mucho que abras ventanas o no te tapes al dormir ser\u00e1 imposible conciliar el sue\u00f1o, o simplemente tumbarte a gusto a ver algo en la tele. Por suerte, hay muchas opciones en diferentes rangos de precios para que cada persona elija la que m\u00e1s encaja con sus necesidades y posibilidades, siendo el aire acondicionado una de las m\u00e1s utilizadas.<\/p>\n<h2>Techos fr\u00edos para combatir el calor sin aire acondicionado<\/h2>\n<p>El problema que suele haber en los techos de los edificios, principalmente en las ciudades, es que atrapan demasiado calor, y eso convertir\u00e1 tu casa en una estufa especialmente durante el verano. Para combatir esta situaci\u00f3n, adem\u00e1s del aire acondicionado, puedes sumarte a una tendencia que est\u00e1 empezando a tener much\u00edsimo \u00e9xito ya que es muy eficaz y barata, sobre todo en comparaci\u00f3n con lo que te puede costar la compra, mantenimiento y consumo de un equipo de aire acondicionado.<\/p>\n<p>Se trata de los<strong> techos fr\u00edos<\/strong>, una tecnolog\u00eda que est\u00e1 disponible desde hace varios a\u00f1os pero que est\u00e1 viviendo un gran aumento en los \u00faltimos tiempos, ya que adem\u00e1s de mejorar la temperatura del ambiente en tu hogar puede ser una gran arma para combatir el cambio clim\u00e1tico. Es un sistema que ofrece una mayor reflectancia solar, adem\u00e1s de una emitancia t\u00e9rmica m\u00e1s alta que los techos convencionales, mejorando as\u00ed su temperatura para no acumular el calor como s\u00ed hacen los otros.<\/p>\n<p>Entre las principales<strong> ventajas de los techos fr\u00edos<\/strong>, seg\u00fan estudios realizados, est\u00e1 el hecho que de puedan llegar a reducir la temperatura interior del edificio entre 2-7 \u00baC, lo que sin duda ser\u00e1 una gran diferencia con respecto a las viviendas que no tengan este tipo de techos. Adem\u00e1s de reducir la temperatura, tambi\u00e9n reducen el gasto energ\u00e9tico, el cual aumenta con el uso del aire acondicionado y otros sistemas de ventilaci\u00f3n.<\/p>\n<p>Resulta muy interesante tambi\u00e9n descubrir que apostar por los techos fr\u00edos tiene otras ventajas, como que <strong>mejoran la calidad del aire<\/strong>, contribuyen a la desaceleraci\u00f3n del cambio clim\u00e1tico y reducen costes. Actualmente hay ya muchas empresas que comercializan los materiales necesarios para crear techos fr\u00edos en colores oscuros y que reflejar\u00e1n hasta el 25% de la energ\u00eda solar, el doble de lo que hacen las tejas convencionales.<\/p>\n<p>Los expertos han destacado en los \u00faltimos a\u00f1os lo necesario que resulta que las administraciones p\u00fablicas presionen y obliguen a las constructoras a implantar los techos fr\u00edos por defecto en todas las ciudades espa\u00f1olas, sobre todo en aquellas que est\u00e1n m\u00e1s expuestas al calor extremo, como en Canarias, Baleares, Andaluc\u00eda o la Comunidad Valenciana, tradicionalmente las zonas que alcanzan las temperaturas m\u00e1s altas en verano.<\/p>\n<p>Si no quieres dejarte el sueldo en pagar el <a href=\"https:\/\/ecoticias.com\/hoyeco\/aire-acondicionado-nuevo-aislante\/2529\/\" target=\"_blank\" rel=\"noopener\">aire acondicionado<\/a> durante los meses de verano, el techo fr\u00edo es una opci\u00f3n muy interesante.<\/p>\n","protected":false},"excerpt":{"rendered":"<p>El aire acondicionado es imprescindible en muchos lugares de nuestro pa\u00eds cuando llega el verano, por ejemplo en Canarias o &#8230; <\/p>\n<p class=\"read-more-container\"><a title=\"Adi\u00f3s al aire acondicionado, incluso en verano: hasta 7 \u00baC menos en casa con este peque\u00f1o cambio en tu techo\" class=\"read-more button\" href=\"https:\/\/www.ecoticias.com\/hoyeco\/adios-al-aire-acondicionado-en-verano\/3250\/#more-3250\" aria-label=\"Leer m\u00e1s sobre Adi\u00f3s al aire acondicionado, incluso en verano: hasta 7 \u00baC menos en casa con este peque\u00f1o cambio en tu techo\">Read more<\/a><\/p>\n","protected":false},"author":5,"featured_media":3295,"comment_status":"closed","ping_status":"closed","sticky":false,"template":"","format":"standard","meta":{"footnotes":""},"categories":[3],"tags":[],"class_list":["post-3250","post","type-post","status-publish","format-standard","has-post-thumbnail","hentry","category-construccion","resize-featured-image"],"_links":{"self":[{"href":"https:\/\/www.ecoticias.com\/hoyeco\/wp-json\/wp\/v2\/posts\/3250","targetHints":{"allow":["GET"]}}],"collection":[{"href":"https:\/\/www.ecoticias.com\/hoyeco\/wp-json\/wp\/v2\/posts"}],"about":[{"href":"https:\/\/www.ecoticias.com\/hoyeco\/wp-json\/wp\/v2\/types\/post"}],"author":[{"embeddable":true,"href":"https:\/\/www.ecoticias.com\/hoyeco\/wp-json\/wp\/v2\/users\/5"}],"replies":[{"embeddable":true,"href":"https:\/\/www.ecoticias.com\/hoyeco\/wp-json\/wp\/v2\/comments?post=3250"}],"version-history":[{"count":0,"href":"https:\/\/www.ecoticias.com\/hoyeco\/wp-json\/wp\/v2\/posts\/3250\/revisions"}],"wp:featuredmedia":[{"embeddable":true,"href":"https:\/\/www.ecoticias.com\/hoyeco\/wp-json\/wp\/v2\/media\/3295"}],"wp:attachment":[{"href":"https:\/\/www.ecoticias.com\/hoyeco\/wp-json\/wp\/v2\/media?parent=3250"}],"wp:term":[{"taxonomy":"category","embeddable":true,"href":"https:\/\/www.ecoticias.com\/hoyeco\/wp-json\/wp\/v2\/categories?post=3250"},{"taxonomy":"post_tag","embeddable":true,"href":"https:\/\/www.ecoticias.com\/hoyeco\/wp-json\/wp\/v2\/tags?post=3250"}],"curies":[{"name":"wp","href":"https:\/\/api.w.org\/{rel}","templated":true}]}}