{"id":32553,"date":"2026-01-18T14:34:00","date_gmt":"2026-01-18T13:34:00","guid":{"rendered":"https:\/\/www.ecoticias.com\/hoyeco\/?p=32553"},"modified":"2026-01-18T12:54:18","modified_gmt":"2026-01-18T11:54:18","slug":"el-clima-tambien-empujo-la-extincion-el-modelo-senala-el-papel-de-los-eventos-heinrich-y-una-ruta-del-duero-hacia-portugal-en-la-expansion-sapiens","status":"publish","type":"post","link":"https:\/\/www.ecoticias.com\/hoyeco\/el-clima-tambien-empujo-la-extincion-el-modelo-senala-el-papel-de-los-eventos-heinrich-y-una-ruta-del-duero-hacia-portugal-en-la-expansion-sapiens\/32553\/","title":{"rendered":"El clima tambi\u00e9n empuj\u00f3 la extinci\u00f3n: el modelo se\u00f1ala el papel de los eventos Heinrich y una \u201cruta del Duero\u201d hacia Portugal en la expansi\u00f3n sapiens"},"content":{"rendered":"\n<p>Un equipo de la <strong>Universidad de<\/strong> Colonia ha reconstruido con simulaciones el avance de los humanos modernos y el repliegue neandertal entre hace 50.000 y 38.000 a\u00f1os y sit\u00faa el contacto m\u00e1s probable en la cornisa cant\u00e1brica y su extremo occidental<\/p>\n\n\n\n<p>La pregunta lleva d\u00e9cadas sobre la mesa, pero casi siempre con la misma coletilla de prudencia. Si <strong>neandertales<\/strong> y Homo sapiens llegaron a solaparse en la Pen\u00ednsula Ib\u00e9rica, d\u00f3nde ocurri\u00f3 y durante cu\u00e1nto tiempo. Un trabajo reciente propone una respuesta tentativa y, sobre todo, un mapa de prioridades para buscar evidencias en el terreno. La hip\u00f3tesis coloca el foco en el norte peninsular, con mayor probabilidad en el noroeste, como escenario de un contacto breve y excepcional.<\/p>\n\n\n\n<p>La reconstrucci\u00f3n procede de un estudio publicado en <a href=\"https:\/\/journals.plos.org\/plosone\/article\" target=\"_blank\" rel=\"noopener\"><em>PLOS<\/em> One<\/a>, que emplea un <a href=\"https:\/\/pubmed.ncbi.nlm.nih.gov\/41417840\/\" target=\"_blank\" rel=\"noopener\">modelo<\/a> num\u00e9rico para simular crecimiento, movilidad y colapso de poblaciones humanas en el tr\u00e1nsito del <a href=\"https:\/\/www.britannica.com\/event\/Paleolithic-Period\" target=\"_blank\" rel=\"noopener\">Paleol\u00edtico<\/a> Medio al Superior. La investigaci\u00f3n, seg\u00fan explic\u00f3 la propia <strong>Universidad<\/strong>, se enmarca en un proyecto interdisciplinar que cruza climatolog\u00eda, arqueolog\u00eda y matem\u00e1ticas.<\/p>\n\n\n\n<h2 class=\"wp-block-heading\">Neandertales y Homo sapiens en el noroeste peninsular<\/h2>\n\n\n\n<p>El patr\u00f3n que emerge de la mayor\u00eda de las simulaciones es sobrio y poco cinematogr\u00e1fico. Los neandertales tienden a replegarse hacia refugios costeros mientras los humanos modernos progresan desde el sur de Francia hacia el norte de la Pen\u00ednsula. El solapamiento existe, pero es raro y localizado.<\/p>\n\n\n\n<p>La cifra resume la cautela que los autores reclaman. Solo alrededor del uno por ciento de las simulaciones genera escenarios con mezcla entre ambos grupos. Cuando aparece, la franja con m\u00e1s opciones se concentra en la cornisa cant\u00e1brica y su prolongaci\u00f3n occidental. Dicho de otro modo, el \u201cprimer cruce\u201d ser\u00eda m\u00e1s bien un roce estad\u00edstico que una convivencia sostenida.<\/p>\n\n\n\n<h2 class=\"wp-block-heading\">La ruta cant\u00e1brica y el corredor del Duero<\/h2>\n\n\n\n<p>El trabajo describe dos ejes de expansi\u00f3n. Uno discurre por la costa atl\u00e1ntica y cant\u00e1brica, que permite una llegada relativamente temprana de humanos modernos al norte. El otro apunta a un corredor interior vinculado al valle del Duero, que conecta Cantabria con el occidente peninsular y Portugal.<\/p>\n\n\n\n<p>El modelo sugiere que la ocupaci\u00f3n del oeste pudo ser m\u00e1s r\u00e1pida de lo que asum\u00edan algunas cronolog\u00edas y que los puntos de contacto estar\u00edan condicionados por rutas de movilidad m\u00e1s que por fronteras \u201cnaturales\u201d fijas.<\/p>\n\n\n\n<h2 class=\"wp-block-heading\">El clima como presi\u00f3n de fondo en la extinci\u00f3n neandertal<\/h2>\n\n\n\n<p>El estudio subraya que la desaparici\u00f3n neandertal no se reduce a la llegada de los sapiens. La simulaci\u00f3n incorpora oscilaciones clim\u00e1ticas que habr\u00edan comprimido recursos y fragmentado poblaciones, un efecto que se vuelve cr\u00edtico cuando el tama\u00f1o de los grupos cae por debajo de ciertos umbrales.<\/p>\n\n\n\n<p>En ese marco, la competencia con humanos modernos act\u00faa como una presi\u00f3n a\u00f1adida, no como explicaci\u00f3n \u00fanica. La lectura es coherente con una idea cada vez m\u00e1s extendida en paleoantropolog\u00eda, que asocia los colapsos demogr\u00e1ficos a la combinaci\u00f3n de estr\u00e9s ambiental, aislamiento y menor conectividad social.<\/p>\n\n\n\n<h2 class=\"wp-block-heading\">Qu\u00e9 falta para pasar de la hip\u00f3tesis a la evidencia<\/h2>\n\n\n\n<p>Los autores insisten en el l\u00edmite principal de su propuesta. El modelo orienta, pero no prueba. Para que el noroeste peninsular deje de ser una regi\u00f3n \u201cprobable\u201d y se convierta en un lugar documentado, har\u00e1n falta <a href=\"https:\/\/www.ecoticias.com\/hoyeco\/descubrimiento-europa-rostro-humano\/18573\/\">excavaciones<\/a>, dataciones y hallazgos comparables.<\/p>\n\n\n\n<p>En paralelo, parte del inter\u00e9s p\u00fablico por estos cruces se alimenta de piezas divulgativas recientes sobre el registro prehist\u00f3rico, desde debates sobre alimentaci\u00f3n hasta el seguimiento de cuevas o el eco medi\u00e1tico de descubrimientos de <a href=\"https:\/\/www.ecoticias.com\/hoyeco\/craneo-origen-especie\/29866\/\">or\u00edgenes<\/a> y antig\u00fcedades que reabren preguntas sobre nuestra historia. Ese ruido de fondo no sustituye a la prueba arqueol\u00f3gica, pero recuerda por qu\u00e9 importa afinar el <a href=\"https:\/\/www.ecoticias.com\/hoyeco\/6000-anos-cueva-genovesa-mallorca\/18010\/\">pasado<\/a> humano.<\/p>\n\n\n\n<p>Si el encuentro ocurri\u00f3, la propuesta no lo imagina como un cap\u00edtulo largo, sino como un episodio corto y desigual, en el que un grupo llega mientras el otro ya se contrae. Y si no ocurri\u00f3, el mismo modelo ofrece una explicaci\u00f3n plausible. En la mayor\u00eda de los escenarios, el tiempo simplemente no alcanz\u00f3.<\/p>\n\n\n\n<p>El estudio ha sido publicado en el <a href=\"https:\/\/journals.plos.org\/plosone\/article\" target=\"_blank\" rel=\"noopener\">DOI<\/a> de <em>PLOS One<\/em>.<\/p>\n\n\n\n<p><\/p>\n","protected":false},"excerpt":{"rendered":"<p>Un equipo de la Universidad de Colonia ha reconstruido con simulaciones el avance de los humanos modernos y el repliegue &#8230; <\/p>\n<p class=\"read-more-container\"><a title=\"El clima tambi\u00e9n empuj\u00f3 la extinci\u00f3n: el modelo se\u00f1ala el papel de los eventos Heinrich y una \u201cruta del Duero\u201d hacia Portugal en la expansi\u00f3n sapiens\" class=\"read-more button\" href=\"https:\/\/www.ecoticias.com\/hoyeco\/el-clima-tambien-empujo-la-extincion-el-modelo-senala-el-papel-de-los-eventos-heinrich-y-una-ruta-del-duero-hacia-portugal-en-la-expansion-sapiens\/32553\/#more-32553\" aria-label=\"Leer m\u00e1s sobre El clima tambi\u00e9n empuj\u00f3 la extinci\u00f3n: el modelo se\u00f1ala el papel de los eventos Heinrich y una \u201cruta del Duero\u201d hacia Portugal en la expansi\u00f3n sapiens\">Read more<\/a><\/p>\n","protected":false},"author":18,"featured_media":32554,"comment_status":"open","ping_status":"","sticky":false,"template":"","format":"standard","meta":{"footnotes":""},"categories":[68],"tags":[],"class_list":["post-32553","post","type-post","status-publish","format-standard","has-post-thumbnail","hentry","category-ciencia","resize-featured-image"],"_links":{"self":[{"href":"https:\/\/www.ecoticias.com\/hoyeco\/wp-json\/wp\/v2\/posts\/32553","targetHints":{"allow":["GET"]}}],"collection":[{"href":"https:\/\/www.ecoticias.com\/hoyeco\/wp-json\/wp\/v2\/posts"}],"about":[{"href":"https:\/\/www.ecoticias.com\/hoyeco\/wp-json\/wp\/v2\/types\/post"}],"author":[{"embeddable":true,"href":"https:\/\/www.ecoticias.com\/hoyeco\/wp-json\/wp\/v2\/users\/18"}],"replies":[{"embeddable":true,"href":"https:\/\/www.ecoticias.com\/hoyeco\/wp-json\/wp\/v2\/comments?post=32553"}],"version-history":[{"count":2,"href":"https:\/\/www.ecoticias.com\/hoyeco\/wp-json\/wp\/v2\/posts\/32553\/revisions"}],"predecessor-version":[{"id":32618,"href":"https:\/\/www.ecoticias.com\/hoyeco\/wp-json\/wp\/v2\/posts\/32553\/revisions\/32618"}],"wp:featuredmedia":[{"embeddable":true,"href":"https:\/\/www.ecoticias.com\/hoyeco\/wp-json\/wp\/v2\/media\/32554"}],"wp:attachment":[{"href":"https:\/\/www.ecoticias.com\/hoyeco\/wp-json\/wp\/v2\/media?parent=32553"}],"wp:term":[{"taxonomy":"category","embeddable":true,"href":"https:\/\/www.ecoticias.com\/hoyeco\/wp-json\/wp\/v2\/categories?post=32553"},{"taxonomy":"post_tag","embeddable":true,"href":"https:\/\/www.ecoticias.com\/hoyeco\/wp-json\/wp\/v2\/tags?post=32553"}],"curies":[{"name":"wp","href":"https:\/\/api.w.org\/{rel}","templated":true}]}}