{"id":32662,"date":"2026-01-21T18:44:00","date_gmt":"2026-01-21T17:44:00","guid":{"rendered":"https:\/\/www.ecoticias.com\/hoyeco\/?p=32662"},"modified":"2026-01-20T14:50:46","modified_gmt":"2026-01-20T13:50:46","slug":"los-cientificos-no-salen-de-su-asombro-la-verdad-sobre-3i-atlas-se-revelara-en-unos-dias","status":"publish","type":"post","link":"https:\/\/www.ecoticias.com\/hoyeco\/los-cientificos-no-salen-de-su-asombro-la-verdad-sobre-3i-atlas-se-revelara-en-unos-dias\/32662\/","title":{"rendered":"Los cient\u00edficos no salen de su asombro: la verdad sobre 3I\/ATLAS se revelar\u00e1 en unos d\u00edas"},"content":{"rendered":"\n<p><em><strong>Cuenta atr\u00e1s para 3I\/ATLAS: una alineaci\u00f3n rara que puede despejar el ruido y dejar solo ciencia<\/strong><\/em><\/p>\n\n\n\n<p>En los pr\u00f3ximos d\u00edas, muchos telescopios van a mirar al mismo punto del cielo por una raz\u00f3n muy concreta. El cometa interestelar <a href=\"https:\/\/science.nasa.gov\/solar-system\/comets\/3i-atlas\/\" target=\"_blank\" rel=\"noopener\">3I\/ATLAS<\/a>, confirmado como el <strong>tercer objeto procedente de fuera del Sistema Solar<\/strong> que observamos en \u00e9poca moderna, se colocar\u00e1 el <strong>22 de enero de 2026<\/strong> en una geometr\u00eda casi perfecta con la Tierra y el Sol. Esa alineaci\u00f3n (casi \u201cde frente\u201d) permite medir con m\u00e1s precisi\u00f3n c\u00f3mo refleja la luz su polvo y su superficie. Y eso ayuda a responder la pregunta importante, la de verdad, sin fuegos artificiales: <strong>qu\u00e9 es y de qu\u00e9 est\u00e1 hecho<\/strong>.<\/p>\n\n\n\n<p>En internet ha circulado la idea de si podr\u00eda ser algo artificial. Pero el punto pr\u00e1ctico es otro. La oportunidad cient\u00edfica est\u00e1 en aprovechar un efecto bien conocido en astronom\u00eda (el \u201caumento de brillo\u201d cerca de la oposici\u00f3n) para comparar a 3I\/ATLAS con otros cometas y con los dos visitantes interestelares anteriores.<\/p>\n\n\n\n<h2 class=\"wp-block-heading\">Qu\u00e9 pasar\u00e1 exactamente el 22 de enero<\/h2>\n\n\n\n<p>Seg\u00fan el an\u00e1lisis publicado por el propio Avi Loeb y colaboradores, <strong>3I\/ATLAS alcanzar\u00e1 una alineaci\u00f3n de casi oposici\u00f3n el 22 de enero de 2026 a las 13:00 UTC<\/strong>, con un \u00e1ngulo de fase extremadamente peque\u00f1o. Traducido a lenguaje de calle, veremos el objeto con el Sol \u201ca nuestra espalda\u201d, lo que reduce sombras en el polvo y puede disparar el brillo aparente.<\/p>\n\n\n\n<p>Adem\u00e1s, no ser\u00e1 un momento de pocos minutos. El trabajo explica que <strong>mantendr\u00e1 un \u00e1ngulo muy bajo durante aproximadamente una semana<\/strong>, entre el <strong>19 y el 26 de enero<\/strong>. Eso da margen a observatorios de distintos husos horarios para repetir medidas y comparar resultados.<\/p>\n\n\n\n<h2 class=\"wp-block-heading\">Por qu\u00e9 esta alineaci\u00f3n es tan \u00fatil<\/h2>\n\n\n\n<p>El \u201ctruco\u201d no es magia, es f\u00edsica. En estas geometr\u00edas, los astr\u00f3nomos pueden estudiar mejor el llamado <strong>opposition surge<\/strong> (el aumento de brillo en oposici\u00f3n) y tambi\u00e9n propiedades <strong>polarim\u00e9tricas<\/strong> de la luz reflejada. Dicho de otra forma, la luz nos cuenta pistas sobre el <strong>tama\u00f1o y la textura del polvo<\/strong>, y sobre c\u00f3mo se comporta el material cuando se calienta y libera gas.<\/p>\n\n\n\n<p>Aqu\u00ed encaja el contexto m\u00e1s s\u00f3lido que ya existe. <a href=\"https:\/\/science.nasa.gov\/solar-system\/comets\/3i-atlas\/3i-atlas-facts-and-faqs\/\" target=\"_blank\" rel=\"noopener\">NASA<\/a> describe a 3I\/ATLAS como un <strong>cometa interestelar<\/strong> observado por ATLAS y reportado al <a href=\"https:\/\/minorplanetcenter.net\/mpec\/K25\/K25N12.html\" target=\"_blank\" rel=\"noopener\">Minor<\/a> Planet Center, con actividad cometaria (coma y polvo) y una trayectoria hiperb\u00f3lica que confirma su origen externo. No es una amenaza para la Tierra.<br>Y medios con cobertura cient\u00edfica est\u00e1ndar, como Reuters, han recogido desde el inicio que los astr\u00f3nomos esperaban precisamente eso, seguir observando para acotar tama\u00f1o, composici\u00f3n y comportamiento.<\/p>\n\n\n\n<h2 class=\"wp-block-heading\">\u00bfSe puede ver desde casa?<\/h2>\n\n\n\n<p>Aqu\u00ed conviene bajar expectativas. A d\u00eda de hoy, <strong>no es un objeto de \u201cmirar a simple vista\u201d<\/strong>. En general, para seguirlo hacen falta telescopios y c\u00e1maras, y por eso han tenido tanta repercusi\u00f3n las observaciones retransmitidas.<\/p>\n\n\n\n<p>Por ejemplo, el <a href=\"https:\/\/www.space.com\/astronomy\/comets\/say-goodbye-to-comet-3i-atlas-watch-it-head-for-interstellar-space-in-real-time-with-this-free-jan-16-livestream\" target=\"_blank\" rel=\"noopener\">Virtual<\/a> Telescope Project ha organizado emisiones en directo recientes y su fundador, Gianluca Masi, lo resum\u00eda as\u00ed en Space.com: \u201c<strong>This is a very precious opportunity to personally see, in real-time, the interstellar comet 3I\/ATLAS<\/strong>\u201d.<br>Si te interesa, la idea es esa: buscar retransmisiones de observatorios que apunten al cometa durante estos d\u00edas, como las que solemos recopilar cuando hablamos de <a href=\"https:\/\/www.ecoticias.com\/hoyeco\/fenomenos-octubre-espana\/29457\/\">fen\u00f3menos<\/a> astron\u00f3micos.<\/p>\n\n\n\n<h2 class=\"wp-block-heading\">El \u00e1ngulo \u201ceco\u201d que no se ve a simple vista<\/h2>\n\n\n\n<p>Hay otra lectura que suele pasar desapercibida. Para observar bien eventos as\u00ed, <strong>necesitamos cielos oscuros<\/strong>. Y ah\u00ed entra un problema ambiental real, de los que se notan en la vida cotidiana cuando una farola te entra por la ventana: la <strong>contaminaci\u00f3n<\/strong><a href=\"https:\/\/www.eea.europa.eu\/en\/analysis\/publications\/zero-pollution\/ecosystems\/signals\/biodiversity-signals\" target=\"_blank\" rel=\"noopener\"> <\/a><a href=\"https:\/\/www.eea.europa.eu\/en\/analysis\/publications\/zero-pollution\/ecosystems\/signals\/biodiversity-signals\" target=\"_blank\" rel=\"noopener\">lum\u00ednica<\/a>.<\/p>\n\n\n\n<p>No es solo una molestia para la astronom\u00eda. Diversas organizaciones y centros de investigaci\u00f3n explican que la luz artificial nocturna <strong>altera ciclos de animales e insectos<\/strong>, afecta a la biodiversidad y tambi\u00e9n implica, a menudo, <strong>gasto energ\u00e9tico evitable<\/strong> (m\u00e1s emisiones asociadas si esa energ\u00eda no es limpia).<\/p>\n\n\n\n<p>En Canarias, por ejemplo, el <a href=\"https:\/\/www.iac.es\/es\/divulgacion\/noticias\/3iatlas-el-iac-sigue-de-cerca-el-tercer-objeto-interestelar-detectado-en-el-sistema-solar\" target=\"_blank\" rel=\"noopener\">Instituto<\/a> de Astrof\u00edsica de Canarias lleva a\u00f1os trabajando en monitorizaci\u00f3n y medidas relacionadas con calidad del cielo, y fue uno de los organismos que sigui\u00f3 de cerca la detecci\u00f3n inicial de 3I\/ATLAS; algo que tambi\u00e9n conecta con c\u00f3mo est\u00e1 cambiando el alumbrado y la tecnolog\u00eda <a href=\"https:\/\/www.ecoticias.com\/hoyeco\/planeta-cambia-apariencia-luces-led\/29918\/\">LED<\/a>.<\/p>\n\n\n\n<p>Al final, cuidar la noche es cuidar dos cosas a la vez: la ciencia y los ecosistemas. Y eso, cuando se hace bien, tambi\u00e9n se nota en la<a href=\"https:\/\/www.ecoticias.com\/hoyeco\/costo-luz-europa-precios\/29378\/\"> luz<\/a> de casa.<\/p>\n\n\n\n<p>El estudio cient\u00edfico que detalla esta alineaci\u00f3n y sus oportunidades de observaci\u00f3n ha sido publicado en la revista IOPscience en el trabajo \u201c<a href=\"https:\/\/arxiv.org\/html\/2601.08624v1\" target=\"_blank\" rel=\"noopener\">Rare Near-Opposition Alignment of 3I\/ATLAS on 22 January, 2026<\/a>\u201d.<\/p>\n","protected":false},"excerpt":{"rendered":"<p>Cuenta atr\u00e1s para 3I\/ATLAS: una alineaci\u00f3n rara que puede despejar el ruido y dejar solo ciencia En los pr\u00f3ximos d\u00edas, &#8230; <\/p>\n<p class=\"read-more-container\"><a title=\"Los cient\u00edficos no salen de su asombro: la verdad sobre 3I\/ATLAS se revelar\u00e1 en unos d\u00edas\" class=\"read-more button\" href=\"https:\/\/www.ecoticias.com\/hoyeco\/los-cientificos-no-salen-de-su-asombro-la-verdad-sobre-3i-atlas-se-revelara-en-unos-dias\/32662\/#more-32662\" aria-label=\"Leer m\u00e1s sobre Los cient\u00edficos no salen de su asombro: la verdad sobre 3I\/ATLAS se revelar\u00e1 en unos d\u00edas\">Read more<\/a><\/p>\n","protected":false},"author":18,"featured_media":32664,"comment_status":"open","ping_status":"","sticky":false,"template":"","format":"standard","meta":{"footnotes":""},"categories":[68],"tags":[],"class_list":["post-32662","post","type-post","status-publish","format-standard","has-post-thumbnail","hentry","category-ciencia","resize-featured-image"],"_links":{"self":[{"href":"https:\/\/www.ecoticias.com\/hoyeco\/wp-json\/wp\/v2\/posts\/32662","targetHints":{"allow":["GET"]}}],"collection":[{"href":"https:\/\/www.ecoticias.com\/hoyeco\/wp-json\/wp\/v2\/posts"}],"about":[{"href":"https:\/\/www.ecoticias.com\/hoyeco\/wp-json\/wp\/v2\/types\/post"}],"author":[{"embeddable":true,"href":"https:\/\/www.ecoticias.com\/hoyeco\/wp-json\/wp\/v2\/users\/18"}],"replies":[{"embeddable":true,"href":"https:\/\/www.ecoticias.com\/hoyeco\/wp-json\/wp\/v2\/comments?post=32662"}],"version-history":[{"count":5,"href":"https:\/\/www.ecoticias.com\/hoyeco\/wp-json\/wp\/v2\/posts\/32662\/revisions"}],"predecessor-version":[{"id":32723,"href":"https:\/\/www.ecoticias.com\/hoyeco\/wp-json\/wp\/v2\/posts\/32662\/revisions\/32723"}],"wp:featuredmedia":[{"embeddable":true,"href":"https:\/\/www.ecoticias.com\/hoyeco\/wp-json\/wp\/v2\/media\/32664"}],"wp:attachment":[{"href":"https:\/\/www.ecoticias.com\/hoyeco\/wp-json\/wp\/v2\/media?parent=32662"}],"wp:term":[{"taxonomy":"category","embeddable":true,"href":"https:\/\/www.ecoticias.com\/hoyeco\/wp-json\/wp\/v2\/categories?post=32662"},{"taxonomy":"post_tag","embeddable":true,"href":"https:\/\/www.ecoticias.com\/hoyeco\/wp-json\/wp\/v2\/tags?post=32662"}],"curies":[{"name":"wp","href":"https:\/\/api.w.org\/{rel}","templated":true}]}}