{"id":32675,"date":"2026-01-25T09:26:00","date_gmt":"2026-01-25T08:26:00","guid":{"rendered":"https:\/\/www.ecoticias.com\/hoyeco\/?p=32675"},"modified":"2026-01-22T07:16:12","modified_gmt":"2026-01-22T06:16:12","slug":"tu-cerebro-podria-estar-lleno-de-microplasticosy-ni-siquiera-lo-sabes","status":"publish","type":"post","link":"https:\/\/www.ecoticias.com\/hoyeco\/tu-cerebro-podria-estar-lleno-de-microplasticosy-ni-siquiera-lo-sabes\/32675\/","title":{"rendered":"Tu cerebro podr\u00eda estar lleno de micropl\u00e1sticos\u2026y ni siquiera lo sabes"},"content":{"rendered":"\n<p>\u00bfAlguna vez has pensado que la misma bolsa del s\u00faper o la botella de agua que usas a diario podr\u00eda acabar, a\u00f1os despu\u00e9s, en tu propio cerebro? Suena exagerado, pero un nuevo estudio apunta justo en esa direcci\u00f3n y ha encendido todas las alarmas en salud ambiental.<\/p>\n\n\n\n<p>Un equipo de la Universidad de Nuevo M\u00e9xico ha analizado tejidos de personas fallecidas y ha encontrado fragmentos de pl\u00e1stico en varios \u00f3rganos. El resultado m\u00e1s inquietante es que el cerebro acumula mucha m\u00e1s <a href=\"https:\/\/www.ecoticias.com\/hoyeco\/problema-plasticos-oceano\/31204\/\">cantidad de micropl\u00e1sticos<\/a> y nanopl\u00e1sticos que el h\u00edgado o los ri\u00f1ones. En las muestras m\u00e1s recientes la carga de pl\u00e1stico <a href=\"https:\/\/www.ecoticias.com\/hoyeco\/los-cerebros-pasan-por-cinco-etapas-en-la-vida-puntos-de-inflexion-alrededor-de-los-9-32-66-y-83-anos\/31913\/\">en el cerebro<\/a> es aproximadamente un cincuenta por ciento mayor que ocho a\u00f1os antes, en l\u00ednea con el aumento global de residuos pl\u00e1sticos en el planeta.<\/p>\n\n\n\n<h2 class=\"wp-block-heading\" id=\"h-que-ha-encontrado-exactamente-el-estudio\">Qu\u00e9 ha encontrado exactamente el estudio<\/h2>\n\n\n\n<p>Los investigadores estudiaron muestras de cerebro, h\u00edgado y ri\u00f1\u00f3n de autopsias realizadas en dos momentos diferentes, dos mil diecis\u00e9is y dos mil veinticuatro, y las compararon con cerebros de d\u00e9cadas anteriores. Utilizaron t\u00e9cnicas avanzadas que destruyen el tejido y analizan los restos s\u00f3lidos para identificar distintos pol\u00edmeros pl\u00e1sticos presentes en forma de part\u00edculas microsc\u00f3picas y nanosc\u00f3picas.<\/p>\n\n\n\n<p>En el tejido cerebral los niveles de pl\u00e1stico fueron de siete a treinta veces m\u00e1s altos que en h\u00edgado y ri\u00f1\u00f3n. As\u00ed, en las muestras recientes de dos mil veinticuatro la mediana rond\u00f3 los casi cinco mil microgramos de pl\u00e1stico por gramo de tejido cerebral, lo que se traduce en que cerca de medio por ciento del peso del tejido era pl\u00e1stico. En cambio el h\u00edgado y el ri\u00f1\u00f3n se quedaron alrededor de cuatrocientos microgramos por gramo.<\/p>\n\n\n\n<p>La mayor parte de esas part\u00edculas eran de polietileno, el pl\u00e1stico m\u00e1s com\u00fan en bolsas, films alimentarios y muchos envases. El equipo vio adem\u00e1s que en el cerebro las part\u00edculas aparecen sobre todo como peque\u00f1as astillas de tama\u00f1o nanom\u00e9trico y que se concentran en las paredes de los vasos sangu\u00edneos y en determinadas c\u00e9lulas del sistema inmune.<\/p>\n\n\n\n<h2 class=\"wp-block-heading\" id=\"h-cerebro-demencia-y-muchas-incognitas-abiertas\">Cerebro, demencia y muchas inc\u00f3gnitas abiertas<\/h2>\n\n\n\n<p>El estudio tambi\u00e9n compar\u00f3 cerebros de personas con distintos tipos de demencia con otros cerebros sin diagn\u00f3stico de deterioro cognitivo. En ese peque\u00f1o grupo de una docena de casos con demencia las concentraciones de pl\u00e1stico eran mucho m\u00e1s altas, con una mediana que superaba los veintis\u00e9is mil microgramos por gramo de tejido.<\/p>\n\n\n\n<p>Aqu\u00ed es importante frenar las conclusiones r\u00e1pidas. Los propios autores insisten en que estos datos no demuestran que los micropl\u00e1sticos causen demencia. En las personas con esta enfermedad la barrera hematoencef\u00e1lica suele estar da\u00f1ada y el cerebro pierde capacidad de limpiar residuos, as\u00ed que es posible que el pl\u00e1stico se acumule con m\u00e1s facilidad en un tejido ya enfermo.<\/p>\n\n\n\n<p>El toxic\u00f3logo Matthew Campen, que lidera el trabajo, reconoce que hay mucha m\u00e1s cantidad de pl\u00e1stico en el cerebro de la que habr\u00eda imaginado y admite que a\u00fan \u00abno sabemos\u00bb c\u00f3mo afectan exactamente estas part\u00edculas al funcionamiento cerebral. Una de las hip\u00f3tesis es que puedan interferir con el flujo sangu\u00edneo de los capilares o con las conexiones entre neuronas, o bien atraer prote\u00ednas relacionadas con procesos de demencia, pero de momento son solo posibilidades que habr\u00e1 que comprobar.<\/p>\n\n\n\n<h2 class=\"wp-block-heading\" id=\"h-como-llega-el-plastico-hasta-el-cerebro\">C\u00f3mo llega el pl\u00e1stico hasta el cerebro<\/h2>\n\n\n\n<p>Los micropl\u00e1sticos se forman cuando los productos pl\u00e1sticos se fragmentan con el tiempo en el medio ambiente. Las fibras que suelta la ropa sint\u00e9tica en la lavadora, el polvo de los neum\u00e1ticos, los envases de usar y tirar, las botellas de agua o los restos de envases de comida acaban en el aire, el agua y los suelos. Desde ah\u00ed entran en la cadena alimentaria y en nuestro cuerpo cada vez que respiramos o comemos.<\/p>\n\n\n\n<p>En modelos animales se ha visto que las part\u00edculas m\u00e1s peque\u00f1as pueden atravesar la pared del intestino y pasar a la <a href=\"https:\/\/pubmed.ncbi.nlm.nih.gov\/38761430\/\" target=\"_blank\" rel=\"noreferrer noopener\">sangre<\/a>. El propio equipo del estudio plantea que los nanopl\u00e1sticos podr\u00edan viajar \u00abpegados\u00bb a las grasas de la dieta y, de ese modo, alcanzar \u00f3rganos ricos en l\u00edpidos como el cerebro. Aun as\u00ed, los mecanismos exactos de entrada y eliminaci\u00f3n siguen sin conocerse bien y son una de las grandes preguntas abiertas.<\/p>\n\n\n\n<h2 class=\"wp-block-heading\" id=\"h-resultados-solidos-pero-una-ciencia-todavia-en-construccion\">Resultados s\u00f3lidos, pero una ciencia todav\u00eda en construcci\u00f3n<\/h2>\n\n\n\n<p>La metodolog\u00eda que han usado estos investigadores es una de las m\u00e1s avanzadas para medir micropl\u00e1sticos en tejidos humanos y el trabajo incluye controles para descartar contaminaciones externas. La revista ha publicado adem\u00e1s una correcci\u00f3n t\u00e9cnica de algunas im\u00e1genes y detalles de m\u00e9todos, sin cambiar las conclusiones principales del art\u00edculo.<\/p>\n\n\n\n<p>A la vez otros cient\u00edficos han pedido prudencia. Algunos trabajos muy medi\u00e1ticos sobre micropl\u00e1sticos en el cuerpo humano han sido criticados por posibles contaminaciones o por confundir se\u00f1ales de grasas del propio tejido con se\u00f1ales de pl\u00e1stico. Varios expertos reclaman normas comunes de calidad y m\u00e1s laboratorios independientes que repliquen estos resultados antes de extraer conclusiones firmes sobre riesgos concretos para la salud.<\/p>\n\n\n\n<p>Lo que s\u00ed parece claro en conjunto es que la <a href=\"https:\/\/www.ecoticias.com\/hoyeco\/crisis-planeta-residuos-plasticos\/27289\/\">contaminaci\u00f3n por pl\u00e1sticos<\/a> ha crecido de forma explosiva en las \u00faltimas d\u00e9cadas y que esa ola tambi\u00e9n nos alcanza por dentro. La Comisi\u00f3n Minderoo M\u00f3naco sobre Pl\u00e1sticos y Salud Humana ya advert\u00eda en dos mil veintitr\u00e9s de que el pl\u00e1stico es una \u00abamenaza silenciosa\u00bb para la salud y ped\u00eda reducir de manera dr\u00e1stica la producci\u00f3n, sobre todo de los productos de un solo uso.<\/p>\n\n\n\n<h2 class=\"wp-block-heading\" id=\"h-que-podemos-hacer-en-la-vida-cotidiana\">Qu\u00e9 podemos hacer en la vida cotidiana<\/h2>\n\n\n\n<p>Mientras la ciencia afina sus herramientas y aclara cu\u00e1nto da\u00f1o nos pueden hacer estos micropl\u00e1sticos en el cerebro, hay medidas sencillas que reducen a la vez nuestra exposici\u00f3n y nuestra huella ambiental. Elegir agua del grifo cuando sea segura en lugar de <a href=\"https:\/\/www.ecoticias.com\/hoyeco\/revelan-engano-plastico-reciclaje\/19797\/\">botellas de pl\u00e1stico<\/a>, evitar calentar comida en recipientes pl\u00e1sticos, preferir alimentos frescos sin sobreenvasar y apostar por ropa de fibras naturales cuando sea posible ayuda a recortar parte de ese \u00abpolvo invisible\u00bb de pl\u00e1stico que nos rodea.<\/p>\n\n\n\n<p>En el fondo este estudio pone n\u00fameros a algo que ya intu\u00edamos. La crisis del pl\u00e1stico no se queda en las playas ni en los oc\u00e9anos. Tambi\u00e9n se refleja en nuestros tejidos. Y lo que hacemos con la bolsa de la compra o con la botella de agua hoy condiciona la calidad del aire, del agua y, quiz\u00e1, de nuestra salud cerebral ma\u00f1ana.<\/p>\n\n\n\n<p>El estudio completo ha sido publicado en la revista <a href=\"https:\/\/www.nature.com\/articles\/s41591-024-03453-1\" target=\"_blank\" rel=\"noreferrer noopener\"><em>Nature Medicine<\/em><\/a>.<\/p>\n","protected":false},"excerpt":{"rendered":"<p>\u00bfAlguna vez has pensado que la misma bolsa del s\u00faper o la botella de agua que usas a diario podr\u00eda &#8230; <\/p>\n<p class=\"read-more-container\"><a title=\"Tu cerebro podr\u00eda estar lleno de micropl\u00e1sticos\u2026y ni siquiera lo sabes\" class=\"read-more button\" href=\"https:\/\/www.ecoticias.com\/hoyeco\/tu-cerebro-podria-estar-lleno-de-microplasticosy-ni-siquiera-lo-sabes\/32675\/#more-32675\" aria-label=\"Leer m\u00e1s sobre Tu cerebro podr\u00eda estar lleno de micropl\u00e1sticos\u2026y ni siquiera lo sabes\">Read more<\/a><\/p>\n","protected":false},"author":18,"featured_media":32676,"comment_status":"open","ping_status":"","sticky":false,"template":"","format":"standard","meta":{"footnotes":""},"categories":[68],"tags":[],"class_list":["post-32675","post","type-post","status-publish","format-standard","has-post-thumbnail","hentry","category-ciencia","resize-featured-image"],"_links":{"self":[{"href":"https:\/\/www.ecoticias.com\/hoyeco\/wp-json\/wp\/v2\/posts\/32675","targetHints":{"allow":["GET"]}}],"collection":[{"href":"https:\/\/www.ecoticias.com\/hoyeco\/wp-json\/wp\/v2\/posts"}],"about":[{"href":"https:\/\/www.ecoticias.com\/hoyeco\/wp-json\/wp\/v2\/types\/post"}],"author":[{"embeddable":true,"href":"https:\/\/www.ecoticias.com\/hoyeco\/wp-json\/wp\/v2\/users\/18"}],"replies":[{"embeddable":true,"href":"https:\/\/www.ecoticias.com\/hoyeco\/wp-json\/wp\/v2\/comments?post=32675"}],"version-history":[{"count":2,"href":"https:\/\/www.ecoticias.com\/hoyeco\/wp-json\/wp\/v2\/posts\/32675\/revisions"}],"predecessor-version":[{"id":32690,"href":"https:\/\/www.ecoticias.com\/hoyeco\/wp-json\/wp\/v2\/posts\/32675\/revisions\/32690"}],"wp:featuredmedia":[{"embeddable":true,"href":"https:\/\/www.ecoticias.com\/hoyeco\/wp-json\/wp\/v2\/media\/32676"}],"wp:attachment":[{"href":"https:\/\/www.ecoticias.com\/hoyeco\/wp-json\/wp\/v2\/media?parent=32675"}],"wp:term":[{"taxonomy":"category","embeddable":true,"href":"https:\/\/www.ecoticias.com\/hoyeco\/wp-json\/wp\/v2\/categories?post=32675"},{"taxonomy":"post_tag","embeddable":true,"href":"https:\/\/www.ecoticias.com\/hoyeco\/wp-json\/wp\/v2\/tags?post=32675"}],"curies":[{"name":"wp","href":"https:\/\/api.w.org\/{rel}","templated":true}]}}