{"id":32734,"date":"2026-01-22T18:39:00","date_gmt":"2026-01-22T17:39:00","guid":{"rendered":"https:\/\/www.ecoticias.com\/hoyeco\/?p=32734"},"modified":"2026-01-22T21:32:14","modified_gmt":"2026-01-22T20:32:14","slug":"el-planeta-ya-ha-cruzado-los-15-oc-y-nadie-te-esta-contando-lo-que-eso-realmente-significa-para-tu-futuro","status":"publish","type":"post","link":"https:\/\/www.ecoticias.com\/hoyeco\/el-planeta-ya-ha-cruzado-los-15-oc-y-nadie-te-esta-contando-lo-que-eso-realmente-significa-para-tu-futuro\/32734\/","title":{"rendered":"El planeta ya ha cruzado los 1,5 \u00baC y nadie te est\u00e1 contando lo que eso realmente significa para tu futuro"},"content":{"rendered":"\n<p>El planeta acaba de encadenar sus tres a\u00f1os m\u00e1s c\u00e1lidos desde que hay registros fiables. Los nuevos datos del <a href=\"https:\/\/climate.copernicus.eu\/global-climate-highlights\" target=\"_blank\" rel=\"noopener\">Servicio de Cambio Clim\u00e1tico de Copernicus<\/a> y de la <a href=\"https:\/\/wmo.int\/news\/media-centre\/wmo-confirms-2025-was-one-of-warmest-years-record\" target=\"_blank\" rel=\"noopener\">Organizaci\u00f3n Meteorol\u00f3gica Mundial<\/a> confirman que 2025 fue el <a href=\"https:\/\/www.ecoticias.com\/cambio-climatico\/ano-2025-tercer-ano-mas-calido-rompe-el-umbral-climatico-de-paris\">tercer a\u00f1o m\u00e1s c\u00e1lido<\/a>, con una temperatura media global 1,47 \u00baC por encima de la era preindustrial. 2024 sigue siendo el a\u00f1o m\u00e1s caluroso registrado y 2023 queda solo una cent\u00e9sima por encima de 2025.<\/p>\n\n\n\n<p>Por primera vez, un periodo de tres a\u00f1os consecutivos, de 2023 a 2025, ha superado de media el <a href=\"https:\/\/www.ecoticias.com\/cambio-climatico\/omm-aviso-superar-limite-1-5-grados-cambio-climatico\">umbral de 1,5 \u00baC<\/a> que se fij\u00f3 en el <a href=\"https:\/\/unfccc.int\/process-and-meetings\/the-paris-agreement\" target=\"_blank\" rel=\"noopener\">Acuerdo de Par\u00eds<\/a> como frontera de seguridad clim\u00e1tica. No es una l\u00ednea roja m\u00e1gica, pero marca la zona donde se multiplican las olas de calor, las sequ\u00edas y los episodios de lluvia extrema. Y ya estamos pisando ese terreno.<\/p>\n\n\n\n<p>\u00bfSignifica esto que el Acuerdo de Par\u00eds ha fracasado del todo? No exactamente, pero las se\u00f1ales son claras. Copernicus estima que, si la tendencia actual contin\u00faa, el calentamiento global de 1,5 \u00baC podr\u00eda alcanzarse de forma permanente hacia finales de esta d\u00e9cada, m\u00e1s de diez a\u00f1os antes de lo que se pensaba cuando se firm\u00f3 el acuerdo.<\/p>\n\n\n\n<h2 class=\"wp-block-heading\">Las cifras sobre la temperatura del planeta<\/h2>\n\n\n\n<p>El an\u00e1lisis clim\u00e1tico <a href=\"https:\/\/climate.copernicus.eu\/climate-reanalysis\" target=\"_blank\" rel=\"noopener\">ERA5<\/a> muestra que la temperatura media del aire en superficie en 2025 fue de 14,97 \u00baC, unos 0,59 \u00baC por encima de la media del periodo 1991 2020 y solo 0,13 \u00baC por debajo de 2024, que sigue en cabeza del r\u00e1nking hist\u00f3rico. A escala planetaria, la mayor parte de la superficie terrestre registr\u00f3 temperaturas por encima de lo normal, con anomal\u00edas especialmente marcadas en las regiones polares.<\/p>\n\n\n\n<p>Lo m\u00e1s preocupante no es un a\u00f1o concreto, sino la racha. Los once \u00faltimos a\u00f1os, de 2015 a 2025, son tambi\u00e9n los once m\u00e1s c\u00e1lidos desde que hay mediciones instrumentales. En palabras del director del Servicio de Cambio Clim\u00e1tico de Copernicus, Carlo Buontempo, el mundo se dirige a un clima m\u00e1s caliente de forma inconfundible y ya estamos, en gran medida, abocados a superar el l\u00edmite de 1,5 \u00baC. La cuesti\u00f3n pasa a ser c\u00f3mo gestionamos esa sobrepasada y sus consecuencias sobre las sociedades y los sistemas naturales.<\/p>\n\n\n\n<p>Adem\u00e1s, 2025 ha sido muy c\u00e1lido a pesar de que el Pac\u00edfico estuvo bajo condiciones neutras o de<a href=\"https:\/\/wmo.int\/topics\/el-nino-la-nina\" target=\"_blank\" rel=\"noopener\"> La Ni\u00f1a<\/a>, que suelen enfriar ligeramente el promedio global. Es decir, el freno natural estaba puesto y aun as\u00ed el term\u00f3metro sigui\u00f3 subiendo.<\/p>\n\n\n\n<p>Copernicus atribuye principalmente esta situaci\u00f3n al aumento continuado de los gases de efecto invernadero por la quema de combustibles f\u00f3siles y al calor extra almacenado en <a href=\"https:\/\/www.ecoticias.com\/cambio-climatico\/calor-record-en-los-oceanos-en-2025\">los oc\u00e9anos<\/a>, que act\u00faan como una enorme bater\u00eda t\u00e9rmica.<\/p>\n\n\n\n<h2 class=\"wp-block-heading\">Del dato global a lo que notas en tu d\u00eda a d\u00eda<\/h2>\n\n\n\n<p>Puede que en Europa este invierno hayamos visto nieve y fr\u00edo en muchos puntos, incluso con monta\u00f1as cerca de Barcelona cubiertas de blanco de forma poco habitual. Sin embargo, el promedio planetario de comienzos de a\u00f1o vuelve a situarse claramente por encima de lo normal. El clima no se mide solo mirando por la ventana, se mide sumando lo que ocurre en todos los continentes y oc\u00e9anos.<\/p>\n\n\n\n<p>En 2025, aproximadamente la mitad de la superficie terrestre sufri\u00f3 m\u00e1s d\u00edas de lo normal con estr\u00e9s t\u00e9rmico fuerte, esa sensaci\u00f3n de calor pegajoso en la que ni la sombra ni el ventilador dan mucho alivio. La <a href=\"https:\/\/www.who.int\/news-room\/fact-sheets\/detail\/climate-change-heat-and-health\" target=\"_blank\" rel=\"noopener\">Organizaci\u00f3n Mundial de la Salud<\/a> recuerda que el calor extremo sigue siendo la principal causa de mortalidad asociada al tiempo atmosf\u00e9rico en todo el mundo.<\/p>\n\n\n\n<p>Las temperaturas altas y la sequedad del aire alimentaron tambi\u00e9n grandes incendios forestales. Europa registr\u00f3 sus mayores emisiones anuales por incendios desde que Copernicus realiza este seguimiento, mientras que otras regiones vivieron olas de calor prolongadas, tormentas m\u00e1s intensas y episodios de lluvias torrenciales con impactos humanos y econ\u00f3micos muy elevados.<\/p>\n\n\n\n<p>Los organismos internacionales advierten de que cada a\u00f1o resulta m\u00e1s f\u00e1cil demostrar que muchos de estos eventos se agravan por el calentamiento global.<\/p>\n\n\n\n<h2 class=\"wp-block-heading\">Qu\u00e9 nos jugamos en esta d\u00e9cada<\/h2>\n\n\n\n<p>En el fondo, estas cifras son un aviso bastante directo. Si no se reducen con rapidez las <a href=\"https:\/\/www.ecoticias.com\/co2\/informe-brecha-emisiones-2025-calentamiento-1-5c\">emisiones de CO2<\/a> procedentes de la producci\u00f3n de energ\u00eda, la industria, el transporte o la deforestaci\u00f3n, la probabilidad de quedarnos muy por encima de 1,5 \u00baC durante d\u00e9cadas ser\u00e1 alta.<\/p>\n\n\n\n<p>Eso se traduce en olas de calor m\u00e1s largas en las ciudades, noches tropicales que disparan la factura de la luz por el aire acondicionado y una mayor presi\u00f3n sobre el agua disponible para la agricultura y el consumo.<\/p>\n\n\n\n<p>La parte relativamente positiva es que las herramientas para cambiar de rumbo ya existen. El despliegue de <a href=\"https:\/\/www.ecoticias.com\/energias-renovables\/energias-renovables-superan-combustibles-fosiles\">energ\u00edas renovables<\/a>, la<a href=\"https:\/\/www.ecoticias.com\/movilidad-electrica\/dia-mundial-vehiculo-electrico-2025\">electrificaci\u00f3n de la movilidad<\/a>, la mejora del aislamiento de los edificios o cambios en la forma en que consumimos energ\u00eda y recursos pueden frenar en buena medida la tendencia. No son soluciones instant\u00e1neas, pero cada d\u00e9cima de grado que se evita cuenta y se nota.<\/p>\n\n\n\n<p>Los responsables de los servicios clim\u00e1ticos insisten en que a\u00fan estamos a tiempo de evitar los peores escenarios. La nueva directora general de ECMWF, Florian Pappenberger, lo resume con una idea sencilla y muy gr\u00e1fica: \u201ccada a\u00f1o y cada grado cuentan\u201d.<\/p>\n\n\n\n<p>Incluso si se supera el umbral de 1,5 \u00baC, la rapidez con la que reduzcamos las emisiones y el tiempo que permanezcamos por encima marcar\u00e1n la frontera entre impactos manejables o da\u00f1os en gran parte irreversibles.<\/p>\n\n\n\n<p>Lo que dejan claro estos tres a\u00f1os de calor r\u00e9cord es que el reloj clim\u00e1tico corre m\u00e1s deprisa que la pol\u00edtica. Las decisiones que se tomen en esta d\u00e9cada sobre combustibles f\u00f3siles, renovables, movilidad o uso del suelo se sentir\u00e1n durante generaciones.<\/p>\n\n\n\n<p>El informe oficial \u201cGlobal Climate Highlights 2025\u201d ha sido publicado en la <a href=\"https:\/\/climate.copernicus.eu\/sites\/default\/files\/custom-uploads\/GCH-2025\/GCH2025-full-report.pdf\" target=\"_blank\" rel=\"noopener\"><em>web del Servicio de Cambio Clim\u00e1tico de Copernicus<\/em><\/a>.<\/p>\n","protected":false},"excerpt":{"rendered":"<p>El planeta acaba de encadenar sus tres a\u00f1os m\u00e1s c\u00e1lidos desde que hay registros fiables. Los nuevos datos del Servicio &#8230; <\/p>\n<p class=\"read-more-container\"><a title=\"El planeta ya ha cruzado los 1,5 \u00baC y nadie te est\u00e1 contando lo que eso realmente significa para tu futuro\" class=\"read-more button\" href=\"https:\/\/www.ecoticias.com\/hoyeco\/el-planeta-ya-ha-cruzado-los-15-oc-y-nadie-te-esta-contando-lo-que-eso-realmente-significa-para-tu-futuro\/32734\/#more-32734\" aria-label=\"Leer m\u00e1s sobre El planeta ya ha cruzado los 1,5 \u00baC y nadie te est\u00e1 contando lo que eso realmente significa para tu futuro\">Read more<\/a><\/p>\n","protected":false},"author":17,"featured_media":32735,"comment_status":"open","ping_status":"","sticky":false,"template":"","format":"standard","meta":{"footnotes":""},"categories":[68],"tags":[],"class_list":["post-32734","post","type-post","status-publish","format-standard","has-post-thumbnail","hentry","category-ciencia","resize-featured-image"],"_links":{"self":[{"href":"https:\/\/www.ecoticias.com\/hoyeco\/wp-json\/wp\/v2\/posts\/32734","targetHints":{"allow":["GET"]}}],"collection":[{"href":"https:\/\/www.ecoticias.com\/hoyeco\/wp-json\/wp\/v2\/posts"}],"about":[{"href":"https:\/\/www.ecoticias.com\/hoyeco\/wp-json\/wp\/v2\/types\/post"}],"author":[{"embeddable":true,"href":"https:\/\/www.ecoticias.com\/hoyeco\/wp-json\/wp\/v2\/users\/17"}],"replies":[{"embeddable":true,"href":"https:\/\/www.ecoticias.com\/hoyeco\/wp-json\/wp\/v2\/comments?post=32734"}],"version-history":[{"count":2,"href":"https:\/\/www.ecoticias.com\/hoyeco\/wp-json\/wp\/v2\/posts\/32734\/revisions"}],"predecessor-version":[{"id":32823,"href":"https:\/\/www.ecoticias.com\/hoyeco\/wp-json\/wp\/v2\/posts\/32734\/revisions\/32823"}],"wp:featuredmedia":[{"embeddable":true,"href":"https:\/\/www.ecoticias.com\/hoyeco\/wp-json\/wp\/v2\/media\/32735"}],"wp:attachment":[{"href":"https:\/\/www.ecoticias.com\/hoyeco\/wp-json\/wp\/v2\/media?parent=32734"}],"wp:term":[{"taxonomy":"category","embeddable":true,"href":"https:\/\/www.ecoticias.com\/hoyeco\/wp-json\/wp\/v2\/categories?post=32734"},{"taxonomy":"post_tag","embeddable":true,"href":"https:\/\/www.ecoticias.com\/hoyeco\/wp-json\/wp\/v2\/tags?post=32734"}],"curies":[{"name":"wp","href":"https:\/\/api.w.org\/{rel}","templated":true}]}}