{"id":32971,"date":"2026-01-29T18:45:00","date_gmt":"2026-01-29T17:45:00","guid":{"rendered":"https:\/\/www.ecoticias.com\/hoyeco\/?p=32971"},"modified":"2026-01-26T15:51:36","modified_gmt":"2026-01-26T14:51:36","slug":"egipto-activa-el-high-dam-2-0-66-anos-despues-sensores-y-gestion-digital-para-vigilar-cada-gota-del-nilo-y-anticiparse-a-etiopia","status":"publish","type":"post","link":"https:\/\/www.ecoticias.com\/hoyeco\/egipto-activa-el-high-dam-2-0-66-anos-despues-sensores-y-gestion-digital-para-vigilar-cada-gota-del-nilo-y-anticiparse-a-etiopia\/32971\/","title":{"rendered":"Egipto activa el \u201cHigh Dam 2.0\u201d 66 a\u00f1os despu\u00e9s: sensores y gesti\u00f3n digital para vigilar cada gota del Nilo y anticiparse a Etiop\u00eda"},"content":{"rendered":"\n<p>Egipto conmemor\u00f3 el 66 <a href=\"https:\/\/english.ahram.org.eg\/NewsContentP\/7\/560507\/Life--Style\/Egypt-celebrates-High-Dam-anniversary%2C-highlightin.aspx\" target=\"_blank\" rel=\"noopener\">aniversario del inicio de la Presa Alta de Asu\u00e1n<\/a>, el proyecto cuya primera piedra coloc\u00f3 Gamal Abdel Nasser el 9 de enero de 1960. En el acto, el ministro de Recursos H\u00eddricos e Irrigaci\u00f3n, Hani Sweilem, volvi\u00f3 a colocar a la presa en el centro del relato de seguridad nacional al describirla como una \u201cfortaleza de seguridad\u201d frente a d\u00e9cadas de inundaciones y sequ\u00edas.<\/p>\n\n\n\n<p>La novedad no estuvo en la nostalgia, sino en la actualizaci\u00f3n tecnol\u00f3gica. Sweilem vincul\u00f3 la preparaci\u00f3n t\u00e9cnica de la Presa Alta y del embalse de Asu\u00e1n con un plan que llama \u201cGeneration 2.0\u201d, una capa de monitoreo y operaci\u00f3n que se apoya en soluciones digitales y conocimiento local para ajustar la gesti\u00f3n del agua cuando cambian las condiciones hidrol\u00f3gicas.<\/p>\n\n\n\n<figure class=\"wp-block-image size-full\"><img loading=\"lazy\" decoding=\"async\" width=\"1800\" height=\"1013\" src=\"https:\/\/www.ecoticias.com\/hoyeco\/wp-content\/uploads\/2026\/01\/central-hidroelectrica-presa-alta-asuan-egipto-nilo.jpg\" alt=\"\" class=\"wp-image-32973\" srcset=\"https:\/\/www.ecoticias.com\/hoyeco\/wp-content\/uploads\/2026\/01\/central-hidroelectrica-presa-alta-asuan-egipto-nilo.jpg 1800w, https:\/\/www.ecoticias.com\/hoyeco\/wp-content\/uploads\/2026\/01\/central-hidroelectrica-presa-alta-asuan-egipto-nilo-300x169.jpg 300w, https:\/\/www.ecoticias.com\/hoyeco\/wp-content\/uploads\/2026\/01\/central-hidroelectrica-presa-alta-asuan-egipto-nilo-768x432.jpg 768w, https:\/\/www.ecoticias.com\/hoyeco\/wp-content\/uploads\/2026\/01\/central-hidroelectrica-presa-alta-asuan-egipto-nilo-1536x864.jpg 1536w, https:\/\/www.ecoticias.com\/hoyeco\/wp-content\/uploads\/2026\/01\/central-hidroelectrica-presa-alta-asuan-egipto-nilo-150x84.jpg 150w\" sizes=\"auto, (max-width: 1800px) 100vw, 1800px\" \/><\/figure>\n\n\n\n<p>El mensaje tiene una lectura geopol\u00edtica directa. Con la <a href=\"https:\/\/www.ecoticias.com\/energias-renovables\/energia-limpia-etiopia-presa\">Gran Presa del Renacimiento Et\u00edope<\/a> (GERD) en el Nilo Azul como tel\u00f3n de fondo, la estrategia egipcia busca reducir la incertidumbre operativa, detectar variaciones de caudal y responder con m\u00e1s rapidez en un sistema donde cada decisi\u00f3n aguas arriba se siente aguas abajo. La presa egipcia pasa de ser un simple dique a funcionar como un \u201ccentro de mando\u201d que intenta anticiparse a escenarios de retenci\u00f3n o liberaci\u00f3n acelerada de agua.<\/p>\n\n\n\n<p>Esa preocupaci\u00f3n se entiende por una aritm\u00e9tica que Egipto considera existencial. El acuerdo bilateral de 1959 entre Egipto y Sud\u00e1n fij\u00f3 asignaciones ampliamente citadas de 55,5 mil millones de metros c\u00fabicos anuales para Egipto y 18,5 para Sud\u00e1n (con el debate regional abierto sobre su legitimidad para otros pa\u00edses ribere\u00f1os).<\/p>\n\n\n\n<p>La Presa Alta tambi\u00e9n dej\u00f3 una huella fuera de la hidr\u00e1ulica. La creaci\u00f3n del gran embalse impuls\u00f3 una operaci\u00f3n internacional de rescate patrimonial coordinada por la UNESCO, que en 1960 lanz\u00f3 la campa\u00f1a para salvar monumentos de Nubia, incluido el traslado de complejos como Abu Simbel y Philae.<\/p>\n\n\n\n<p>Mientras el pulso diplom\u00e1tico por <a href=\"https:\/\/www.ecoticias.com\/naturaleza\/cual-es-el-secreto-de-la-transformacion-del-lago-qarun-de-agua-dulce-a-salada-en-egipto\">el Nilo<\/a> contin\u00faa sin un acuerdo definitivo, la se\u00f1al que env\u00eda El Cairo con \u201c2.0\u201d es clara. La infraestructura que regul\u00f3 el siglo XX busca ahora operar con l\u00f3gica de datos para sobrevivir al siglo XXI, cuando el agua ya no solo se almacena, tambi\u00e9n se interpreta.<\/p>\n","protected":false},"excerpt":{"rendered":"<p>Egipto conmemor\u00f3 el 66 aniversario del inicio de la Presa Alta de Asu\u00e1n, el proyecto cuya primera piedra coloc\u00f3 Gamal &#8230; <\/p>\n<p class=\"read-more-container\"><a title=\"Egipto activa el \u201cHigh Dam 2.0\u201d 66 a\u00f1os despu\u00e9s: sensores y gesti\u00f3n digital para vigilar cada gota del Nilo y anticiparse a Etiop\u00eda\" class=\"read-more button\" href=\"https:\/\/www.ecoticias.com\/hoyeco\/egipto-activa-el-high-dam-2-0-66-anos-despues-sensores-y-gestion-digital-para-vigilar-cada-gota-del-nilo-y-anticiparse-a-etiopia\/32971\/#more-32971\" aria-label=\"Leer m\u00e1s sobre Egipto activa el \u201cHigh Dam 2.0\u201d 66 a\u00f1os despu\u00e9s: sensores y gesti\u00f3n digital para vigilar cada gota del Nilo y anticiparse a Etiop\u00eda\">Read more<\/a><\/p>\n","protected":false},"author":21,"featured_media":32972,"comment_status":"open","ping_status":"","sticky":false,"template":"","format":"standard","meta":{"footnotes":""},"categories":[3],"tags":[],"class_list":["post-32971","post","type-post","status-publish","format-standard","has-post-thumbnail","hentry","category-construccion","resize-featured-image"],"_links":{"self":[{"href":"https:\/\/www.ecoticias.com\/hoyeco\/wp-json\/wp\/v2\/posts\/32971","targetHints":{"allow":["GET"]}}],"collection":[{"href":"https:\/\/www.ecoticias.com\/hoyeco\/wp-json\/wp\/v2\/posts"}],"about":[{"href":"https:\/\/www.ecoticias.com\/hoyeco\/wp-json\/wp\/v2\/types\/post"}],"author":[{"embeddable":true,"href":"https:\/\/www.ecoticias.com\/hoyeco\/wp-json\/wp\/v2\/users\/21"}],"replies":[{"embeddable":true,"href":"https:\/\/www.ecoticias.com\/hoyeco\/wp-json\/wp\/v2\/comments?post=32971"}],"version-history":[{"count":1,"href":"https:\/\/www.ecoticias.com\/hoyeco\/wp-json\/wp\/v2\/posts\/32971\/revisions"}],"predecessor-version":[{"id":32974,"href":"https:\/\/www.ecoticias.com\/hoyeco\/wp-json\/wp\/v2\/posts\/32971\/revisions\/32974"}],"wp:featuredmedia":[{"embeddable":true,"href":"https:\/\/www.ecoticias.com\/hoyeco\/wp-json\/wp\/v2\/media\/32972"}],"wp:attachment":[{"href":"https:\/\/www.ecoticias.com\/hoyeco\/wp-json\/wp\/v2\/media?parent=32971"}],"wp:term":[{"taxonomy":"category","embeddable":true,"href":"https:\/\/www.ecoticias.com\/hoyeco\/wp-json\/wp\/v2\/categories?post=32971"},{"taxonomy":"post_tag","embeddable":true,"href":"https:\/\/www.ecoticias.com\/hoyeco\/wp-json\/wp\/v2\/tags?post=32971"}],"curies":[{"name":"wp","href":"https:\/\/api.w.org\/{rel}","templated":true}]}}