{"id":33673,"date":"2026-02-21T23:35:00","date_gmt":"2026-02-21T22:35:00","guid":{"rendered":"https:\/\/www.ecoticias.com\/hoyeco\/?p=33673"},"modified":"2026-02-18T13:18:11","modified_gmt":"2026-02-18T12:18:11","slug":"liberaron-un-punado-de-bisontes-en-2014-y-lo-que-ha-pasado-en-las-montanas-de-rumania-en-solo-10-anos-ha-dejado-a-los-zoologos-con-la-boca-abierta","status":"publish","type":"post","link":"https:\/\/www.ecoticias.com\/hoyeco\/liberaron-un-punado-de-bisontes-en-2014-y-lo-que-ha-pasado-en-las-montanas-de-rumania-en-solo-10-anos-ha-dejado-a-los-zoologos-con-la-boca-abierta\/33673\/","title":{"rendered":"Liberaron un pu\u00f1ado de bisontes en 2014 y lo que ha pasado en las monta\u00f1as de Ruman\u00eda en solo 10 a\u00f1os ha dejado a los zo\u00f3logos con la boca abierta"},"content":{"rendered":"\n<p>En solo una d\u00e9cada, la reintroducci\u00f3n del <a href=\"https:\/\/wwf.ro\/ce-facem\/specii\/the-european-bison\/\" target=\"_blank\" rel=\"noopener\">bisonte<\/a> europeo en los Montes de Tarcu ha pasado de ser un experimento de emergencia a un caso de libro sobre c\u00f3mo devolver grandes <a href=\"https:\/\/www.ecoticias.com\/hoyeco\/criatura-extinta-alce-europeo\/24091\/\">herb\u00edvoros<\/a> puede cambiar un paisaje entero. All\u00ed donde el reba\u00f1o se ha asentado de forma estable, los cient\u00edficos han observado en torno a un 30 % m\u00e1s de especies de plantas y un mosaico mucho m\u00e1s diverso de praderas, matorrales y bosques.<\/p>\n\n\n\n<p>La sorpresa no se queda en la vegetaci\u00f3n. Un <a href=\"https:\/\/animatingcarbon.earth\/wp-content\/uploads\/2024\/10\/Bison-QA-May-2024-Global-Rewilding-Alliance-final-1.pdf\" target=\"_blank\" rel=\"noopener\">modelo<\/a> desarrollado en la Yale School of the Environment calcula que unos 170 bisontes libres en esta zona ayudan a capturar unas 54.000 toneladas adicionales de carbono al a\u00f1o, casi diez veces m\u00e1s que antes de su regreso. Es una cifra que sus autores comparan con las emisiones anuales de hasta 84.000 coches de gasolina.<\/p>\n\n\n\n<h2 class=\"wp-block-heading\">El mayor regreso de bisontes en Europa<\/h2>\n\n\n\n<p>El bisonte europeo desapareci\u00f3 de la naturaleza tras la Primera Guerra Mundial. Solo sobrevivieron unos pocos ejemplares en zoos y reservas, suficientes para arrancar programas de cr\u00eda que, con el tiempo, permitir\u00edan so\u00f1ar con su vuelta al campo abierto.<\/p>\n\n\n\n<p>Ese sue\u00f1o empez\u00f3 a hacerse realidad en 2014, cuando <a href=\"https:\/\/rewildingeurope.com\/news\/new-bison-herds-arrive-in-southern-carpathians-on-ten-year-rewilding-anniversary\/\" target=\"_blank\" rel=\"noopener\">Europe<\/a> y WWF-Ruman\u00eda liberaron los primeros 17 bisontes en un cercado de aclimataci\u00f3n de 15 hect\u00e1reas en los C\u00e1rpatos. Dos a\u00f1os despu\u00e9s comenz\u00f3 la suelta completa y se repitieron nuevas reintroducciones en 2018.<\/p>\n\n\n\n<p>Hoy, seg\u00fan los datos m\u00e1s recientes, en los C\u00e1rpatos Meridionales viven en libertad al menos 190 bisontes y WWF estima que ya superan los 200 solo en la zona de <a href=\"https:\/\/rewildingeurope.com\/blog\/free-roaming-bison-population-in-the-southern-carpathians-continues-to-thrive\/\" target=\"_blank\" rel=\"noopener\">Tarcu<\/a>, dentro de una poblaci\u00f3n nacional de m\u00e1s de 350 individuos. Es la mayor reintroducci\u00f3n de esta especie en Europa y una de las poblaciones m\u00e1s din\u00e1micas del continente, con un \u00e1rea de campeo que ronda los 370 kil\u00f3metros cuadrados.<\/p>\n\n\n\n<p>Para un visitante, la escena puede parecer sencilla: un grupo de animales enormes cruzando una ladera. Pero para los zo\u00f3logos, cada pisada cuenta.<\/p>\n\n\n\n<h2 class=\"wp-block-heading\">30 % m\u00e1s plantas y un paisaje en mosaico<\/h2>\n\n\n\n<p>\u00bfQu\u00e9 tiene que ver un reba\u00f1o de bisontes con que haya m\u00e1s plantas? Bastante m\u00e1s de lo que parece a primera vista.<\/p>\n\n\n\n<p>Los estudios de seguimiento en Tarcu describen un cambio claro: donde antes dominaban <a href=\"https:\/\/www.ecoticias.com\/hoyeco\/plan-firesat-incendios-forestales\/18752\/\">bosques<\/a> cerrados y relativamente homog\u00e9neos, ahora se observa un paisaje en mosaico, con claros, praderas, arbustos y renuevos de bosque que conviven en pocos metros.<\/p>\n\n\n\n<p>La presencia continuada de bisontes ha aumentado la riqueza de especies vegetales en torno a un 30 %. No es que \u201ctodo crezca sin control\u201d, sino que la combinaci\u00f3n de ramoneo, pisoteo, dispersi\u00f3n de semillas y peque\u00f1os claros abre espacio para plantas que antes apenas ten\u00edan sitio.<\/p>\n\n\n\n<p>Los expertos de WWF describen al bisonte como un aut\u00e9ntico \u201carquitecto del bosque\u201d que mantiene abiertas zonas de pasto, transporta semillas en el pelo y en las heces y crea charcos y microh\u00e1bitats donde prosperan insectos y anfibios. A efectos pr\u00e1cticos, esto significa m\u00e1s flores, m\u00e1s polinizadores y m\u00e1s alimento para otras especies.<\/p>\n\n\n\n<h2 class=\"wp-block-heading\">Un modelo clim\u00e1tico prometedor, pero todav\u00eda preliminar<\/h2>\n\n\n\n<p>El siguiente paso ha sido medir qu\u00e9 supone todo esto para el <a href=\"https:\/\/www.ecoticias.com\/hoyeco\/punto-no-retorno-calentamiento-global\/25955\/\">clima<\/a>. La Global Rewilding Alliance y la Universidad de Yale han desarrollado un modelo que calcula c\u00f3mo la fauna silvestre puede \u201canimar el ciclo del carbono\u201d, es decir, aumentar la cantidad de carbono que capturan y almacenan los ecosistemas cuando los animales est\u00e1n presentes.<\/p>\n\n\n\n<p>Aplicado a los bisontes de Tarcu, el modelo estima que sus movimientos y h\u00e1bitos de alimentaci\u00f3n ayudan a que las praderas y suelos de la zona capturen alrededor de diez veces m\u00e1s carbono que antes de su reintroducci\u00f3n.<\/p>\n\n\n\n<p>Maheen Khan, experta en clima de WWF Pa\u00edses Bajos, resume as\u00ed el potencial del enfoque de rewilding: \u201cestos resultados muestran el potencial de los animales reintroducidos para reforzar la capacidad de los ecosistemas de absorber carbono\u201d.<\/p>\n\n\n\n<p>Conviene introducir un matiz importante. Rewilding Europe recuerda que se trata de un estudio basado en modelizaci\u00f3n que todav\u00eda no ha pasado por el proceso completo de revisi\u00f3n por pares. Es decir, las cifras pueden ajustarse a medida que otros equipos cient\u00edficos revisen y prueben la metodolog\u00eda. Aun as\u00ed, encajan con trabajos te\u00f3ricos recientes que apuntan a que los grandes animales podr\u00edan aumentar el \u201cpresupuesto de carbono\u201d de muchos ecosistemas entre un 60 y un 95 %.<\/p>\n\n\n\n<h2 class=\"wp-block-heading\">Entre el entusiasmo cient\u00edfico y los retos de convivencia<\/h2>\n\n\n\n<p>La historia no es solo ecol\u00f3gica. Tambi\u00e9n es social. El crecimiento del reba\u00f1o ha generado preocupaci\u00f3n entre algunos ganaderos y vecinos por posibles da\u00f1os en pastos o cultivos y por la presencia de <a href=\"https:\/\/www.ecoticias.com\/hoyeco\/programa-animales-salvajes-espana\/17133\/\">animales<\/a> tan grandes cerca de pueblos y carreteras.<\/p>\n\n\n\n<p>Las organizaciones implicadas trabajan en varios frentes: patrullas de guardas, acuerdos con ayuntamientos, sistemas de compensaci\u00f3n y el impulso de un ecoturismo que convierta al bisonte en una fuente de ingresos extra para la zona. El objetivo es construir \u201ccomunidades amigas del bisonte\u201d que vean en su regreso una oportunidad y no solo un riesgo.<\/p>\n\n\n\n<p>Para quien vive all\u00ed, la diferencia se nota en cosas muy concretas. M\u00e1s visitantes que se alojan en casas rurales, m\u00e1s rutas de senderismo se\u00f1alizadas, m\u00e1s inter\u00e9s internacional por un paisaje que antes pasaba desapercibido en los mapas tur\u00edsticos.<\/p>\n\n\n\n<h2 class=\"wp-block-heading\">Un laboratorio para la restauraci\u00f3n de ecosistemas en Europa<\/h2>\n\n\n\n<p>Lo que est\u00e1 ocurriendo en Ruman\u00eda se observa con atenci\u00f3n desde otros pa\u00edses. En Espa\u00f1a, por ejemplo, ya han llegado los primeros bisontes a la Serran\u00eda Celtib\u00e9rica, en las llamadas Iberian <a href=\"https:\/\/rewildingeurope.com\/news\/european-bison-arrive-in-the-iberian-highlands-for-the-first-time\/\" target=\"_blank\" rel=\"noopener\">Highlands<\/a>, donde el equipo de Rewilding <a href=\"https:\/\/rewilding-spain.com\/en\/news\/the-iberian-highlands-hosts-a-pioneering-research-project-on-the-potential-of-european-bison-in-the-restoration-of-mediterranean-mountain-ecosystems\/\" target=\"_blank\" rel=\"noopener\">Spain<\/a> participa en un proyecto cient\u00edfico que evaluar\u00e1 si estos animales pueden ayudar a restaurar montes mediterr\u00e1neos degradados y a impulsar nuevas actividades rurales.<\/p>\n\n\n\n<p>En el fondo, la pregunta es sencilla y a la vez enorme. \u00bfPodemos apoyarnos en la fauna silvestre para acelerar la recuperaci\u00f3n de la naturaleza y, al mismo tiempo, ganar tiempo frente al <a href=\"https:\/\/www.ecoticias.com\/hoyeco\/planeta-calentamiento-mares-deshielo\/24217\/\">cambio<\/a> clim\u00e1tico? El experimento de los bisontes de Tarcu no ofrece una respuesta definitiva, pero s\u00ed una pista clara: cuando se les devuelve espacio, los grandes herb\u00edvoros reactivan procesos ecol\u00f3gicos que ning\u00fan tractor ni ninguna plantaci\u00f3n pueden imitar del todo.<\/p>\n\n\n\n<p>Para quienes toman decisiones de pol\u00edtica clim\u00e1tica y de conservaci\u00f3n, esta experiencia aporta algo muy valioso, datos reales sobre cu\u00e1nto carbono adicional puede capturar un paisaje cuando recupera parte de su fauna perdida.<\/p>\n\n\n\n<p>El comunicado oficial sobre este nuevo modelo y el papel de los bisontes de los Montes de Tarcu en la captura de carbono ha sido publicado por la <a href=\"https:\/\/globalrewilding.earth\/rewilded-bison-are-climate-heroes\/\" target=\"_blank\" rel=\"noopener\"><em>Global Rewilding Alliance<\/em><\/a>.<\/p>\n","protected":false},"excerpt":{"rendered":"<p>En solo una d\u00e9cada, la reintroducci\u00f3n del bisonte europeo en los Montes de Tarcu ha pasado de ser un experimento &#8230; <\/p>\n<p class=\"read-more-container\"><a title=\"Liberaron un pu\u00f1ado de bisontes en 2014 y lo que ha pasado en las monta\u00f1as de Ruman\u00eda en solo 10 a\u00f1os ha dejado a los zo\u00f3logos con la boca abierta\" class=\"read-more button\" href=\"https:\/\/www.ecoticias.com\/hoyeco\/liberaron-un-punado-de-bisontes-en-2014-y-lo-que-ha-pasado-en-las-montanas-de-rumania-en-solo-10-anos-ha-dejado-a-los-zoologos-con-la-boca-abierta\/33673\/#more-33673\" aria-label=\"Leer m\u00e1s sobre Liberaron un pu\u00f1ado de bisontes en 2014 y lo que ha pasado en las monta\u00f1as de Ruman\u00eda en solo 10 a\u00f1os ha dejado a los zo\u00f3logos con la boca abierta\">Read more<\/a><\/p>\n","protected":false},"author":18,"featured_media":33674,"comment_status":"open","ping_status":"","sticky":false,"template":"","format":"standard","meta":{"footnotes":""},"categories":[68],"tags":[],"class_list":["post-33673","post","type-post","status-publish","format-standard","has-post-thumbnail","hentry","category-ciencia","resize-featured-image"],"_links":{"self":[{"href":"https:\/\/www.ecoticias.com\/hoyeco\/wp-json\/wp\/v2\/posts\/33673","targetHints":{"allow":["GET"]}}],"collection":[{"href":"https:\/\/www.ecoticias.com\/hoyeco\/wp-json\/wp\/v2\/posts"}],"about":[{"href":"https:\/\/www.ecoticias.com\/hoyeco\/wp-json\/wp\/v2\/types\/post"}],"author":[{"embeddable":true,"href":"https:\/\/www.ecoticias.com\/hoyeco\/wp-json\/wp\/v2\/users\/18"}],"replies":[{"embeddable":true,"href":"https:\/\/www.ecoticias.com\/hoyeco\/wp-json\/wp\/v2\/comments?post=33673"}],"version-history":[{"count":1,"href":"https:\/\/www.ecoticias.com\/hoyeco\/wp-json\/wp\/v2\/posts\/33673\/revisions"}],"predecessor-version":[{"id":33675,"href":"https:\/\/www.ecoticias.com\/hoyeco\/wp-json\/wp\/v2\/posts\/33673\/revisions\/33675"}],"wp:featuredmedia":[{"embeddable":true,"href":"https:\/\/www.ecoticias.com\/hoyeco\/wp-json\/wp\/v2\/media\/33674"}],"wp:attachment":[{"href":"https:\/\/www.ecoticias.com\/hoyeco\/wp-json\/wp\/v2\/media?parent=33673"}],"wp:term":[{"taxonomy":"category","embeddable":true,"href":"https:\/\/www.ecoticias.com\/hoyeco\/wp-json\/wp\/v2\/categories?post=33673"},{"taxonomy":"post_tag","embeddable":true,"href":"https:\/\/www.ecoticias.com\/hoyeco\/wp-json\/wp\/v2\/tags?post=33673"}],"curies":[{"name":"wp","href":"https:\/\/api.w.org\/{rel}","templated":true}]}}