{"id":33927,"date":"2026-03-03T15:47:00","date_gmt":"2026-03-03T14:47:00","guid":{"rendered":"https:\/\/www.ecoticias.com\/hoyeco\/?p=33927"},"modified":"2026-02-27T16:54:04","modified_gmt":"2026-02-27T15:54:04","slug":"una-misteriosa-fuerza-oculta-en-el-atlantico-que-esta-deformando-la-estructura-de-espana-y-que-la-ciencia-acaba-de-revelar","status":"publish","type":"post","link":"https:\/\/www.ecoticias.com\/hoyeco\/una-misteriosa-fuerza-oculta-en-el-atlantico-que-esta-deformando-la-estructura-de-espana-y-que-la-ciencia-acaba-de-revelar\/33927\/","title":{"rendered":"Una misteriosa fuerza oculta en el Atl\u00e1ntico que est\u00e1 deformando la estructura de Espa\u00f1a y que la ciencia acaba de revelar"},"content":{"rendered":"\n<p>El protagonista es el <a href=\"https:\/\/agupubs.onlinelibrary.wiley.com\/doi\/10.1029\/2025GC012616\" target=\"_blank\" rel=\"noopener\">King&#8217;s Trough Complex<\/a>, un sistema de fosas y cuencas que se extiende unos 500 kil\u00f3metros en el Atl\u00e1ntico Norte, aproximadamente a 1.000 kil\u00f3metros al oeste de Portugal. En su extremo oriental se encuentra Peake Deep, una de las zonas m\u00e1s profundas de todo el oc\u00e9ano Atl\u00e1ntico.<\/p>\n\n\n\n<p>A diferencia de los grandes ca\u00f1ones en tierra, que el agua va tallando poco a poco, en el <a href=\"https:\/\/www.ecoticias.com\/hoyeco\/pacifico-volcan-axial-seamount\/17185\/\">fondo marino<\/a> no hay r\u00edos que puedan excavar valles de esa magnitud. Durante d\u00e9cadas se barajaron explicaciones distintas sobre esta depresi\u00f3n, desde simples estiramientos de la corteza hasta antiguas fronteras de placas. Incluso se lleg\u00f3 a estudiar la zona como posible lugar de almacenamiento de residuos radiactivos por considerarse muy estable.<\/p>\n\n\n\n<p>La nueva investigaci\u00f3n liderada por el centro <a href=\"https:\/\/www.geomar.de\/en\" target=\"_blank\" rel=\"noopener\">GEOMAR Helmholtz Centre for Ocean Research Kiel<\/a> re\u00fane por primera vez pruebas s\u00f3lidas de que la respuesta est\u00e1 en el interior profundo del planeta y en el modo en que se movieron las placas de Europa y \u00c1frica hace millones de a\u00f1os.<\/p>\n\n\n\n<h2 class=\"wp-block-heading\">Una frontera de placas que se comport\u00f3 como una cremallera<\/h2>\n\n\n\n<p>Seg\u00fan el estudio, entre unos 37 y 24 millones de a\u00f1os atr\u00e1s una <a href=\"https:\/\/www.ecoticias.com\/hoyeco\/asi-podria-nacer-un-nuevo-cinturon-sismico-global-y-empezaria-justo-en-el-estrecho-de-gibraltar\/31492\/\">frontera de placas<\/a> entre Europa y \u00c1frica atraves\u00f3 de manera temporal esta parte del Atl\u00e1ntico Norte. A lo largo de esa l\u00ednea la corteza oce\u00e1nica se estir\u00f3 y se rompi\u00f3, \u201cabri\u00e9ndose\u201d de este a oeste como si fuera una cremallera.<\/p>\n\n\n\n<p>Lo llamativo es que la corteza de esa regi\u00f3n ya era especial antes de que llegara la frontera de placas. Estaba engrosada y muy caliente por la subida de material desde el manto, una pluma mant\u00e9lica relacionada con una fase temprana de la actividad actual bajo las Azores. En palabras de la autora principal, Antje D\u00fcrkef\u00e4lden, los resultados \u201cexplican por primera vez por qu\u00e9 esta estructura se desarroll\u00f3 precisamente en este lugar\u201d.<\/p>\n\n\n\n<p>El coautor J\u00f6rg Geldmacher apunta que esta corteza \u201cengrosada y calentada\u201d habr\u00eda hecho la zona mec\u00e1nicamente m\u00e1s d\u00e9bil, de modo que la frontera de placas tendi\u00f3 a desplazarse por ah\u00ed. Cuando esa frontera se movi\u00f3 m\u00e1s al sur, hacia la regi\u00f3n de las Azores, el sistema dej\u00f3 de crecer y qued\u00f3 fosilizado en el fondo marino.<\/p>\n\n\n\n<h2 class=\"wp-block-heading\">Sonar, rocas y un barco de investigaci\u00f3n<\/h2>\n\n\n\n<p>Para reconstruir esta historia no basta con mirar un mapa. El equipo utiliz\u00f3 datos de la expedici\u00f3n <a href=\"https:\/\/oceanrep.geomar.de\/51804\/\" target=\"_blank\" rel=\"noopener\">M168<\/a> a bordo del buque de investigaci\u00f3n METEOR, realizada en 2020. All\u00ed cartografiaron el fondo con sonar de alta resoluci\u00f3n y recuperaron muestras de rocas volc\u00e1nicas mediante una \u201cdredge\u201d de cadena, un saco met\u00e1lico que raspa el fondo marino a varios miles de metros de profundidad.<\/p>\n\n\n\n<p>En laboratorio, estas rocas act\u00faan como un archivo. Su composici\u00f3n qu\u00edmica y su edad, determinadas en centros como la Universidad de Wisconsin Madison, permiten datar cu\u00e1ndo estuvieron activas las distintas fases volc\u00e1nicas y relacionarlas con el momento en que se abri\u00f3 la gran depresi\u00f3n. No es trabajo de un d\u00eda, pero pieza a pieza el puzle encaja.<\/p>\n\n\n\n<h2 class=\"wp-block-heading\">Por qu\u00e9 importa un ca\u00f1\u00f3n que no vemos<\/h2>\n\n\n\n<p>Tal vez te preguntes qu\u00e9 tiene que ver todo esto con la vida diaria, m\u00e1s all\u00e1 de la curiosidad cient\u00edfica. En realidad, bastante. El King\u2019s Trough muestra c\u00f3mo los procesos profundos del manto condicionan d\u00f3nde se deforman las placas y c\u00f3mo evoluciona un oc\u00e9ano entero, incluido el Atl\u00e1ntico que ba\u00f1a las costas de la pen\u00ednsula ib\u00e9rica.<\/p>\n\n\n\n<p>En la regi\u00f3n de las Azores se est\u00e1 formando hoy un sistema de fosas similar, el denominado <a href=\"https:\/\/science.nasa.gov\/earth\/earth-observatory\/terceira-island-azores-149982\/\" target=\"_blank\" rel=\"noopener\">Terceira Rift<\/a>, tambi\u00e9n sobre corteza oce\u00e1nica engrosada. Comprender este \u201cpariente antiguo\u201d ayuda a interpretar mejor los riesgos geol\u00f3gicos presentes y a valorar con m\u00e1s cuidado cualquier proyecto que pretenda usar el fondo marino como vertedero de residuos o como nueva frontera para la <a href=\"https:\/\/www.ecoticias.com\/hoyeco\/energia-prohibida-mares\/31196\/\">miner\u00eda<\/a>.<\/p>\n\n\n\n<p>En definitiva, bajo un tramo aparentemente tranquilo del Atl\u00e1ntico se esconde la huella de una Tierra muy activa. La ciencia empieza ahora a leer ese registro con m\u00e1s detalle, justo cuando el debate sobre c\u00f3mo usamos los <a href=\"https:\/\/www.ecoticias.com\/hoyeco\/mares-cambiaran-reactores-nucleares\/29514\/\">oc\u00e9anos<\/a> se vuelve cada vez m\u00e1s urgente.<\/p>\n\n\n\n<p>El estudio completo ha sido publicado en la revista<em> <a href=\"https:\/\/agupubs.onlinelibrary.wiley.com\/journal\/15252027\" target=\"_blank\" rel=\"noopener\">Geochemistry, Geophysics, Geosystems<\/a> de la<a href=\"https:\/\/www.agu.org\/\" target=\"_blank\" rel=\"noopener\">American Geophysical Union<\/a><\/em>.<\/p>\n","protected":false},"excerpt":{"rendered":"<p>El protagonista es el King&#8217;s Trough Complex, un sistema de fosas y cuencas que se extiende unos 500 kil\u00f3metros en &#8230; <\/p>\n<p class=\"read-more-container\"><a title=\"Una misteriosa fuerza oculta en el Atl\u00e1ntico que est\u00e1 deformando la estructura de Espa\u00f1a y que la ciencia acaba de revelar\" class=\"read-more button\" href=\"https:\/\/www.ecoticias.com\/hoyeco\/una-misteriosa-fuerza-oculta-en-el-atlantico-que-esta-deformando-la-estructura-de-espana-y-que-la-ciencia-acaba-de-revelar\/33927\/#more-33927\" aria-label=\"Leer m\u00e1s sobre Una misteriosa fuerza oculta en el Atl\u00e1ntico que est\u00e1 deformando la estructura de Espa\u00f1a y que la ciencia acaba de revelar\">Read more<\/a><\/p>\n","protected":false},"author":21,"featured_media":33928,"comment_status":"open","ping_status":"","sticky":false,"template":"","format":"standard","meta":{"footnotes":""},"categories":[2],"tags":[],"class_list":["post-33927","post","type-post","status-publish","format-standard","has-post-thumbnail","hentry","category-actualidad","resize-featured-image"],"_links":{"self":[{"href":"https:\/\/www.ecoticias.com\/hoyeco\/wp-json\/wp\/v2\/posts\/33927","targetHints":{"allow":["GET"]}}],"collection":[{"href":"https:\/\/www.ecoticias.com\/hoyeco\/wp-json\/wp\/v2\/posts"}],"about":[{"href":"https:\/\/www.ecoticias.com\/hoyeco\/wp-json\/wp\/v2\/types\/post"}],"author":[{"embeddable":true,"href":"https:\/\/www.ecoticias.com\/hoyeco\/wp-json\/wp\/v2\/users\/21"}],"replies":[{"embeddable":true,"href":"https:\/\/www.ecoticias.com\/hoyeco\/wp-json\/wp\/v2\/comments?post=33927"}],"version-history":[{"count":1,"href":"https:\/\/www.ecoticias.com\/hoyeco\/wp-json\/wp\/v2\/posts\/33927\/revisions"}],"predecessor-version":[{"id":33929,"href":"https:\/\/www.ecoticias.com\/hoyeco\/wp-json\/wp\/v2\/posts\/33927\/revisions\/33929"}],"wp:featuredmedia":[{"embeddable":true,"href":"https:\/\/www.ecoticias.com\/hoyeco\/wp-json\/wp\/v2\/media\/33928"}],"wp:attachment":[{"href":"https:\/\/www.ecoticias.com\/hoyeco\/wp-json\/wp\/v2\/media?parent=33927"}],"wp:term":[{"taxonomy":"category","embeddable":true,"href":"https:\/\/www.ecoticias.com\/hoyeco\/wp-json\/wp\/v2\/categories?post=33927"},{"taxonomy":"post_tag","embeddable":true,"href":"https:\/\/www.ecoticias.com\/hoyeco\/wp-json\/wp\/v2\/tags?post=33927"}],"curies":[{"name":"wp","href":"https:\/\/api.w.org\/{rel}","templated":true}]}}