{"id":33983,"date":"2026-03-05T15:42:00","date_gmt":"2026-03-05T14:42:00","guid":{"rendered":"https:\/\/www.ecoticias.com\/hoyeco\/?p=33983"},"modified":"2026-03-03T16:37:49","modified_gmt":"2026-03-03T15:37:49","slug":"el-agujero-de-gravedad-de-la-antartida-ya-no-es-misterio-cientificos-reconstruyen-70-millones-de-anos-y-senalan-un-subidon-brutal-entre-hace-50-y-30-millones-rocas-que-cambian-dens","status":"publish","type":"post","link":"https:\/\/www.ecoticias.com\/hoyeco\/el-agujero-de-gravedad-de-la-antartida-ya-no-es-misterio-cientificos-reconstruyen-70-millones-de-anos-y-senalan-un-subidon-brutal-entre-hace-50-y-30-millones-rocas-que-cambian-dens\/33983\/","title":{"rendered":"El \u2018agujero de gravedad\u2019 de la Ant\u00e1rtida ya no es misterio, cient\u00edficos reconstruyen 70 millones de a\u00f1os y se\u00f1alan un subid\u00f3n brutal entre hace 50 y 30 millones, rocas que cambian densidad bajo el hielo y un efecto que puede alterar el nivel del mar"},"content":{"rendered":"\n<p>Un nuevo estudio internacional ha reconstruido por primera vez la historia completa del llamado \u201cagujero de gravedad\u201d que se esconde bajo el hielo de la <a href=\"https:\/\/www.ecoticias.com\/hoyeco\/un-submarino-detecta-formas-extranas-bajo-el-hielo-de-la-antartida-y-poco-despues-se-pierde-la-senal\/31987\/\">Ant\u00e1rtida<\/a>. Esta enorme anomal\u00eda, la m\u00e1s intensa del planeta, se ha ido moldeando durante al menos 70 millones de a\u00f1os por movimientos muy lentos de roca en el interior de la Tierra y podr\u00eda ayudar a entender mejor la evoluci\u00f3n de las <a href=\"https:\/\/sealevel.nasa.gov\/understanding-sea-level\/regional-sea-level\/ice-sheets\/\" target=\"_blank\" rel=\"noopener\">capas de hielo<\/a> y del <a href=\"https:\/\/www.ecoticias.com\/hoyeco\/planeta-calentamiento-mares-deshielo\/24217\/\">nivel del mar<\/a> en el extremo sur del mundo.<\/p>\n\n\n\n<h2 class=\"wp-block-heading\">Qu\u00e9 es en realidad el \u201cagujero de gravedad\u201d<\/h2>\n\n\n\n<p>Lo primero es aclarar qu\u00e9 significa exactamente ese t\u00e9rmino tan llamativo. No hay un hueco bajo el continente ni un sitio donde una persona vaya a pesar notablemente menos. Los geof\u00edsicos hablan de una gran depresi\u00f3n del <a href=\"https:\/\/oceanservice.noaa.gov\/facts\/geoid.html\" target=\"_blank\" rel=\"noopener\">geoide<\/a>, conocida como <a href=\"https:\/\/www.eurekalert.org\/news-releases\/1116580\" target=\"_blank\" rel=\"noopener\">Antarctic Geoid Low<\/a>, una zona en la que la gravedad es un poco m\u00e1s d\u00e9bil que la media global.<\/p>\n\n\n\n<p>Ese peque\u00f1o cambio basta para que la superficie del oc\u00e9ano alrededor del continente se sit\u00fae unos 120 metros por debajo del valor medio del planeta seg\u00fan las estimaciones actuales. Para quien camina sobre el hielo la diferencia es invisible, pero para los oc\u00e9anos y para las capas de hielo no es un detalle menor. El agua tiende a acumularse donde la gravedad tira con m\u00e1s fuerza, as\u00ed que un \u201cbache\u201d gravitatorio tambi\u00e9n se convierte en un bache en la superficie del mar.<\/p>\n\n\n\n<h2 class=\"wp-block-heading\">Setenta millones de a\u00f1os de historia oculta bajo el hielo<\/h2>\n\n\n\n<p>El trabajo, liderado desde la <a href=\"https:\/\/news.ufl.edu\/2026\/02\/antarctic-gravity-hole\/\" target=\"_blank\" rel=\"noopener\">Universidad de Florida<\/a> y el <a href=\"https:\/\/www.ipgp.fr\/en\/news-and-agenda\/news\/beneath-antarctica-the-deep-time-story-behind-earths-largest-gravity-low\/\" target=\"_blank\" rel=\"noopener\">Institut de Physique du Globe de Paris<\/a>, combina registros de terremotos con modelos num\u00e9ricos que simulan hacia atr\u00e1s el movimiento del manto. Los autores lo comparan con hacer una especie de esc\u00e1ner m\u00e9dico al planeta, solo que las \u201cim\u00e1genes\u201d las proporcionan las ondas s\u00edsmicas que atraviesan rocas de distinta densidad a diferentes velocidades.<\/p>\n\n\n\n<p>Al rebobinar la circulaci\u00f3n interna de la Tierra, el equipo ha visto que la depresi\u00f3n gravitatoria ha estado presente al menos durante los \u00faltimos 70 millones de a\u00f1os. Al principio era m\u00e1s d\u00e9bil y estaba algo desplazada hacia el Atl\u00e1ntico sur. Entre hace unos 50 y 30 millones de a\u00f1os, su posici\u00f3n y su intensidad cambiaron de manera clara, justo en el mismo intervalo en que se produjo una desviaci\u00f3n significativa del eje de rotaci\u00f3n terrestre y comenz\u00f3 la gran <a href=\"https:\/\/www.ecoticias.com\/hoyeco\/el-glaciar-del-fin-del-mundo-podria-inundar-gran-parte-del-planeta\/31964\/\">glaciaci\u00f3n ant\u00e1rtica<\/a> que todav\u00eda hoy contin\u00faa.<\/p>\n\n\n\n<p>El modelo apunta a un juego de fuerzas en profundidad. Por un lado, antiguas placas oce\u00e1nicas muy densas se hundieron bajo el borde de la Ant\u00e1rtida, cargando de peso el manto profundo. Por otro, una amplia pluma de material m\u00e1s caliente y ligero ha ido ascendiendo durante decenas de millones de a\u00f1os, ganando protagonismo en las capas superiores del manto y reforzando la anomal\u00eda de gravedad en los \u00faltimos 35 o 40 millones de a\u00f1os.<\/p>\n\n\n\n<h2 class=\"wp-block-heading\">Qu\u00e9 tiene que ver la gravedad con el hielo y el nivel del mar<\/h2>\n\n\n\n<p>Aqu\u00ed llega la pregunta clave. Si la gravedad cambia muy poco de un sitio a otro, \u00bfpor qu\u00e9 deber\u00eda importar esto para el hielo y para la subida del mar que nos preocupa en las costas habitadas?<\/p>\n\n\n\n<p>Cuando o\u00edmos hablar de \u201csubida del nivel del mar\u201d solemos imaginar una l\u00ednea azul que se eleva igual en todas partes. En la pr\u00e1ctica, el relieve del geoide y estas anomal\u00edas de gravedad hacen que el oc\u00e9ano no tenga la misma altura relativa en todos los puntos del planeta. Por eso, si la depresi\u00f3n bajo la Ant\u00e1rtida se profundiza con el tiempo, el mar local puede bajar un poco respecto al continente, modificando la forma en que las capas de hielo se apoyan y flotan.<\/p>\n\n\n\n<p>Los autores insisten en que a\u00fan no han demostrado una relaci\u00f3n directa entre la evoluci\u00f3n de este \u201cagujero de gravedad\u201d y el nacimiento o el crecimiento de la capa de hielo ant\u00e1rtica. Ven una coincidencia en el tiempo y en la escala espacial y plantean una hip\u00f3tesis que deber\u00e1 probarse con nuevos modelos que acoplen gravedad, nivel del mar y deformaci\u00f3n del propio continente. Recuerdan adem\u00e1s que la glaciaci\u00f3n del sur se debi\u00f3 en buena parte a la ca\u00edda del CO\u2082, a cambios en la circulaci\u00f3n oce\u00e1nica y a la tect\u00f3nica, no solo al interior de la Tierra.<\/p>\n\n\n\n<h2 class=\"wp-block-heading\">Lo que viene ahora<\/h2>\n\n\n\n<p>El siguiente paso ser\u00e1 comprobar hasta qu\u00e9 punto estas variaciones de gravedad han afectado a las condiciones en el borde de las plataformas de hielo. En el fondo, lo que busca el equipo es responder a una pregunta muy sencilla en apariencia y muy compleja en la pr\u00e1ctica, en palabras de Alessandro Forte, entender \u201cc\u00f3mo se conecta nuestro clima con lo que ocurre dentro del planeta\u201d.<\/p>\n\n\n\n<p>Mientras llegan esos resultados, el nuevo mapa hist\u00f3rico de la anomal\u00eda m\u00e1s potente del geoide ayuda a separar el papel del <a href=\"https:\/\/www.ecoticias.com\/hoyeco\/teoria-tierra-centro-agua\/25251\/\">interior de la Tierra<\/a> del de la atm\u00f3sfera y los oc\u00e9anos. Y tambi\u00e9n mejora las correcciones que usan los sat\u00e9lites cuando miden cu\u00e1nto <a href=\"https:\/\/www.ecoticias.com\/hoyeco\/derretimiento-glaciares-groenlandia\/27958\/\">hielo<\/a> pierde la Ant\u00e1rtida y c\u00f3mo cambian los oc\u00e9anos, algo que a la larga se nota en los modelos que hablan de cent\u00edmetros de subida del mar.<\/p>\n\n\n\n<p>El estudio completo ha sido publicado en la revista <em><a href=\"https:\/\/www.nature.com\/articles\/s41598-025-28606-1\" target=\"_blank\" rel=\"noopener\">Scientific Reports<\/a><\/em>\u00a0<\/p>\n","protected":false},"excerpt":{"rendered":"<p>Un nuevo estudio internacional ha reconstruido por primera vez la historia completa del llamado \u201cagujero de gravedad\u201d que se esconde &#8230; <\/p>\n<p class=\"read-more-container\"><a title=\"El \u2018agujero de gravedad\u2019 de la Ant\u00e1rtida ya no es misterio, cient\u00edficos reconstruyen 70 millones de a\u00f1os y se\u00f1alan un subid\u00f3n brutal entre hace 50 y 30 millones, rocas que cambian densidad bajo el hielo y un efecto que puede alterar el nivel del mar\" class=\"read-more button\" href=\"https:\/\/www.ecoticias.com\/hoyeco\/el-agujero-de-gravedad-de-la-antartida-ya-no-es-misterio-cientificos-reconstruyen-70-millones-de-anos-y-senalan-un-subidon-brutal-entre-hace-50-y-30-millones-rocas-que-cambian-dens\/33983\/#more-33983\" aria-label=\"Leer m\u00e1s sobre El \u2018agujero de gravedad\u2019 de la Ant\u00e1rtida ya no es misterio, cient\u00edficos reconstruyen 70 millones de a\u00f1os y se\u00f1alan un subid\u00f3n brutal entre hace 50 y 30 millones, rocas que cambian densidad bajo el hielo y un efecto que puede alterar el nivel del mar\">Read more<\/a><\/p>\n","protected":false},"author":21,"featured_media":33984,"comment_status":"open","ping_status":"","sticky":false,"template":"","format":"standard","meta":{"footnotes":""},"categories":[68],"tags":[],"class_list":["post-33983","post","type-post","status-publish","format-standard","has-post-thumbnail","hentry","category-ciencia","resize-featured-image"],"_links":{"self":[{"href":"https:\/\/www.ecoticias.com\/hoyeco\/wp-json\/wp\/v2\/posts\/33983","targetHints":{"allow":["GET"]}}],"collection":[{"href":"https:\/\/www.ecoticias.com\/hoyeco\/wp-json\/wp\/v2\/posts"}],"about":[{"href":"https:\/\/www.ecoticias.com\/hoyeco\/wp-json\/wp\/v2\/types\/post"}],"author":[{"embeddable":true,"href":"https:\/\/www.ecoticias.com\/hoyeco\/wp-json\/wp\/v2\/users\/21"}],"replies":[{"embeddable":true,"href":"https:\/\/www.ecoticias.com\/hoyeco\/wp-json\/wp\/v2\/comments?post=33983"}],"version-history":[{"count":1,"href":"https:\/\/www.ecoticias.com\/hoyeco\/wp-json\/wp\/v2\/posts\/33983\/revisions"}],"predecessor-version":[{"id":33985,"href":"https:\/\/www.ecoticias.com\/hoyeco\/wp-json\/wp\/v2\/posts\/33983\/revisions\/33985"}],"wp:featuredmedia":[{"embeddable":true,"href":"https:\/\/www.ecoticias.com\/hoyeco\/wp-json\/wp\/v2\/media\/33984"}],"wp:attachment":[{"href":"https:\/\/www.ecoticias.com\/hoyeco\/wp-json\/wp\/v2\/media?parent=33983"}],"wp:term":[{"taxonomy":"category","embeddable":true,"href":"https:\/\/www.ecoticias.com\/hoyeco\/wp-json\/wp\/v2\/categories?post=33983"},{"taxonomy":"post_tag","embeddable":true,"href":"https:\/\/www.ecoticias.com\/hoyeco\/wp-json\/wp\/v2\/tags?post=33983"}],"curies":[{"name":"wp","href":"https:\/\/api.w.org\/{rel}","templated":true}]}}