{"id":34001,"date":"2026-03-06T07:56:00","date_gmt":"2026-03-06T06:56:00","guid":{"rendered":"https:\/\/www.ecoticias.com\/hoyeco\/?p=34001"},"modified":"2026-03-03T20:13:19","modified_gmt":"2026-03-03T19:13:19","slug":"un-rorcual-comun-aparece-muerto-en-valencia-y-el-dato-impresiona-casi-10-metros-y-unas-65-toneladas-en-un-espigon-del-real-club-nautico-ya-preparan-necropsia-con-el-oceanografic-y-la-universitat-de","status":"publish","type":"post","link":"https:\/\/www.ecoticias.com\/hoyeco\/un-rorcual-comun-aparece-muerto-en-valencia-y-el-dato-impresiona-casi-10-metros-y-unas-65-toneladas-en-un-espigon-del-real-club-nautico-ya-preparan-necropsia-con-el-oceanografic-y-la-universitat-de\/34001\/","title":{"rendered":"Un rorcual com\u00fan aparece muerto en Val\u00e8ncia y el dato impresiona, casi 10 metros y unas 6,5 toneladas en un espig\u00f3n del Real Club N\u00e1utico, ya preparan necropsia con el Oceanogr\u00e0fic y la Universitat de Val\u00e8ncia para saber qu\u00e9 pas\u00f3"},"content":{"rendered":"\n<p>Un rorcual com\u00fan hembra de unos 9 metros de longitud y unas 6,5 toneladas apareci\u00f3 sin vida en un espig\u00f3n de la bocana del Real Club N\u00e1utico de Valencia. El hallazgo lo hizo una embarcaci\u00f3n de la <a href=\"https:\/\/www.azulmarino.org\/\" target=\"_blank\" rel=\"noopener\">Fundaci\u00f3n Azul Marino<\/a>, que avis\u00f3 de inmediato a la Red de Varamientos de la Comunitat Valenciana y ayud\u00f3 a trasladar el cuerpo a una zona accesible para los equipos t\u00e9cnicos.<\/p>\n\n\n\n<p>Hasta el lugar acudieron veterinarios de la Fundaci\u00f3n Oceanogr\u00e0fic, t\u00e9cnicos de la Universitat de Val\u00e8ncia, agentes medioambientales del Ministerio para la Transici\u00f3n Ecol\u00f3gica y personal del propio club n\u00e1utico, con apoyo log\u00edstico de la empresa Valencia Charter. Sobre el muelle, en una zona donde normalmente solo se ven veleros y lanchas de recreo, el cuerpo de este \u201cgigante del Mediterr\u00e1neo\u201d recordaba que compartimos espacio con fauna mucho mayor de lo que parece.<\/p>\n\n\n\n<p>Los veterinarios han confirmado que se trata de un <a href=\"https:\/\/fundacion-biodiversidad.es\/proyecto_feder\/misticetos-del-mediterraneo-distribucion-migracion-y-conservacion-del-rorcual-comun-balaenoptera-physalus-en-aguas-espanolas-mysticmed\/\" target=\"_blank\" rel=\"noopener\">rorcual com\u00fan (Balaenoptera physalus)<\/a>, la segunda ballena m\u00e1s grande del planeta, solo por detr\u00e1s de la <a href=\"https:\/\/www.ecoticias.com\/hoyeco\/japon-centro-de-datos-barcos\/26102\/\">ballena azul<\/a>. Esta especie forma parte de la fauna habitual del <a href=\"https:\/\/www.ecoticias.com\/hoyeco\/cientificos-alerta-situacion-oceanos-mundo-mediterraneo-punto-caliente\/31858\/\">mar Mediterr\u00e1neo<\/a> espa\u00f1ol, donde utiliza zonas de paso y alimentaci\u00f3n mar adentro. Lo que no es habitual es encontrarla muerta en una infraestructura portuaria tan cercana a la costa, algo que enciende todas las alarmas cient\u00edficas.<\/p>\n\n\n\n<figure class=\"wp-block-embed is-type-video is-provider-youtube wp-block-embed-youtube wp-embed-aspect-16-9 wp-has-aspect-ratio\"><div class=\"wp-block-embed__wrapper\">\n<iframe loading=\"lazy\" title=\"Aparece un rorcual en el Club N\u00e1utico de Valencia.\" width=\"1200\" height=\"675\" src=\"https:\/\/www.youtube.com\/embed\/DNptdd0yovA?feature=oembed\" frameborder=\"0\" allow=\"accelerometer; autoplay; clipboard-write; encrypted-media; gyroscope; picture-in-picture; web-share\" referrerpolicy=\"strict-origin-when-cross-origin\" allowfullscreen><\/iframe>\n<\/div><figcaption class=\"wp-element-caption\">Intervenci\u00f3n tras hallarse el rorcual com\u00fan sin vida | V\u00eddeo: Oceanogr\u00e0fic Valencia Oficial<\/figcaption><\/figure>\n\n\n\n<p>La necropsia, que se realiza siguiendo los protocolos para grandes cet\u00e1ceos, permitir\u00e1 evaluar el estado general del animal, la condici\u00f3n corporal y la presencia de posibles lesiones internas o externas. En casos similares se investigan signos de colisi\u00f3n con embarcaciones, interacci\u00f3n con artes de pesca, infecciones o ingesti\u00f3n de pl\u00e1sticos. Los resultados pueden tardar, pero son la \u00fanica forma de pasar de la sospecha al dato medido.<\/p>\n\n\n\n<p>En paralelo, los cient\u00edficos recuerdan que el rorcual com\u00fan en el Mediterr\u00e1neo est\u00e1 sometido a varias presiones que se solapan. Informes recientes del proyecto <a href=\"https:\/\/intemares.es\/wp-content\/uploads\/2023\/11\/E1_Rorcual_comun_def.pdf\" target=\"_blank\" rel=\"noopener\">LIFE IP INTEMARES<\/a> se\u00f1alan entre las principales amenazas la colisi\u00f3n con grandes buques en rutas muy transitadas, el ruido submarino generado por motores y sonares y la contaminaci\u00f3n qu\u00edmica que se acumula en la <a href=\"https:\/\/www.ecoticias.com\/hoyeco\/criaturas-zooplancton-calentamiento-global\/26390\/\">cadena tr\u00f3fica<\/a>. \u00bfQu\u00e9 ocurre cuando un animal que puede superar las 20 toneladas comparte ruta con ferris, cargueros y cruceros que entran y salen sin descanso de nuestros puertos?<\/p>\n\n\n\n<p>Por eso cada varamiento de un gran cet\u00e1ceo es tambi\u00e9n una \u201ccaja negra\u201d ecol\u00f3gica. De c\u00f3mo se documente este caso depender\u00e1n mejores protocolos de navegaci\u00f3n, l\u00edmites de velocidad en zonas sensibles y medidas de gesti\u00f3n para reducir el ruido y el riesgo de choque en <a href=\"https:\/\/biodiversity.uma.es\/wp-content\/uploads\/Pathways-to-coexistence-between-large-cetaceans-and-maritime-transport-in-the-north-western-Mediterranean-region.pdf\" target=\"_blank\" rel=\"noopener\">corredores clave del Mediterr\u00e1neo<\/a>. No es un simple incidente aislado. Es un s\u00edntoma que obliga a mirar la <a href=\"https:\/\/www.ecoticias.com\/hoyeco\/vida-oceanos-microorganismo-peligro\/28628\/\">salud del mar<\/a> como un todo.<\/p>\n\n\n\n<p>Queda ahora esperar a lo que confirme el laboratorio. Mientras tanto, la recomendaci\u00f3n para cualquier persona que navegue o pasee por la costa es clara. Ante el avistamiento de un gran cet\u00e1ceo herido o <a href=\"https:\/\/fundacionoceanografic.org\/sumate\/que-hacer-si-encuentras-un-animalmarino-en-problemas\/\" target=\"_blank\" rel=\"noopener\">varado<\/a>, no acercarse con la embarcaci\u00f3n y avisar de inmediato al 112 o a la red auton\u00f3mica de varamientos.<\/p>\n\n\n\n<p>La comunicaci\u00f3n oficial sobre esta intervenci\u00f3n y la necropsia del rorcual com\u00fan ha sido difundida por la <strong><em>Fundaci\u00f3n Oceanogr\u00e0ficen<\/em><\/strong> sus canales.<\/p>\n","protected":false},"excerpt":{"rendered":"<p>Un rorcual com\u00fan hembra de unos 9 metros de longitud y unas 6,5 toneladas apareci\u00f3 sin vida en un espig\u00f3n &#8230; <\/p>\n<p class=\"read-more-container\"><a title=\"Un rorcual com\u00fan aparece muerto en Val\u00e8ncia y el dato impresiona, casi 10 metros y unas 6,5 toneladas en un espig\u00f3n del Real Club N\u00e1utico, ya preparan necropsia con el Oceanogr\u00e0fic y la Universitat de Val\u00e8ncia para saber qu\u00e9 pas\u00f3\" class=\"read-more button\" href=\"https:\/\/www.ecoticias.com\/hoyeco\/un-rorcual-comun-aparece-muerto-en-valencia-y-el-dato-impresiona-casi-10-metros-y-unas-65-toneladas-en-un-espigon-del-real-club-nautico-ya-preparan-necropsia-con-el-oceanografic-y-la-universitat-de\/34001\/#more-34001\" aria-label=\"Leer m\u00e1s sobre Un rorcual com\u00fan aparece muerto en Val\u00e8ncia y el dato impresiona, casi 10 metros y unas 6,5 toneladas en un espig\u00f3n del Real Club N\u00e1utico, ya preparan necropsia con el Oceanogr\u00e0fic y la Universitat de Val\u00e8ncia para saber qu\u00e9 pas\u00f3\">Read more<\/a><\/p>\n","protected":false},"author":21,"featured_media":34002,"comment_status":"open","ping_status":"","sticky":false,"template":"","format":"standard","meta":{"footnotes":""},"categories":[68],"tags":[],"class_list":["post-34001","post","type-post","status-publish","format-standard","has-post-thumbnail","hentry","category-ciencia","resize-featured-image"],"_links":{"self":[{"href":"https:\/\/www.ecoticias.com\/hoyeco\/wp-json\/wp\/v2\/posts\/34001","targetHints":{"allow":["GET"]}}],"collection":[{"href":"https:\/\/www.ecoticias.com\/hoyeco\/wp-json\/wp\/v2\/posts"}],"about":[{"href":"https:\/\/www.ecoticias.com\/hoyeco\/wp-json\/wp\/v2\/types\/post"}],"author":[{"embeddable":true,"href":"https:\/\/www.ecoticias.com\/hoyeco\/wp-json\/wp\/v2\/users\/21"}],"replies":[{"embeddable":true,"href":"https:\/\/www.ecoticias.com\/hoyeco\/wp-json\/wp\/v2\/comments?post=34001"}],"version-history":[{"count":1,"href":"https:\/\/www.ecoticias.com\/hoyeco\/wp-json\/wp\/v2\/posts\/34001\/revisions"}],"predecessor-version":[{"id":34005,"href":"https:\/\/www.ecoticias.com\/hoyeco\/wp-json\/wp\/v2\/posts\/34001\/revisions\/34005"}],"wp:featuredmedia":[{"embeddable":true,"href":"https:\/\/www.ecoticias.com\/hoyeco\/wp-json\/wp\/v2\/media\/34002"}],"wp:attachment":[{"href":"https:\/\/www.ecoticias.com\/hoyeco\/wp-json\/wp\/v2\/media?parent=34001"}],"wp:term":[{"taxonomy":"category","embeddable":true,"href":"https:\/\/www.ecoticias.com\/hoyeco\/wp-json\/wp\/v2\/categories?post=34001"},{"taxonomy":"post_tag","embeddable":true,"href":"https:\/\/www.ecoticias.com\/hoyeco\/wp-json\/wp\/v2\/tags?post=34001"}],"curies":[{"name":"wp","href":"https:\/\/api.w.org\/{rel}","templated":true}]}}