{"id":34070,"date":"2026-03-08T20:31:00","date_gmt":"2026-03-08T19:31:00","guid":{"rendered":"https:\/\/www.ecoticias.com\/hoyeco\/?p=34070"},"modified":"2026-03-05T15:02:39","modified_gmt":"2026-03-05T14:02:39","slug":"un-lago-gigante-aparece-casi-de-la-noche-a-la-manana-en-cordoba-colombia-tras-lluvias-extremas-y-un-patron-atmosferico-poco-habitual-las-imagenes-de-satelite-muestran-como-campos-enteros-se-convier","status":"publish","type":"post","link":"https:\/\/www.ecoticias.com\/hoyeco\/un-lago-gigante-aparece-casi-de-la-noche-a-la-manana-en-cordoba-colombia-tras-lluvias-extremas-y-un-patron-atmosferico-poco-habitual-las-imagenes-de-satelite-muestran-como-campos-enteros-se-convier\/34070\/","title":{"rendered":"Un lago gigante aparece casi de la noche a la ma\u00f1ana en C\u00f3rdoba, Colombia, tras lluvias extremas y un patr\u00f3n atmosf\u00e9rico poco habitual. Las im\u00e1genes de sat\u00e9lite muestran c\u00f3mo campos enteros se convierten en agua en cuesti\u00f3n de d\u00edas, y la explicaci\u00f3n no es tan sencilla."},"content":{"rendered":"\n<p>En pleno mes seco, amplias zonas de C\u00f3rdoba se han transformado en una gran l\u00e1mina de agua que se ve claramente desde los <a href=\"https:\/\/www.ecoticias.com\/hoyeco\/nasa-inundaciones-estados-unidos\/19604\/\">sat\u00e9lites<\/a>. Las im\u00e1genes de NASA Earth Observatory muestran campos y pastizales anegados a lo largo del r\u00edo Sin\u00fa, con humedales que han crecido hasta formar una enorme \u201cestructura acu\u00e1tica\u201d donde a finales de enero predominaba el suelo cultivable. Las agencias humanitarias estiman que m\u00e1s del 80 % del departamento ha quedado bajo el agua, con miles de viviendas destruidas, m\u00e1s de once mil familias desplazadas y alrededor de ciento cincuenta mil hect\u00e1reas agr\u00edcolas <a href=\"https:\/\/www.ecoticias.com\/hoyeco\/espana-alerta-roja-inundaciones\/18798\/\">inundadas<\/a>.<\/p>\n\n\n\n<h2 class=\"wp-block-heading\">Un frente fr\u00edo caribe\u00f1o en el peor momento<\/h2>\n\n\n\n<p>Febrero suele ser uno de los meses m\u00e1s secos del Caribe colombiano. Es cuando las familias campesinas preparan la siembra y el ganado vuelve a las vegas que se van secando. Este a\u00f1o la escena ha sido la contraria. Despu\u00e9s de un enero ya inusualmente lluvioso, un frente fr\u00edo poco habitual descendi\u00f3 desde el <a href=\"https:\/\/www.ecoticias.com\/hoyeco\/mundo-punto-frio-groenlandia\/25714\/\">Caribe<\/a> los d\u00edas 1 y 2 de febrero. Ese sistema empuj\u00f3 aire muy cargado de humedad hacia el interior y lo oblig\u00f3 a ascender sobre los Andes, lo que dispar\u00f3 tormentas intensas en cuesti\u00f3n de horas.<\/p>\n\n\n\n<p>Los datos analizados por <a href=\"https:\/\/science.nasa.gov\/mission\/landsat-9\/\" target=\"_blank\" rel=\"noopener\">Landsat 9<\/a> y por el sistema de precipitaci\u00f3n <a href=\"https:\/\/gpm.nasa.gov\/data\/imerg\" target=\"_blank\" rel=\"noopener\">IMERG<\/a> de la NASA indican acumulados diarios de entre cuatro y siete cent\u00edmetros de lluvia en varias zonas de C\u00f3rdoba, con picos de hasta uno coma siete cent\u00edmetros por hora cerca de Lorica durante la jornada m\u00e1s intensa. Para una regi\u00f3n que en estas fechas conf\u00eda en cielos estables, el cambio ha sido brusco. Lo que normalmente son caminos polvorientos se ha convertido en canales improvisados por los que solo se puede pasar en chalupa o en tractores elevados.<\/p>\n\n\n\n<h2 class=\"wp-block-heading\">Sat\u00e9lites para dibujar la \u201cmancha\u201d de inundaci\u00f3n<\/h2>\n\n\n\n<p>En las im\u00e1genes en falso color captadas el 9 de febrero, las aguas oscuras cubren explotaciones agr\u00edcolas, pastos y varias comunidades en la margen occidental del Sin\u00fa. Al este, un complejo de humedales aparece con niveles de agua muy superiores a los habituales, lo que en la pr\u00e1ctica se ve como un gran \u201cespejo\u201d continuo que conecta zonas que antes estaban separadas.<\/p>\n\n\n\n<p>Mientras tanto, la Unidad Nacional para la Gesti\u00f3n del Riesgo de Desastres (<a href=\"https:\/\/portal.gestiondelriesgo.gov.co\/Paginas\/Noticias\/2026\/Con-tecnologia-satelital-UNGRD-identifica-mancha-de-inundacion-en-Cordoba.aspx\" target=\"_blank\" rel=\"noopener\">UNGRD<\/a>) ha recurrido a mapeo satelital de alta resoluci\u00f3n para cuantificar la emergencia. Con apoyo de la International Charter Space &amp; Major Disasters y del servicio de emergencias de <a href=\"https:\/\/mapping.emergency.copernicus.eu\/news\/flood-in-cordoba-colombia-emsr865\/\" target=\"_blank\" rel=\"noopener\">Copernicus<\/a> Emergency Mapping Service, el pa\u00eds dispone ya de m\u00e1s de ciento cincuenta productos satelitales que delimitan con precisi\u00f3n la \u201cmancha\u201d de agua. Esos an\u00e1lisis se\u00f1alan unas doscientas treinta y seis mil hect\u00e1reas afectadas en el Caribe, de las cuales unas ciento trece mil se concentran en C\u00f3rdoba.<\/p>\n\n\n\n<p>Detr\u00e1s de cada cifra hay impactos muy concretos. Parcelas de arroz y ma\u00edz que iban a sembrarse han quedado bajo varios palmos de <a href=\"https:\/\/www.ecoticias.com\/hoyeco\/espana-crisis-hidrica\/30882\/\">agua<\/a>. Las reses, clave para la econom\u00eda local, se han tenido que mover a los pocos promontorios secos disponibles, con sobrecarga de pastos y aumento del riesgo sanitario. Y muchas familias han perdido no solo la casa, tambi\u00e9n corrales, gallinas y herramientas.<\/p>\n\n\n\n<h2 class=\"wp-block-heading\">Cuando la temporada seca deja de ser fiable<\/h2>\n\n\n\n<p>Las lluvias han sido, adem\u00e1s de intensas, \u201cmuy excepcionales\u201d desde el punto de vista meteorol\u00f3gico. El grupo <a href=\"https:\/\/www.climameter.org\/20260201-03-colombia-floods\" target=\"_blank\" rel=\"noopener\">ClimaMeter<\/a> ha realizado un estudio r\u00e1pido de atribuci\u00f3n que compara este episodio con situaciones atmosf\u00e9ricas similares del pasado. Sus resultados indican que, bajo patrones de circulaci\u00f3n equivalentes, el clima actual aporta entre seis y ocho mil\u00edmetros adicionales de lluvia al d\u00eda, lo que supone un aumento aproximado del diez al quince por ciento en la intensidad de las precipitaciones.<\/p>\n\n\n\n<p>Seg\u00fan este an\u00e1lisis, la atm\u00f3sfera sobre el norte de Colombia es ahora alrededor de uno a uno coma cinco grados m\u00e1s c\u00e1lida que hace unas d\u00e9cadas. Un aire m\u00e1s caliente puede retener m\u00e1s vapor de agua y, cuando se dan las condiciones adecuadas, descargarlo en forma de tormentas m\u00e1s copiosas. Los autores concluyen que el episodio se explica por una combinaci\u00f3n de condiciones meteorol\u00f3gicas muy raras y de un fondo <a href=\"https:\/\/www.ecoticias.com\/hoyeco\/clima-cambiando-asturias\/24264\/\">clim\u00e1tico<\/a> m\u00e1s c\u00e1lido y h\u00famedo en buena parte asociado a la acci\u00f3n humana.<\/p>\n\n\n\n<p>El diagn\u00f3stico encaja con lo que advierte el <a href=\"https:\/\/www.ipcc.ch\/report\/ar6\/wg1\/downloads\/report\/IPCC_AR6_WGI_SPM.pdf\" target=\"_blank\" rel=\"noopener\">IPCC<\/a> en su \u00faltimo gran informe, donde se\u00f1ala que los episodios de lluvia extrema se est\u00e1n intensificando y ser\u00e1n m\u00e1s frecuentes en muchas regiones a medida que aumente la temperatura media del planeta. No significa que cada inundaci\u00f3n concreta \u201csea culpa\u201d del cambio clim\u00e1tico, pero s\u00ed que, cuando llega un frente fr\u00edo fuera de temporada como este, el sistema clim\u00e1tico actual tiene m\u00e1s gasolina para convertirlo en un diluvio.<\/p>\n\n\n\n<p>Para las comunidades de C\u00f3rdoba la lecci\u00f3n es inc\u00f3moda y muy tangible. La temporada \u201csegura\u201d para preparar cultivos y mover ganado ya no es tan segura. Y la gesti\u00f3n del territorio, desde la protecci\u00f3n de humedales hasta la planificaci\u00f3n urban\u00edstica, tendr\u00e1 que asumir que estos episodios dejan de ser ciencia ficci\u00f3n para convertirse en un riesgo recurrente.<\/p>\n\n\n\n<p>El an\u00e1lisis con im\u00e1genes de sat\u00e9lite sobre estas inundaciones se ha publicado en el portal <a href=\"https:\/\/science.nasa.gov\/earth\/earth-observatory\/dry-season-floods-drench-northern-colombia\/\" target=\"_blank\" rel=\"noopener\">NASA<\/a> Earth Observatory y puede consultarse en Dry-Season Floods Drench Northern Colombia.<\/p>\n","protected":false},"excerpt":{"rendered":"<p>En pleno mes seco, amplias zonas de C\u00f3rdoba se han transformado en una gran l\u00e1mina de agua que se ve &#8230; <\/p>\n<p class=\"read-more-container\"><a title=\"Un lago gigante aparece casi de la noche a la ma\u00f1ana en C\u00f3rdoba, Colombia, tras lluvias extremas y un patr\u00f3n atmosf\u00e9rico poco habitual. Las im\u00e1genes de sat\u00e9lite muestran c\u00f3mo campos enteros se convierten en agua en cuesti\u00f3n de d\u00edas, y la explicaci\u00f3n no es tan sencilla.\" class=\"read-more button\" href=\"https:\/\/www.ecoticias.com\/hoyeco\/un-lago-gigante-aparece-casi-de-la-noche-a-la-manana-en-cordoba-colombia-tras-lluvias-extremas-y-un-patron-atmosferico-poco-habitual-las-imagenes-de-satelite-muestran-como-campos-enteros-se-convier\/34070\/#more-34070\" aria-label=\"Leer m\u00e1s sobre Un lago gigante aparece casi de la noche a la ma\u00f1ana en C\u00f3rdoba, Colombia, tras lluvias extremas y un patr\u00f3n atmosf\u00e9rico poco habitual. Las im\u00e1genes de sat\u00e9lite muestran c\u00f3mo campos enteros se convierten en agua en cuesti\u00f3n de d\u00edas, y la explicaci\u00f3n no es tan sencilla.\">Read more<\/a><\/p>\n","protected":false},"author":21,"featured_media":34071,"comment_status":"open","ping_status":"","sticky":false,"template":"","format":"standard","meta":{"footnotes":""},"categories":[68],"tags":[],"class_list":["post-34070","post","type-post","status-publish","format-standard","has-post-thumbnail","hentry","category-ciencia","resize-featured-image"],"_links":{"self":[{"href":"https:\/\/www.ecoticias.com\/hoyeco\/wp-json\/wp\/v2\/posts\/34070","targetHints":{"allow":["GET"]}}],"collection":[{"href":"https:\/\/www.ecoticias.com\/hoyeco\/wp-json\/wp\/v2\/posts"}],"about":[{"href":"https:\/\/www.ecoticias.com\/hoyeco\/wp-json\/wp\/v2\/types\/post"}],"author":[{"embeddable":true,"href":"https:\/\/www.ecoticias.com\/hoyeco\/wp-json\/wp\/v2\/users\/21"}],"replies":[{"embeddable":true,"href":"https:\/\/www.ecoticias.com\/hoyeco\/wp-json\/wp\/v2\/comments?post=34070"}],"version-history":[{"count":1,"href":"https:\/\/www.ecoticias.com\/hoyeco\/wp-json\/wp\/v2\/posts\/34070\/revisions"}],"predecessor-version":[{"id":34072,"href":"https:\/\/www.ecoticias.com\/hoyeco\/wp-json\/wp\/v2\/posts\/34070\/revisions\/34072"}],"wp:featuredmedia":[{"embeddable":true,"href":"https:\/\/www.ecoticias.com\/hoyeco\/wp-json\/wp\/v2\/media\/34071"}],"wp:attachment":[{"href":"https:\/\/www.ecoticias.com\/hoyeco\/wp-json\/wp\/v2\/media?parent=34070"}],"wp:term":[{"taxonomy":"category","embeddable":true,"href":"https:\/\/www.ecoticias.com\/hoyeco\/wp-json\/wp\/v2\/categories?post=34070"},{"taxonomy":"post_tag","embeddable":true,"href":"https:\/\/www.ecoticias.com\/hoyeco\/wp-json\/wp\/v2\/tags?post=34070"}],"curies":[{"name":"wp","href":"https:\/\/api.w.org\/{rel}","templated":true}]}}