{"id":34147,"date":"2026-03-11T08:22:00","date_gmt":"2026-03-11T07:22:00","guid":{"rendered":"https:\/\/www.ecoticias.com\/hoyeco\/?p=34147"},"modified":"2026-03-11T08:18:16","modified_gmt":"2026-03-11T07:18:16","slug":"japon-activa-por-fin-su-colosal-central-nuclear-y-pone-a-prueba-la-seguridad-de-todo-el-sistema","status":"publish","type":"post","link":"https:\/\/www.ecoticias.com\/hoyeco\/japon-activa-por-fin-su-colosal-central-nuclear-y-pone-a-prueba-la-seguridad-de-todo-el-sistema\/34147\/","title":{"rendered":"Jap\u00f3n activa por fin su colosal central nuclear y pone a prueba la seguridad de todo el sistema"},"content":{"rendered":"\n<p>La mayor central nuclear de <a href=\"https:\/\/www.ecoticias.com\/hoyeco\/japon-energia-nuclear\/26748\/\">Jap\u00f3n<\/a> ha vuelto a ponerse en marcha. La unidad 6 de la planta de Kashiwazaki-Kariwa, en la prefectura de Niigata, reinici\u00f3 su reactor el 9 de febrero tras casi catorce a\u00f1os parada desde el accidente de Fukushima. Es el primer reactor que la el\u00e9ctrica Tokyo Electric Power Company (TEPCO) reactiva desde 2011. El gobierno presenta el regreso de esta central como una pieza para reducir la dependencia del gas importado y avanzar hacia la neutralidad clim\u00e1tica en 2050. La cuesti\u00f3n es sencilla. \u00bfQu\u00e9 se gana y qu\u00e9 se arriesga?<\/p>\n\n\n\n<p>TEPCO arranc\u00f3 por primera vez la unidad 6 el 21 de enero, pero la detuvo un d\u00eda despu\u00e9s cuando se activ\u00f3 una alarma en el sistema de monitorizaci\u00f3n. La empresa asegur\u00f3 que se trataba de peque\u00f1as variaciones en la corriente de un cable dentro de los m\u00e1rgenes de seguridad y cambi\u00f3 la configuraci\u00f3n de la alarma antes de intentarlo de nuevo. Tras nuevas comprobaciones, la compa\u00f1\u00eda volvi\u00f3 a iniciar el reactor el 9 de febrero y est\u00e1 elevando la potencia de manera gradual mientras revisa equipos clave. Si no aparecen nuevos problemas, la planta entrar\u00e1 en operaci\u00f3n comercial plena a partir del 18 de marzo.<\/p>\n\n\n\n<p>La unidad 6 es un reactor de 1 356 megavatios y, seg\u00fan estimaciones divulgadas por la Agencia de Informaci\u00f3n de la Energ\u00eda de Estados Unidos (EIA), podr\u00eda desplazar alrededor de 1,3 millones de toneladas de gas natural licuado al a\u00f1o. El mismo organismo calcula que, una vez a pleno rendimiento, generar\u00e1 cerca de 9 500 gigavatios hora anuales y sustituir\u00e1 sobre todo electricidad producida con gas f\u00f3sil. En gran medida, esto recorta emisiones de CO\u2082 y alivia la presi\u00f3n sobre un <a href=\"https:\/\/www.ecoticias.com\/hoyeco\/futuro-energia-nuclear\/30470\/\">sistema el\u00e9ctrico<\/a> muy tensionado por los altos precios de los combustibles f\u00f3siles y el aumento de la demanda.<\/p>\n\n\n\n<p>Sin embargo, la reapertura de Kashiwazaki-Kariwa se vive de forma muy distinta en parte de la sociedad japonesa. El Centro de Informaci\u00f3n Nuclear de Ciudadanos ha denunciado que el reactor se ha reactivado \u201ccontra la voluntad de la mayor\u00eda de los residentes de la prefectura\u201d y recuerda que la declaraci\u00f3n de emergencia nuclear por el desastre de Fukushima sigue en vigor. La organizaci\u00f3n se\u00f1ala incidentes recientes con barras de control, fallos de alarmas y <a href=\"https:\/\/www.ecoticias.com\/hoyeco\/energia-nuclear-destruccion\/30502\/\">problemas de seguridad<\/a> que han erosionado la confianza en el operador y en el regulador. Tambi\u00e9n recuerda simulaciones oficiales que dibujan evacuaciones muy complicadas en caso de accidente grave, sobre todo con nieve y carreteras bloqueadas, por lo que cuestiona si se ha construido una cultura de seguridad s\u00f3lida o si pesa m\u00e1s la urgencia por asegurar suministro.<\/p>\n\n\n\n<p>Todo esto ocurre mientras los expertos en energ\u00eda insisten en que, para que Jap\u00f3n alcance sus metas clim\u00e1ticas, las energ\u00edas renovables deber\u00e1n convertirse en la columna vertebral del sistema el\u00e9ctrico y la nuclear en un complemento limitado. <a href=\"https:\/\/www.sciencedirect.com\/science\/article\/abs\/pii\/S1364032122008243\" target=\"_blank\" rel=\"noopener\">Varios estudios<\/a> apuntan a que solo un mix donde la e\u00f3lica, la solar y otras fuentes limpias sean claramente mayoritarias resulta compatible con los objetivos de descarbonizaci\u00f3n a mitad de siglo. A corto plazo, sin embargo, cada reactor que vuelve a la red reduce la necesidad de quemar gas y carb\u00f3n, por lo que el debate ya no es solo <a href=\"https:\/\/www.ecoticias.com\/hoyeco\/espana-energia-limpia\/31050\/\">nuclear s\u00ed o nuclear no<\/a>, sino con qu\u00e9 reglas y controles se toman estas decisiones y cu\u00e1nta participaci\u00f3n ciudadana se permite.<\/p>\n\n\n\n<p>El comunicado oficial sobre el arranque del reactor de la central de Kashiwazaki-Kariwa ha sido publicado por <a href=\"https:\/\/www.tepco.co.jp\/en\/hd\/newsroom\/announcements\/archives\/2026\/pdf\/260121e0101.pdf\" target=\"_blank\" rel=\"noopener\"><em>TEPCO<\/em><\/a>.<\/p>\n","protected":false},"excerpt":{"rendered":"<p>La mayor central nuclear de Jap\u00f3n ha vuelto a ponerse en marcha. La unidad 6 de la planta de Kashiwazaki-Kariwa, &#8230; <\/p>\n<p class=\"read-more-container\"><a title=\"Jap\u00f3n activa por fin su colosal central nuclear y pone a prueba la seguridad de todo el sistema\" class=\"read-more button\" href=\"https:\/\/www.ecoticias.com\/hoyeco\/japon-activa-por-fin-su-colosal-central-nuclear-y-pone-a-prueba-la-seguridad-de-todo-el-sistema\/34147\/#more-34147\" aria-label=\"Leer m\u00e1s sobre Jap\u00f3n activa por fin su colosal central nuclear y pone a prueba la seguridad de todo el sistema\">Read more<\/a><\/p>\n","protected":false},"author":21,"featured_media":34148,"comment_status":"open","ping_status":"closed","sticky":false,"template":"","format":"standard","meta":{"footnotes":""},"categories":[5],"tags":[],"class_list":["post-34147","post","type-post","status-publish","format-standard","has-post-thumbnail","hentry","category-energia","resize-featured-image"],"_links":{"self":[{"href":"https:\/\/www.ecoticias.com\/hoyeco\/wp-json\/wp\/v2\/posts\/34147","targetHints":{"allow":["GET"]}}],"collection":[{"href":"https:\/\/www.ecoticias.com\/hoyeco\/wp-json\/wp\/v2\/posts"}],"about":[{"href":"https:\/\/www.ecoticias.com\/hoyeco\/wp-json\/wp\/v2\/types\/post"}],"author":[{"embeddable":true,"href":"https:\/\/www.ecoticias.com\/hoyeco\/wp-json\/wp\/v2\/users\/21"}],"replies":[{"embeddable":true,"href":"https:\/\/www.ecoticias.com\/hoyeco\/wp-json\/wp\/v2\/comments?post=34147"}],"version-history":[{"count":2,"href":"https:\/\/www.ecoticias.com\/hoyeco\/wp-json\/wp\/v2\/posts\/34147\/revisions"}],"predecessor-version":[{"id":34257,"href":"https:\/\/www.ecoticias.com\/hoyeco\/wp-json\/wp\/v2\/posts\/34147\/revisions\/34257"}],"wp:featuredmedia":[{"embeddable":true,"href":"https:\/\/www.ecoticias.com\/hoyeco\/wp-json\/wp\/v2\/media\/34148"}],"wp:attachment":[{"href":"https:\/\/www.ecoticias.com\/hoyeco\/wp-json\/wp\/v2\/media?parent=34147"}],"wp:term":[{"taxonomy":"category","embeddable":true,"href":"https:\/\/www.ecoticias.com\/hoyeco\/wp-json\/wp\/v2\/categories?post=34147"},{"taxonomy":"post_tag","embeddable":true,"href":"https:\/\/www.ecoticias.com\/hoyeco\/wp-json\/wp\/v2\/tags?post=34147"}],"curies":[{"name":"wp","href":"https:\/\/api.w.org\/{rel}","templated":true}]}}