{"id":34153,"date":"2026-03-11T12:38:00","date_gmt":"2026-03-11T11:38:00","guid":{"rendered":"https:\/\/www.ecoticias.com\/hoyeco\/?p=34153"},"modified":"2026-03-11T08:19:02","modified_gmt":"2026-03-11T07:19:02","slug":"japon-da-luz-verde-a-la-mayor-central-atomica-del-planeta-para-frenar-la-crisis-energetica","status":"publish","type":"post","link":"https:\/\/www.ecoticias.com\/hoyeco\/japon-da-luz-verde-a-la-mayor-central-atomica-del-planeta-para-frenar-la-crisis-energetica\/34153\/","title":{"rendered":"Jap\u00f3n da luz verde a la mayor central at\u00f3mica del planeta para frenar la crisis energ\u00e9tica"},"content":{"rendered":"\n<p>Tras quince a\u00f1os de par\u00f3n desde el <a href=\"https:\/\/www.ecoticias.com\/hoyeco\/japon-energia-nuclear\/26748\/\">desastre de Fukushima<\/a>, Jap\u00f3n ha vuelto a encender una de sus piezas clave del sistema el\u00e9ctrico. La central nuclear de Kashiwazaki Kariwa en la prefectura de Niigata y considerada la mayor del mundo, reactiv\u00f3 el 9 de febrero su reactor 6. Es el primer reactor de Tokyo Electric Power Company (TEPCO) que vuelve a funcionar desde las fusiones de la central nuclear de Fukushima Daiichi en 2011, en plena carrera por recortar emisiones de CO2.<\/p>\n\n\n\n<p>El reinicio no ha sido sencillo. En enero, un primer intento se cancel\u00f3 a las pocas horas por una alarma en el sistema de barras de control. Las revisiones apuntaron a un error en el ajuste de esa alarma y no en la seguridad del reactor, seg\u00fan la empresa. Ahora TEPCO aumenta la potencia de forma gradual y aspira a que la unidad entre en operaci\u00f3n comercial a mediados de marzo, tras nuevas inspecciones de la Autoridad de Regulaci\u00f3n Nuclear de Jap\u00f3n (NRA).<\/p>\n\n\n\n<p>\u00bfQu\u00e9 cambia esto para el clima? Seg\u00fan la Administraci\u00f3n de Informaci\u00f3n Energ\u00e9tica de Estados Unidos (EIA) el reactor 6 tiene una potencia de unos mil trescientos cincuenta megavatios y su generaci\u00f3n sustituir\u00e1 sobre todo a <a href=\"https:\/\/www.ecoticias.com\/hoyeco\/japon-el-santo-grial-de-la-energia\/31145\/\">centrales de gas<\/a>. El organismo calcula que as\u00ed se evitar\u00e1 cada a\u00f1o la importaci\u00f3n de alrededor de un mill\u00f3n trescientas mil toneladas de gas natural licuado, un alivio para un pa\u00eds dependiente de facturas de la luz.<\/p>\n\n\n\n<p>Con el regreso de Kashiwazaki Kariwa, Jap\u00f3n tiene quince reactores en marcha y la nuclear aporta cerca de nueve por ciento de la electricidad, mientras el gas natural ronda una tercera parte del mix. El <a href=\"https:\/\/eneken.ieej.or.jp\/data\/13074.pdf\" target=\"_blank\" rel=\"noopener\">plan oficial<\/a> es que la energ\u00eda at\u00f3mica llegue a alrededor de veinte por ciento hacia 2040 como complemento a las <a href=\"https:\/\/www.ecoticias.com\/hoyeco\/superpanel-solar-japon-millones\/26402\/\">renovables<\/a>, lo que implicar\u00e1 m\u00e1s reactivaciones en un pa\u00eds s\u00edsmico donde el recuerdo de Fukushima sigue muy vivo.<\/p>\n\n\n\n<p>En Niigata, el gobernador Hideyo Hanazumi dio su visto bueno pol\u00edtico, pero encuestas recientes se\u00f1alan que la mayor\u00eda de la poblaci\u00f3n local sigue recelosa. La planta se ha reforzado con un muro frente a tsunamis de unos quince metros y nuevos sistemas de emergencia en zonas m\u00e1s altas, aunque los fallos pasados de seguridad pesan sobre la confianza en la empresa. La cuesti\u00f3n es si esta apuesta nuclear puede ayudar a Jap\u00f3n a reducir <a href=\"https:\/\/www.ecoticias.com\/hoyeco\/energia-nuclear-japon\/24975\/\">CO2<\/a> sin repetir errores.&nbsp;<\/p>\n\n\n\n<p>El anuncio oficial \u00abReactor Startup of Kashiwazaki-Kariwa Nuclear Power Station Unit 6\u00bb ha sido publicado en la <a href=\"https:\/\/www.tepco.co.jp\/en\/hd\/newsroom\/announcements\/archives\/2026\/pdf\/260121e0101.pdf\" target=\"_blank\" rel=\"noopener\"><em>web corporativa de TEPCO<\/em><\/a>.<\/p>\n","protected":false},"excerpt":{"rendered":"<p>Tras quince a\u00f1os de par\u00f3n desde el desastre de Fukushima, Jap\u00f3n ha vuelto a encender una de sus piezas clave &#8230; <\/p>\n<p class=\"read-more-container\"><a title=\"Jap\u00f3n da luz verde a la mayor central at\u00f3mica del planeta para frenar la crisis energ\u00e9tica\" class=\"read-more button\" href=\"https:\/\/www.ecoticias.com\/hoyeco\/japon-da-luz-verde-a-la-mayor-central-atomica-del-planeta-para-frenar-la-crisis-energetica\/34153\/#more-34153\" aria-label=\"Leer m\u00e1s sobre Jap\u00f3n da luz verde a la mayor central at\u00f3mica del planeta para frenar la crisis energ\u00e9tica\">Read more<\/a><\/p>\n","protected":false},"author":17,"featured_media":34154,"comment_status":"open","ping_status":"closed","sticky":false,"template":"","format":"standard","meta":{"footnotes":""},"categories":[3],"tags":[],"class_list":["post-34153","post","type-post","status-publish","format-standard","has-post-thumbnail","hentry","category-construccion","resize-featured-image"],"_links":{"self":[{"href":"https:\/\/www.ecoticias.com\/hoyeco\/wp-json\/wp\/v2\/posts\/34153","targetHints":{"allow":["GET"]}}],"collection":[{"href":"https:\/\/www.ecoticias.com\/hoyeco\/wp-json\/wp\/v2\/posts"}],"about":[{"href":"https:\/\/www.ecoticias.com\/hoyeco\/wp-json\/wp\/v2\/types\/post"}],"author":[{"embeddable":true,"href":"https:\/\/www.ecoticias.com\/hoyeco\/wp-json\/wp\/v2\/users\/17"}],"replies":[{"embeddable":true,"href":"https:\/\/www.ecoticias.com\/hoyeco\/wp-json\/wp\/v2\/comments?post=34153"}],"version-history":[{"count":2,"href":"https:\/\/www.ecoticias.com\/hoyeco\/wp-json\/wp\/v2\/posts\/34153\/revisions"}],"predecessor-version":[{"id":34260,"href":"https:\/\/www.ecoticias.com\/hoyeco\/wp-json\/wp\/v2\/posts\/34153\/revisions\/34260"}],"wp:featuredmedia":[{"embeddable":true,"href":"https:\/\/www.ecoticias.com\/hoyeco\/wp-json\/wp\/v2\/media\/34154"}],"wp:attachment":[{"href":"https:\/\/www.ecoticias.com\/hoyeco\/wp-json\/wp\/v2\/media?parent=34153"}],"wp:term":[{"taxonomy":"category","embeddable":true,"href":"https:\/\/www.ecoticias.com\/hoyeco\/wp-json\/wp\/v2\/categories?post=34153"},{"taxonomy":"post_tag","embeddable":true,"href":"https:\/\/www.ecoticias.com\/hoyeco\/wp-json\/wp\/v2\/tags?post=34153"}],"curies":[{"name":"wp","href":"https:\/\/api.w.org\/{rel}","templated":true}]}}