{"id":34159,"date":"2026-03-11T18:51:00","date_gmt":"2026-03-11T17:51:00","guid":{"rendered":"https:\/\/www.ecoticias.com\/hoyeco\/?p=34159"},"modified":"2026-03-11T08:19:57","modified_gmt":"2026-03-11T07:19:57","slug":"logran-lo-que-parecia-imposible-liberar-al-primer-jaguar-en-libertad-para-salvar-a-su-especie","status":"publish","type":"post","link":"https:\/\/www.ecoticias.com\/hoyeco\/logran-lo-que-parecia-imposible-liberar-al-primer-jaguar-en-libertad-para-salvar-a-su-especie\/34159\/","title":{"rendered":"Logran lo que parec\u00eda imposible: liberar al primer jaguar en libertad para salvar a su especie"},"content":{"rendered":"\n<p>En Bolivia se prepara algo que hace solo unos a\u00f1os sonaba remoto, la primera liberaci\u00f3n de un jaguar rehabilitado en su propio territorio. La protagonista es Yaguara, una hembra que perdi\u00f3 a su madre en los grandes incendios de 2024 y que, tras casi dos a\u00f1os de cuidados, est\u00e1 lista para regresar a la selva en un momento clave para la conservaci\u00f3n del mayor felino de Am\u00e9rica en el pa\u00eds.<\/p>\n\n\n\n<p>Cuando la encontraron, Yaguara ten\u00eda alrededor de ocho meses. Ella y su hermano hab\u00edan huido del fuego y acabaron en una hacienda ganadera, donde los persiguieron a caballo. El macho logr\u00f3 escapar; a ella la hallaron amarrada, deshidratada y a la defensiva. \u201cTiene una chance m\u00ednima de sobrevivir sin la mam\u00e1\u201d, admite la activista Tania Baltazar, con d\u00e9cadas rescatando fauna silvestre.<\/p>\n\n\n\n<p>Su ONG, Comunidad Inti Wara Yassi (CIWY), la traslad\u00f3 al refugio Ambue Ari. All\u00ed ha pasado casi dos a\u00f1os hasta llegar a un recinto de diez mil metros cuadrados, con vegetaci\u00f3n densa y una laguna donde ha aprendido a nadar y a acechar presas. La inversi\u00f3n ronda los setenta mil d\u00f3lares y los veterinarios confirman que est\u00e1 sana y caza sola. El contacto humano es m\u00ednimo, una sola persona entra de forma espor\u00e1dica y el resto del seguimiento se hace con c\u00e1maras trampa.<\/p>\n\n\n\n<figure class=\"wp-block-embed is-type-video is-provider-youtube wp-block-embed-youtube wp-embed-aspect-16-9 wp-has-aspect-ratio\"><div class=\"wp-block-embed__wrapper\">\n<iframe loading=\"lazy\" title=\"Yaguara: una jaguar rescatada de los incendios en Bolivia est\u00e1 lista para regresar a su h\u00e1bitat\" width=\"1200\" height=\"675\" src=\"https:\/\/www.youtube.com\/embed\/rR7NfRH9XN8?feature=oembed\" frameborder=\"0\" allow=\"accelerometer; autoplay; clipboard-write; encrypted-media; gyroscope; picture-in-picture; web-share\" referrerpolicy=\"strict-origin-when-cross-origin\" allowfullscreen><\/iframe>\n<\/div><figcaption class=\"wp-element-caption\">Yaguara y el proyecto de liberaci\u00f3n | V\u00eddeo: Mongabay Latam<\/figcaption><\/figure>\n\n\n\n<p>Es la primera vez que el pa\u00eds intenta <a href=\"https:\/\/www.ecoticias.com\/hoyeco\/erradico-tierra-traerlo-de-vuelta\/29847\/\">devolver a la naturaleza<\/a> un jaguar rescatado del fuego, por lo que se cre\u00f3 un comit\u00e9 con la organizaci\u00f3n, especialistas de otros pa\u00edses y autoridades ambientales. Lo que se aprende con Yaguara quiere servir de modelo para otros felinos que hoy siguen en cautiverio.<\/p>\n\n\n\n<p>Si el calendario se cumple, en abril Yaguara saldr\u00e1 de su recinto hacia el Parque Nacional Noel Kempff Mercado, un \u00e1rea protegida remota reconocida como patrimonio natural de la humanidad por UNESCO. All\u00ed vivir\u00e1 con muy poca presencia humana permanente, algo clave para reducir conflictos con el ganado. Llevar\u00e1 un collar con GPS y su adaptaci\u00f3n se vigilar\u00e1 durante al menos dos a\u00f1os.<\/p>\n\n\n\n<p>Este caso llega en un momento delicado para la especie. Los <a href=\"https:\/\/www.ecoticias.com\/hoyeco\/robot-bosques-mundo-incendios-forestales\/31161\/\">incendios<\/a> de 2024 arrasaron m\u00e1s de doce millones de hect\u00e1reas de bosques del pa\u00eds, seg\u00fan estimaciones de organizaciones ambientales, y empujaron a miles de animales a huir de su h\u00e1bitat. Esa p\u00e9rdida de bosque se suma a la expansi\u00f3n de la ganader\u00eda y de la soja, que empujan al jaguar hacia el ganado vacuno. \u00bfQu\u00e9 suele ocurrir cuando un jaguar mata una vaca? El ganadero dispara de vuelta.<\/p>\n\n\n\n<p>Seg\u00fan un estudio de 2021 de la CITES, el pa\u00eds registra la tasa anual m\u00e1s alta del mundo de jaguares abatidos por <a href=\"https:\/\/www.ecoticias.com\/hoyeco\/extincion-rinocerontes-descorne\/24922\/\">actividades il\u00edcitas<\/a>, con una media de sesenta y un animales cazados cada a\u00f1o. En los \u00faltimos a\u00f1os se han documentado al menos noventa y cinco ejemplares muertos y se siguen decomisando colmillos camino de mercados asi\u00e1ticos.<\/p>\n\n\n\n<p>Para intentar frenar esta sangr\u00eda, el Ministerio de Medio Ambiente y Agua aprob\u00f3 el Plan de Acci\u00f3n para la Conservaci\u00f3n del Jaguar 2020 a 2025, que refuerza \u00e1reas protegidas y controles contra el tr\u00e1fico. Aun as\u00ed, los expertos advierten de que el pr\u00f3ximo Libro Rojo de la fauna boliviana reclasificar\u00e1 al jaguar de \u201cvulnerable\u201d a \u201cen peligro\u201d, lo que obliga al Estado a asumir compromisos m\u00e1s estrictos.<\/p>\n\n\n\n<p>Entonces, \u00bfpor qu\u00e9 invertir decenas de miles de d\u00f3lares y tantos esfuerzos en un solo animal? Porque un jaguar sano no es solo una historia bonita, es un indicador de que el bosque que lo sostiene tambi\u00e9n respira. Al ser un depredador tope, necesita territorios grandes y bien conservados, y protegerlo implica, en buena medida, cuidar r\u00edos, presas y muchas otras especies que comparten su h\u00e1bitat.<\/p>\n\n\n\n<p>Yaguara se ha convertido en s\u00edmbolo de todo eso. Si la liberaci\u00f3n sale bien, lo mejor que puede ocurrir es que desaparezca entre los \u00e1rboles y deje de buscar a las personas, que su nombre se quede en los informes t\u00e9cnicos mientras la selva hace el resto. De fondo quedar\u00e1 una idea sencilla, cuidar a tiempo lo que queda de <a href=\"https:\/\/www.ecoticias.com\/hoyeco\/criatura-extinta-alce-europeo\/24091\/\">vida silvestre<\/a> es m\u00e1s sensato que seguir apagando incendios y contando cad\u00e1veres.&nbsp;<\/p>\n\n\n\n<p>El estudio \u201cThe illegal trade in jaguars (Panthera onca)\u201d que documenta la situaci\u00f3n del jaguar en el pa\u00eds ha sido publicado en la <em><a href=\"https:\/\/cites.org\/sites\/default\/files\/articles\/CITES_Study_on_Illegal_Trade_in_Jaguars_ESP.pdf\" target=\"_blank\" rel=\"noopener\">web oficial de la convenci\u00f3n<\/a><\/em>.<\/p>\n","protected":false},"excerpt":{"rendered":"<p>En Bolivia se prepara algo que hace solo unos a\u00f1os sonaba remoto, la primera liberaci\u00f3n de un jaguar rehabilitado en &#8230; <\/p>\n<p class=\"read-more-container\"><a title=\"Logran lo que parec\u00eda imposible: liberar al primer jaguar en libertad para salvar a su especie\" class=\"read-more button\" href=\"https:\/\/www.ecoticias.com\/hoyeco\/logran-lo-que-parecia-imposible-liberar-al-primer-jaguar-en-libertad-para-salvar-a-su-especie\/34159\/#more-34159\" aria-label=\"Leer m\u00e1s sobre Logran lo que parec\u00eda imposible: liberar al primer jaguar en libertad para salvar a su especie\">Read more<\/a><\/p>\n","protected":false},"author":21,"featured_media":34160,"comment_status":"open","ping_status":"closed","sticky":false,"template":"","format":"standard","meta":{"footnotes":""},"categories":[2],"tags":[],"class_list":["post-34159","post","type-post","status-publish","format-standard","has-post-thumbnail","hentry","category-actualidad","resize-featured-image"],"_links":{"self":[{"href":"https:\/\/www.ecoticias.com\/hoyeco\/wp-json\/wp\/v2\/posts\/34159","targetHints":{"allow":["GET"]}}],"collection":[{"href":"https:\/\/www.ecoticias.com\/hoyeco\/wp-json\/wp\/v2\/posts"}],"about":[{"href":"https:\/\/www.ecoticias.com\/hoyeco\/wp-json\/wp\/v2\/types\/post"}],"author":[{"embeddable":true,"href":"https:\/\/www.ecoticias.com\/hoyeco\/wp-json\/wp\/v2\/users\/21"}],"replies":[{"embeddable":true,"href":"https:\/\/www.ecoticias.com\/hoyeco\/wp-json\/wp\/v2\/comments?post=34159"}],"version-history":[{"count":2,"href":"https:\/\/www.ecoticias.com\/hoyeco\/wp-json\/wp\/v2\/posts\/34159\/revisions"}],"predecessor-version":[{"id":34263,"href":"https:\/\/www.ecoticias.com\/hoyeco\/wp-json\/wp\/v2\/posts\/34159\/revisions\/34263"}],"wp:featuredmedia":[{"embeddable":true,"href":"https:\/\/www.ecoticias.com\/hoyeco\/wp-json\/wp\/v2\/media\/34160"}],"wp:attachment":[{"href":"https:\/\/www.ecoticias.com\/hoyeco\/wp-json\/wp\/v2\/media?parent=34159"}],"wp:term":[{"taxonomy":"category","embeddable":true,"href":"https:\/\/www.ecoticias.com\/hoyeco\/wp-json\/wp\/v2\/categories?post=34159"},{"taxonomy":"post_tag","embeddable":true,"href":"https:\/\/www.ecoticias.com\/hoyeco\/wp-json\/wp\/v2\/tags?post=34159"}],"curies":[{"name":"wp","href":"https:\/\/api.w.org\/{rel}","templated":true}]}}