{"id":34164,"date":"2026-03-11T20:39:00","date_gmt":"2026-03-11T19:39:00","guid":{"rendered":"https:\/\/www.ecoticias.com\/hoyeco\/?p=34164"},"modified":"2026-03-11T08:20:53","modified_gmt":"2026-03-11T07:20:53","slug":"la-agencia-espacial-espanola-esta-buscando-a-30-astronautas-para-un-experimento-unico-y-acaba-de-abrir-las-inscripciones","status":"publish","type":"post","link":"https:\/\/www.ecoticias.com\/hoyeco\/la-agencia-espacial-espanola-esta-buscando-a-30-astronautas-para-un-experimento-unico-y-acaba-de-abrir-las-inscripciones\/34164\/","title":{"rendered":"La Agencia Espacial Espa\u00f1ola est\u00e1 buscando a 30 &#8216;astronautas&#8217; para un experimento \u00fanico y acaba de abrir las inscripciones"},"content":{"rendered":"\n<p>Espa\u00f1a busca a 30 chicos y chicas de entre 16 y 22 a\u00f1os que quieran flotar en microgravedad, entrenar como un astronauta durante dos d\u00edas y luego pasar un a\u00f1o entero contando su experiencia. Es el programa \u201cAstronauta por un d\u00eda\u201d, lanzado por la Agencia Espacial Espa\u00f1ola (AEE) para acercar el <a href=\"https:\/\/www.ecoticias.com\/hoyeco\/carrera-espacial-gps-luna\/18576\/\">espacio<\/a> a la juventud y despertar vocaciones cient\u00edficas y tecnol\u00f3gicas.<\/p>\n\n\n\n<p>La experiencia no se queda en una simple excursi\u00f3n. Quien resulte seleccionado participar\u00e1 en un vuelo parab\u00f3lico en el que se vivir\u00e1n periodos de ingravidez muy parecidos a los que se experimentan en una misi\u00f3n real. Adem\u00e1s, durante un a\u00f1o ser\u00e1 \u201cembajador del espacio\u201d, con un papel activo en actividades de divulgaci\u00f3n y sensibilizaci\u00f3n dirigidas a otros j\u00f3venes.<\/p>\n\n\n\n<h2 class=\"wp-block-heading\">Qui\u00e9n puede presentarse<\/h2>\n\n\n\n<p>El programa se dirige a estudiantes que ya est\u00e1n dentro del sistema educativo espa\u00f1ol. Hay dos perfiles claros. Hasta 25 plazas se reservan para alumnado de primero o segundo de Bachillerato. Las otras 5 son para estudiantes espa\u00f1oles de grados universitarios oficiales en \u00e1reas STEM, es decir, ciencia, tecnolog\u00eda, ingenier\u00eda o matem\u00e1ticas.<\/p>\n\n\n\n<p>La edad es clave. Solo se aceptan solicitudes de personas que tengan entre 16 y 22 a\u00f1os en la fecha en la que termina el plazo de inscripci\u00f3n. El proceso se realiza de manera electr\u00f3nica y, seg\u00fan la resoluci\u00f3n publicada en el Bolet\u00edn Oficial del Estado, el plazo comprende diez d\u00edas h\u00e1biles a partir de la publicaci\u00f3n de la convocatoria, que en la pr\u00e1ctica se ha concretado entre el 3 y el 16 de marzo de 2026.<\/p>\n\n\n\n<h2 class=\"wp-block-heading\">Un vuelo real en microgravedad<\/h2>\n\n\n\n<p>La parte m\u00e1s llamativa llega en mayo. La formaci\u00f3n final se celebrar\u00e1 los d\u00edas 5 y 6 de mayo de 2026 en la Base A\u00e9rea de San Javier. All\u00ed, el grupo subir\u00e1 a un Airbus A310 ZERO G, el mismo modelo de avi\u00f3n que utiliza la Agencia Espacial Europea (ESA) para entrenar a su cuerpo de astronautas.<\/p>\n\n\n\n<p>Durante el vuelo el avi\u00f3n traza varias par\u00e1bolas y, en cada maniobra, se generan periodos de ingravidez de unos 20 a 25 segundos. En ese tiempo el cuerpo deja de \u201csentir\u201d su peso y se flota dentro de la cabina. No es solo espect\u00e1culo. Las y los participantes seguir\u00e1n instrucciones, practicar\u00e1n orientaci\u00f3n espacial y realizar\u00e1n peque\u00f1os experimentos para observar c\u00f3mo cambian las cosas cuando desaparece la gravedad aparente.<\/p>\n\n\n\n<h2 class=\"wp-block-heading\">Un proceso de selecci\u00f3n exigente<\/h2>\n\n\n\n<p>\u00bfBasta con tener ilusi\u00f3n y rellenar un formulario? En este caso no. La AEE ha dise\u00f1ado un proceso en varias fases. Primero se revisa que la solicitud cumpla todos los requisitos administrativos y se valora el expediente acad\u00e9mico. De ah\u00ed saldr\u00e1 un m\u00e1ximo de 500 preseleccionados.<\/p>\n\n\n\n<p>En una segunda fase se eval\u00faa un v\u00eddeo de motivaci\u00f3n, breve y muy directo, donde cada candidato explica qui\u00e9n es, por qu\u00e9 quiere participar y c\u00f3mo se imagina su papel como embajador del espacio. De este grupo se pasar\u00e1 a unas 40 personas, que deber\u00e1n superar un reconocimiento m\u00e9dico obligatorio en el Centro de Instrucci\u00f3n de Medicina Aeroespacial, con sede en Espa\u00f1a. A partir de quienes resulten aptos se configurar\u00e1 la lista definitiva de hasta 30 participantes y una lista de reserva.<\/p>\n\n\n\n<p>La propia convocatoria subraya que no se busca solo buena nota. Tambi\u00e9n se valora la capacidad comunicativa, la responsabilidad, la estabilidad emocional y la aptitud para cumplir normas de seguridad en un entorno muy controlado. En la pr\u00e1ctica, se parece bastante a una \u201cmini\u201d selecci\u00f3n de astronautas, adaptada a gente joven.<\/p>\n\n\n\n<h2 class=\"wp-block-heading\">Del espacio al clima y al medio ambiente<\/h2>\n\n\n\n<p>Puede surgir la duda. \u00bfQu\u00e9 tiene que ver todo esto con el medio ambiente y la sostenibilidad? Mucho m\u00e1s de lo que parece. Gran parte de lo que sabemos hoy sobre el <a href=\"https:\/\/www.ecoticias.com\/hoyeco\/planeta-calentamiento-mares-deshielo\/24217\/\">deshielo polar<\/a>, los incendios forestales o las emisiones de <a href=\"https:\/\/www.ecoticias.com\/hoyeco\/tesla-co2-marcas-multas-union\/16357\/\">CO2<\/a> procede de sat\u00e9lites de observaci\u00f3n de la Tierra, como los del programa europeo Copernicus, que vigilan bosques, oc\u00e9anos, calidad del aire y cambios en el uso del suelo casi en tiempo real.<\/p>\n\n\n\n<p>La futura misi\u00f3n europea CO2M, por ejemplo, medir\u00e1 con gran precisi\u00f3n cu\u00e1nto di\u00f3xido de carbono procede de la actividad humana. Eso permitir\u00e1 a los gobiernos verificar si sus <a href=\"https:\/\/www.ecoticias.com\/hoyeco\/union-europea-espana-multas-carbono\/23207\/\">planes clim\u00e1ticos<\/a> se cumplen o no. Detr\u00e1s de cada mapa de contaminaci\u00f3n o de cada alerta temprana de incendios hay equipos de ingenieras, f\u00edsicos, meteor\u00f3logas y expertos en datos formados en ciencia y tecnolog\u00eda espacial. Ah\u00ed encaja el perfil de quienes hoy se apunten a \u201cAstronauta por un d\u00eda\u201d.<\/p>\n\n\n\n<p>Durante el a\u00f1o en que act\u00faen como embajadoras y embajadores del espacio, estos 30 j\u00f3venes participar\u00e1n en actividades de divulgaci\u00f3n y sensibilizaci\u00f3n social. Podr\u00e1n explicar en primera persona c\u00f3mo se entrena un vuelo en microgravedad y, sobre todo, por qu\u00e9 el espacio se ha convertido en una herramienta clave para entender y proteger el clima, los mares y los bosques de la Tierra.<\/p>\n\n\n\n<p>Para quien sue\u00f1a con trabajar alg\u00fan d\u00eda en <a href=\"https:\/\/www.ecoticias.com\/hoyeco\/futuro-misiones-armadura\/30256\/\">misiones<\/a> que vigilen incendios, sequ\u00edas o emisiones desde el espacio, este programa es una especie de primer paso. No garantiza una carrera espacial, pero acerca mucho ese mundo y ayuda a ver la relaci\u00f3n directa entre tecnolog\u00eda, ciencia y cuidado del planeta.<\/p>\n\n\n\n<p>La convocatoria oficial del programa \u201cAstronauta por un d\u00eda\u201d, edici\u00f3n piloto 2026, ha sido publicada en el <a href=\"https:\/\/www.boe.es\/buscar\/doc.php?id=BOE-A-2026-4952\" target=\"_blank\" rel=\"noopener\"><em>Bolet\u00edn Oficial del Estado<\/em><\/a>.<\/p>\n","protected":false},"excerpt":{"rendered":"<p>Espa\u00f1a busca a 30 chicos y chicas de entre 16 y 22 a\u00f1os que quieran flotar en microgravedad, entrenar como &#8230; <\/p>\n<p class=\"read-more-container\"><a title=\"La Agencia Espacial Espa\u00f1ola est\u00e1 buscando a 30 &#8216;astronautas&#8217; para un experimento \u00fanico y acaba de abrir las inscripciones\" class=\"read-more button\" href=\"https:\/\/www.ecoticias.com\/hoyeco\/la-agencia-espacial-espanola-esta-buscando-a-30-astronautas-para-un-experimento-unico-y-acaba-de-abrir-las-inscripciones\/34164\/#more-34164\" aria-label=\"Leer m\u00e1s sobre La Agencia Espacial Espa\u00f1ola est\u00e1 buscando a 30 &#8216;astronautas&#8217; para un experimento \u00fanico y acaba de abrir las inscripciones\">Read more<\/a><\/p>\n","protected":false},"author":18,"featured_media":34165,"comment_status":"open","ping_status":"closed","sticky":false,"template":"","format":"standard","meta":{"footnotes":""},"categories":[2],"tags":[],"class_list":["post-34164","post","type-post","status-publish","format-standard","has-post-thumbnail","hentry","category-actualidad","resize-featured-image"],"_links":{"self":[{"href":"https:\/\/www.ecoticias.com\/hoyeco\/wp-json\/wp\/v2\/posts\/34164","targetHints":{"allow":["GET"]}}],"collection":[{"href":"https:\/\/www.ecoticias.com\/hoyeco\/wp-json\/wp\/v2\/posts"}],"about":[{"href":"https:\/\/www.ecoticias.com\/hoyeco\/wp-json\/wp\/v2\/types\/post"}],"author":[{"embeddable":true,"href":"https:\/\/www.ecoticias.com\/hoyeco\/wp-json\/wp\/v2\/users\/18"}],"replies":[{"embeddable":true,"href":"https:\/\/www.ecoticias.com\/hoyeco\/wp-json\/wp\/v2\/comments?post=34164"}],"version-history":[{"count":2,"href":"https:\/\/www.ecoticias.com\/hoyeco\/wp-json\/wp\/v2\/posts\/34164\/revisions"}],"predecessor-version":[{"id":34264,"href":"https:\/\/www.ecoticias.com\/hoyeco\/wp-json\/wp\/v2\/posts\/34164\/revisions\/34264"}],"wp:featuredmedia":[{"embeddable":true,"href":"https:\/\/www.ecoticias.com\/hoyeco\/wp-json\/wp\/v2\/media\/34165"}],"wp:attachment":[{"href":"https:\/\/www.ecoticias.com\/hoyeco\/wp-json\/wp\/v2\/media?parent=34164"}],"wp:term":[{"taxonomy":"category","embeddable":true,"href":"https:\/\/www.ecoticias.com\/hoyeco\/wp-json\/wp\/v2\/categories?post=34164"},{"taxonomy":"post_tag","embeddable":true,"href":"https:\/\/www.ecoticias.com\/hoyeco\/wp-json\/wp\/v2\/tags?post=34164"}],"curies":[{"name":"wp","href":"https:\/\/api.w.org\/{rel}","templated":true}]}}