{"id":34184,"date":"2026-03-12T12:31:00","date_gmt":"2026-03-12T11:31:00","guid":{"rendered":"https:\/\/www.ecoticias.com\/hoyeco\/?p=34184"},"modified":"2026-03-10T16:09:08","modified_gmt":"2026-03-10T15:09:08","slug":"los-cientificos-no-dan-credito-al-hallazgo-de-un-estudiante-de-ingenieria-crea-un-cemento-magnetico-que-va-a-cambiar-la-construccion-para-siempre","status":"publish","type":"post","link":"https:\/\/www.ecoticias.com\/hoyeco\/los-cientificos-no-dan-credito-al-hallazgo-de-un-estudiante-de-ingenieria-crea-un-cemento-magnetico-que-va-a-cambiar-la-construccion-para-siempre\/34184\/","title":{"rendered":"Los cient\u00edficos no dan cr\u00e9dito al hallazgo de un estudiante de Ingenier\u00eda: crea un cemento magn\u00e9tico que va a cambiar la construcci\u00f3n para siempre"},"content":{"rendered":"\n<p>Imaginar una casa donde puedas mover cuadros, estanter\u00edas o herramientas sin hacer ni un solo agujero en la pared ya no es solo una fantas\u00eda de cat\u00e1logo. El argentino Marco Agust\u00edn Secchi ha desarrollado <a href=\"https:\/\/ironplac.com\/\" target=\"_blank\" rel=\"noopener\">Ironplac<\/a>, un <a href=\"https:\/\/www.ecoticias.com\/hoyeco\/adios-cemento-construccion-espana\/15641\/\">cemento<\/a> magn\u00e9tico que convierte los muros en superficies capaces de sujetar objetos mediante imanes y que ya cuenta con prototipos en uso real.<\/p>\n\n\n\n<p>Detr\u00e1s de este invento hay una pregunta muy cotidiana. Por qu\u00e9 cada vez que queremos colgar algo tenemos que perforar la pared y luego parchear el boquete. Secchi empez\u00f3 probando en su propia vivienda hasta conseguir paredes interactivas que sujetan desde cuchillos y martillos hasta palas y cuadros mediante fijaci\u00f3n magn\u00e9tica de alta potencia, sin clavos ni tornillos y con libertad para recolocar los objetos cuando cambia la distribuci\u00f3n de la estancia.<\/p>\n\n\n\n<h2 class=\"wp-block-heading\">C\u00f3mo funciona este cemento magn\u00e9tico<\/h2>\n\n\n\n<p>Ironplac se presenta como un polvo que se mezcla con agua y se aplica igual que un revoque fino tradicional, la capa final que reviste la pared. La diferencia es su formulaci\u00f3n con cargas minerales y ferrosas que, una vez seca, convierte la superficie en un material ferromagn\u00e9tico pasivo. No emite campo magn\u00e9tico propio, pero responde a cualquier im\u00e1n que acerques al muro.<\/p>\n\n\n\n<p>En la pr\u00e1ctica, el usuario solo necesita fijar un im\u00e1n al objeto que quiere colgar. La pared hace el resto. Si luego decides mover la estanter\u00eda unos cent\u00edmetros o cambiar el cuadro de sitio, basta con despegar y recolocar. Sin ruido de taladro, sin tacos de pl\u00e1stico y sin llenar el suelo de polvo.<\/p>\n\n\n\n<p>El sistema est\u00e1 pensado para integrarse tanto en obra h\u00fameda como en obra seca y puede aplicarse en <a href=\"https:\/\/www.ecoticias.com\/hoyeco\/pueblo-fuera-mundo-imprimieron\/17890\/\">viviendas<\/a>, oficinas, talleres o espacios educativos, lo que abre la puerta a interiores mucho m\u00e1s flexibles que se adaptan a cambios de uso sin necesidad de grandes reformas.<\/p>\n\n\n\n<p>Secchi resume el esp\u00edritu del proyecto con una frase sencilla que encaja bien con esta idea de flexibilidad. Seg\u00fan explic\u00f3 en una entrevista, Ironplac permite configurar las paredes al estilo de cada usuario sin da\u00f1ar el espacio que habita.<\/p>\n\n\n\n<h2 class=\"wp-block-heading\">Qu\u00e9 tiene que ver con el medio ambiente<\/h2>\n\n\n\n<p>A primera vista puede parecer un invento pensado solo para hacer la vida m\u00e1s f\u00e1cil en casa. Sin embargo, toca un punto clave de la transici\u00f3n ecol\u00f3gica en el sector de la <a href=\"https:\/\/www.ecoticias.com\/hoyeco\/hormigon-construcciones-del-futuro\/30049\/\">construcci\u00f3n<\/a>. Los edificios y la construcci\u00f3n consumen alrededor de un tercio de la energ\u00eda mundial y generan en torno al 34 por ciento de las <a href=\"https:\/\/www.unep.org\/resources\/report\/global-status-report-buildings-and-construction-20242025\" target=\"_blank\" rel=\"noopener\">emisiones<\/a> globales de CO2, adem\u00e1s de un volumen equivalente de <a href=\"https:\/\/environment.ec.europa.eu\/topics\/waste-and-recycling\/construction-and-demolition-waste_en\" target=\"_blank\" rel=\"noopener\">residuos<\/a>, seg\u00fan el Programa de las Naciones Unidas para el Medio Ambiente.<\/p>\n\n\n\n<p>En la Uni\u00f3n Europea, la construcci\u00f3n es responsable de casi el 40 por ciento de todos los residuos generados, buena parte vinculados a obras, reformas y demoliciones.<\/p>\n\n\n\n<p>Cada vez que taladramos, abrimos rozas o tiramos tabiques para reorganizar un espacio, a\u00f1adimos un peque\u00f1o grano de arena a ese problema. Soluciones reversibles y adaptables como este cemento magn\u00e9tico encajan con la idea de alargar la vida \u00fatil de los <a href=\"https:\/\/www.ecoticias.com\/hoyeco\/edificios-autorrepararan-liquenes\/24723\/\">edificios<\/a> y reducir intervenciones que acaban en el contenedor de <a href=\"https:\/\/www.sciencedirect.com\/science\/article\/pii\/S004896972306922X\" target=\"_blank\" rel=\"noopener\">escombros<\/a>. No van a resolver por s\u00ed solas la crisis clim\u00e1tica, pero s\u00ed apuntan hacia modelos de interiorismo m\u00e1s circulares, donde se cambia antes el uso del espacio que la pared.<\/p>\n\n\n\n<p>Adem\u00e1s, al evitar perforaciones repetidas, se preservan mejor los materiales y se reducen peque\u00f1as patolog\u00edas habituales en viviendas y oficinas, como fisuras o humedades en zonas muy intervenidas. Menos reparaciones significa menos consumo de materiales y menos <a href=\"https:\/\/www.ecoticias.com\/hoyeco\/adios-basura-aparatos-electronicos-gobierno-nuevo-plan-residuos-2025-2035\/31663\/\">residuos<\/a> asociados en el largo plazo.<\/p>\n\n\n\n<h2 class=\"wp-block-heading\">Lo que falta para que llegue a las obras<\/h2>\n\n\n\n<p>Por ahora, Ironplac no se comercializa. El proyecto cuenta con prototipos funcionales, ensayos en obras reales y se encuentra en pleno proceso de patente internacional <a href=\"https:\/\/www.wipo.int\/pct\/es\/\" target=\"_blank\" rel=\"noopener\">PCT<\/a>. La f\u00f3rmula exacta se mantiene en reserva por motivos de propiedad intelectual y el siguiente paso pasa por encontrar financiaci\u00f3n y socios industriales que permitan producir a escala.<\/p>\n\n\n\n<p>La pregunta que se abre es clara. Si este tipo de revestimientos magnetizables se abarata y se extiende, podr\u00edan convertirse en un aliado m\u00e1s de la construcci\u00f3n sostenible, junto a la rehabilitaci\u00f3n energ\u00e9tica, los materiales de baja huella de carbono o el dise\u00f1o pensado para el desmontaje. Una innovaci\u00f3n que, adem\u00e1s, llega desde Argentina y se suma a la ola de soluciones que est\u00e1 aportando Eco Am\u00e9rica al cambio de modelo constructivo.<\/p>\n\n\n\n<p>El reportaje de referencia sobre este desarrollo y su estado actual ha sido publicado por La <a href=\"https:\/\/www.nacion.com\/ciencia\/joven-de-29-anos-inventa-el-cemento-magnetico-y-le\/RFUFUW52ZFHXRMTBRO4AKGRAAE\/story\/\" target=\"_blank\" rel=\"noopener\"><em>Naci\u00f3n<\/em><\/a>.<\/p>\n","protected":false},"excerpt":{"rendered":"<p>Imaginar una casa donde puedas mover cuadros, estanter\u00edas o herramientas sin hacer ni un solo agujero en la pared ya &#8230; <\/p>\n<p class=\"read-more-container\"><a title=\"Los cient\u00edficos no dan cr\u00e9dito al hallazgo de un estudiante de Ingenier\u00eda: crea un cemento magn\u00e9tico que va a cambiar la construcci\u00f3n para siempre\" class=\"read-more button\" href=\"https:\/\/www.ecoticias.com\/hoyeco\/los-cientificos-no-dan-credito-al-hallazgo-de-un-estudiante-de-ingenieria-crea-un-cemento-magnetico-que-va-a-cambiar-la-construccion-para-siempre\/34184\/#more-34184\" aria-label=\"Leer m\u00e1s sobre Los cient\u00edficos no dan cr\u00e9dito al hallazgo de un estudiante de Ingenier\u00eda: crea un cemento magn\u00e9tico que va a cambiar la construcci\u00f3n para siempre\">Read more<\/a><\/p>\n","protected":false},"author":21,"featured_media":34185,"comment_status":"open","ping_status":"","sticky":false,"template":"","format":"standard","meta":{"footnotes":""},"categories":[3],"tags":[],"class_list":["post-34184","post","type-post","status-publish","format-standard","has-post-thumbnail","hentry","category-construccion","resize-featured-image"],"_links":{"self":[{"href":"https:\/\/www.ecoticias.com\/hoyeco\/wp-json\/wp\/v2\/posts\/34184","targetHints":{"allow":["GET"]}}],"collection":[{"href":"https:\/\/www.ecoticias.com\/hoyeco\/wp-json\/wp\/v2\/posts"}],"about":[{"href":"https:\/\/www.ecoticias.com\/hoyeco\/wp-json\/wp\/v2\/types\/post"}],"author":[{"embeddable":true,"href":"https:\/\/www.ecoticias.com\/hoyeco\/wp-json\/wp\/v2\/users\/21"}],"replies":[{"embeddable":true,"href":"https:\/\/www.ecoticias.com\/hoyeco\/wp-json\/wp\/v2\/comments?post=34184"}],"version-history":[{"count":2,"href":"https:\/\/www.ecoticias.com\/hoyeco\/wp-json\/wp\/v2\/posts\/34184\/revisions"}],"predecessor-version":[{"id":34229,"href":"https:\/\/www.ecoticias.com\/hoyeco\/wp-json\/wp\/v2\/posts\/34184\/revisions\/34229"}],"wp:featuredmedia":[{"embeddable":true,"href":"https:\/\/www.ecoticias.com\/hoyeco\/wp-json\/wp\/v2\/media\/34185"}],"wp:attachment":[{"href":"https:\/\/www.ecoticias.com\/hoyeco\/wp-json\/wp\/v2\/media?parent=34184"}],"wp:term":[{"taxonomy":"category","embeddable":true,"href":"https:\/\/www.ecoticias.com\/hoyeco\/wp-json\/wp\/v2\/categories?post=34184"},{"taxonomy":"post_tag","embeddable":true,"href":"https:\/\/www.ecoticias.com\/hoyeco\/wp-json\/wp\/v2\/tags?post=34184"}],"curies":[{"name":"wp","href":"https:\/\/api.w.org\/{rel}","templated":true}]}}