{"id":34202,"date":"2026-03-13T07:59:00","date_gmt":"2026-03-13T06:59:00","guid":{"rendered":"https:\/\/www.ecoticias.com\/hoyeco\/?p=34202"},"modified":"2026-03-11T21:03:39","modified_gmt":"2026-03-11T20:03:39","slug":"la-comunidad-cientifica-no-da-credito-pero-han-confirmado-la-reproduccion-del-loro-triache-en-chile-tras-mas-de-15-anos-sin-nidificar","status":"publish","type":"post","link":"https:\/\/www.ecoticias.com\/hoyeco\/la-comunidad-cientifica-no-da-credito-pero-han-confirmado-la-reproduccion-del-loro-triache-en-chile-tras-mas-de-15-anos-sin-nidificar\/34202\/","title":{"rendered":"La comunidad cient\u00edfica no da cr\u00e9dito pero han confirmado la reproducci\u00f3n del loro triache en Chile tras m\u00e1s de 15 a\u00f1os sin nidificar"},"content":{"rendered":"\n<p>Tras m\u00e1s de quince a\u00f1os sin presencia residente, guardaparques del Parque Nacional R\u00edo Clarillo han confirmado nidos activos de loro tricahue en una barranca cercana al sector El Principal, en la comuna de Pirque. La especie vuelve a reproducirse en la Regi\u00f3n Metropolitana de Santiago y el registro se considera un hito para la conservaci\u00f3n en la zona m\u00e1s poblada de Chile.<\/p>\n\n\n\n<p>El hallazgo se produjo gracias al aviso de un vecino del parque en 2024, que detect\u00f3 bandadas entrando y saliendo de un pared\u00f3n de pomacita pr\u00f3ximo al acceso. Con esa pista, los equipos de guardaparques comprobaron que el acantilado alberga madrigueras activas y confirmaron la presencia de una colonia reproductiva.<\/p>\n\n\n\n<p>El <a href=\"https:\/\/www.sag.gob.cl\/sites\/default\/files\/Loro%20Tricahue.pdf\" target=\"_blank\" rel=\"noopener\">loro tricahue<\/a>, tambi\u00e9n conocido como loro barranquero, corresponde en Chile a la subespecie end\u00e9mica <a href=\"https:\/\/mascn.forestaluchile.cl\/wp-content\/uploads\/2016\/06\/Mar%C3%ADa-Ang%C3%A9lica-Santiba%C3%B1ez-B.pdf\" target=\"_blank\" rel=\"noopener\"><em>Cyanoliseus patagonus bloxami<\/em><\/a>. Est\u00e1 clasificado \u00abEn Peligro\u00bb en las regiones de Atacama y Coquimbo y como \u00abVulnerable\u00bb en O&#8217;Higgins y Maule, mientras que en la Regi\u00f3n Metropolitana solo se registraban ejemplares de paso y no exist\u00edan colonias residentes confirmadas.<\/p>\n\n\n\n<p>\u00bfQu\u00e9 implica que vuelva a hacer nido tan cerca de Santiago? En la pr\u00e1ctica indica una <a href=\"https:\/\/www.ecoticias.com\/hoyeco\/renace-espana-siglo-extincion\/29477\/\">recuperaci\u00f3n parcial<\/a> del territorio, aunque a\u00fan muy fr\u00e1gil. Desde la d\u00e9cada de 1980 la Corporaci\u00f3n Nacional Forestal (CONAF) y el Servicio Agr\u00edcola y Ganadero (SAG), junto a universidades y organizaciones cient\u00edficas, han impulsado censos de colonias, protecci\u00f3n de barrancos de nidificaci\u00f3n y campa\u00f1as contra la captura para mascotismo.<\/p>\n\n\n\n<p>En 2011 se liberaron en R\u00edo Clarillo cerca de veinte tricahues rehabilitados y entrenados para reconocer semillas nativas. Durante a\u00f1os no se consolid\u00f3 una <a href=\"https:\/\/www.ecoticias.com\/hoyeco\/reunen-40000-tortugas-brasil\/26675\/\">colonia estable<\/a> y solo se ve\u00edan bandadas espor\u00e1dicas sobrevolando el valle. Que hoy existan nidos activos en el entorno del parque sugiere que esos esfuerzos empiezan a traducirse en presencia estable, aunque todav\u00eda muy localizada.<\/p>\n\n\n\n<p>La guardaparques Catalina Parra Loyola, encargada del programa de diversidad de la naturaleza, subraya que \u00abes relevante volver a contar con una especie que en los a\u00f1os ochenta estuvo muy cerca de desaparecer de la Regi\u00f3n Metropolitana\u00bb. A la vez recuerda que \u00abcada componente del ecosistema influye en el bienestar colectivo\u00bb y que el desaf\u00edo ahora es proteger mejor la naturaleza que queda alrededor de la ciudad.<\/p>\n\n\n\n<p>Las principales amenazas para el tricahue en la zona central se concentran en la <a href=\"https:\/\/www.ecoticias.com\/hoyeco\/investigadores-hacen-un-descubrimiento-preocupante-en-un-pico-iconico-de-montana-el-principal-impulsor\/32064\/\">p\u00e9rdida y fragmentaci\u00f3n<\/a> del <a href=\"https:\/\/gefmontana.mma.gob.cl\/arboles-del-bosque-esclerofilo\/\" target=\"_blank\" rel=\"noopener\">bosque escler\u00f3filo<\/a>, la expansi\u00f3n urbana y agr\u00edcola y las molestias en sus lugares de cr\u00eda. Los acantilados donde excava sus madrigueras pueden verse alterados por actividades extractivas o por la presencia constante de personas muy cerca de los nidos, a lo que se suma la persecuci\u00f3n hist\u00f3rica y la captura para el comercio ilegal que redujeron en gran medida sus poblaciones.<\/p>\n\n\n\n<p>M\u00e1s all\u00e1 de su valor simb\u00f3lico, el tricahue cumple un papel ecol\u00f3gico clave como dispersor de semillas de \u00e1rboles y arbustos nativos. Se alimenta de frutos y semillas que transporta en sus desplazamientos diarios entre dormideros y zonas de alimentaci\u00f3n, lo que favorece la <a href=\"https:\/\/www.ecoticias.com\/hoyeco\/criatura-extinta-alce-europeo\/24091\/\">regeneraci\u00f3n<\/a> del bosque escler\u00f3filo en quebradas y laderas secas, precisamente los ambientes que protege R\u00edo Clarillo.<\/p>\n\n\n\n<p>El parque se ha consolidado como uno de los \u00faltimos refugios de bosque escler\u00f3filo bien conservado en las cercan\u00edas de la capital, con cursos de agua limpia y laderas cubiertas de especies nativas. Para muchas personas es adem\u00e1s un lugar de escapada para respirar aire m\u00e1s puro los fines de semana. Que en ese mismo paisaje se escuche de nuevo la algarab\u00eda de una bandada de tricahues recuerda que la <a href=\"https:\/\/www.ecoticias.com\/hoyeco\/descubren-en-galicia-el-gusano-acordeon-una-nueva-especie-marina-que-se-pliega-en-anillos\/31797\/\">biodiversidad<\/a> puede mantenerse incluso en regiones muy humanizadas cuando se protege el h\u00e1bitat.<\/p>\n\n\n\n<p>El regreso del loro barranquero abre ahora una nueva etapa para la gesti\u00f3n del parque. Refuerza la necesidad de monitorear la colonia, resguardar el sector de nidificaci\u00f3n y trabajar con vecinos y visitantes para evitar ruidos y aproximaciones excesivas a los acantilados. La convivencia entre actividades humanas y fauna nativa exige reglas claras y respeto en el terreno.En una regi\u00f3n densamente poblada, que el tricahue vuelva a excavar galer\u00edas en R\u00edo Clarillo es una se\u00f1al de esperanza y recuerda que la conservaci\u00f3n exige constancia.&nbsp;<\/p>\n\n\n\n<p>El comunicado oficial con los detalles de este hallazgo ha sido publicado en la <a href=\"https:\/\/www.conaf.cl\/loro-tricahue-vuelve-a-nidificar-en-el-parque-nacional-rio-clarillo-tras-mas-de-15-anos\/\" target=\"_blank\" rel=\"noopener\"><em>p\u00e1gina web de CONAF<\/em><\/a>.<\/p>\n","protected":false},"excerpt":{"rendered":"<p>Tras m\u00e1s de quince a\u00f1os sin presencia residente, guardaparques del Parque Nacional R\u00edo Clarillo han confirmado nidos activos de loro &#8230; <\/p>\n<p class=\"read-more-container\"><a title=\"La comunidad cient\u00edfica no da cr\u00e9dito pero han confirmado la reproducci\u00f3n del loro triache en Chile tras m\u00e1s de 15 a\u00f1os sin nidificar\" class=\"read-more button\" href=\"https:\/\/www.ecoticias.com\/hoyeco\/la-comunidad-cientifica-no-da-credito-pero-han-confirmado-la-reproduccion-del-loro-triache-en-chile-tras-mas-de-15-anos-sin-nidificar\/34202\/#more-34202\" aria-label=\"Leer m\u00e1s sobre La comunidad cient\u00edfica no da cr\u00e9dito pero han confirmado la reproducci\u00f3n del loro triache en Chile tras m\u00e1s de 15 a\u00f1os sin nidificar\">Read more<\/a><\/p>\n","protected":false},"author":21,"featured_media":34203,"comment_status":"open","ping_status":"closed","sticky":false,"template":"","format":"standard","meta":{"footnotes":""},"categories":[68],"tags":[],"class_list":["post-34202","post","type-post","status-publish","format-standard","has-post-thumbnail","hentry","category-ciencia","resize-featured-image"],"_links":{"self":[{"href":"https:\/\/www.ecoticias.com\/hoyeco\/wp-json\/wp\/v2\/posts\/34202","targetHints":{"allow":["GET"]}}],"collection":[{"href":"https:\/\/www.ecoticias.com\/hoyeco\/wp-json\/wp\/v2\/posts"}],"about":[{"href":"https:\/\/www.ecoticias.com\/hoyeco\/wp-json\/wp\/v2\/types\/post"}],"author":[{"embeddable":true,"href":"https:\/\/www.ecoticias.com\/hoyeco\/wp-json\/wp\/v2\/users\/21"}],"replies":[{"embeddable":true,"href":"https:\/\/www.ecoticias.com\/hoyeco\/wp-json\/wp\/v2\/comments?post=34202"}],"version-history":[{"count":2,"href":"https:\/\/www.ecoticias.com\/hoyeco\/wp-json\/wp\/v2\/posts\/34202\/revisions"}],"predecessor-version":[{"id":34273,"href":"https:\/\/www.ecoticias.com\/hoyeco\/wp-json\/wp\/v2\/posts\/34202\/revisions\/34273"}],"wp:featuredmedia":[{"embeddable":true,"href":"https:\/\/www.ecoticias.com\/hoyeco\/wp-json\/wp\/v2\/media\/34203"}],"wp:attachment":[{"href":"https:\/\/www.ecoticias.com\/hoyeco\/wp-json\/wp\/v2\/media?parent=34202"}],"wp:term":[{"taxonomy":"category","embeddable":true,"href":"https:\/\/www.ecoticias.com\/hoyeco\/wp-json\/wp\/v2\/categories?post=34202"},{"taxonomy":"post_tag","embeddable":true,"href":"https:\/\/www.ecoticias.com\/hoyeco\/wp-json\/wp\/v2\/tags?post=34202"}],"curies":[{"name":"wp","href":"https:\/\/api.w.org\/{rel}","templated":true}]}}