{"id":3421,"date":"2024-02-26T16:30:08","date_gmt":"2024-02-26T15:30:08","guid":{"rendered":"https:\/\/ecoticias.com\/hoyeco\/?p=3421"},"modified":"2024-02-26T16:30:08","modified_gmt":"2024-02-26T15:30:08","slug":"taxis-voladores-nuevo-transporte","status":"publish","type":"post","link":"https:\/\/www.ecoticias.com\/hoyeco\/taxis-voladores-nuevo-transporte\/3421\/","title":{"rendered":"Adi\u00f3s a desplazarte por carretera en la ciudad: cre\u00edamos que habr\u00eda taxis voladores, pero es todav\u00eda mejor"},"content":{"rendered":"<p>El <a href=\"https:\/\/ecoticias.com\/hoyeco\/coches-electricos-fraude\/3328\/\" target=\"_blank\" rel=\"noopener\">sector del transporte<\/a> avanza a pasos agigantados, con veh\u00edculos novedosos que se mueven con diferentes energ\u00edas y siempre buscando la forma de hacer la movilidad lo m\u00e1s sostenible posible. Se pensaba que en un futuro habr\u00eda<strong> taxis voladores<\/strong>, pero este transporte es mucho mejor, tanto que le dir\u00e1s adi\u00f3s a conducir por carretera en la ciudad&#8230; \u00a1te flipar\u00e1!.<\/p>\n<h2>\u00bfHabr\u00e1 taxis voladores?<\/h2>\n<p>Hace unos meses salt\u00f3 la noticia de una empresa china que hab\u00eda dise\u00f1ado un<strong> veh\u00edculo a\u00e9reo no tripulado<\/strong> destinado al transporte de pasajeros, con el nombre oficial de EH216-S pero conocido popularmente como \u00abtaxi volador\u00bb. Este singular veh\u00edculo complet\u00f3 con \u00e9xito su primera demostraci\u00f3n de un vuelo comercial en el Parque Central de Luogang en Hefei, en el este de China.<\/p>\n<p>Desde que salt\u00f3 esta noticia, muchos se preguntan si realmente un taxi volador es el futuro, un dron de gran tama\u00f1o que sea capaz de transportar personas de forma aut\u00f3noma, y por las pruebas realizadas s\u00ed que es posible, aunque habr\u00eda que verlo integrado en el tr\u00e1fico a\u00e9reo real y quiz\u00e1s con m\u00e1s taxis voladores alrededor. Aunque las pruebas ofrecieron buenos resultados, se antoja complicado que sea posible.<\/p>\n<h2>El transporte del futuro que har\u00e1 olvidar a los taxis voladores<\/h2>\n<p><strong>Supernal<\/strong>, empresa de movilidad a\u00e9rea avanzada de <strong>Hyundai<\/strong>, ha presentado el innovador concepto S-A2, un eVTOL para 4 pasajeros y un piloto que est\u00e1 llamado a cambiar el transporte urbano, fusionando la ingenier\u00eda aeroespacial con el dise\u00f1o automovil\u00edstico. Alcanza una velocidad de crucero de 190 km\/h, es totalmente silencioso y mantiene los m\u00e1s altos est\u00e1ndares de calidad, eficiencia y seguridad. Si todo sigue yendo bien en su desarrollo, revolucionar\u00e1 el mercado a\u00e9reo en el a\u00f1o 2028.<\/p>\n<p>Concebido para operaciones urbanas eficientes, el S-A2 cuenta con una arquitectura de cola en V, 8 rotores basculantes y propulsi\u00f3n el\u00e9ctrica distribuida. <strong>Puede alcanzar una altitud de 450 metros<\/strong>, y una de sus caracter\u00edsticas m\u00e1s destacables es que funciona con un nivel sonoro tan bajo que es como si pusieras el lavavajillas, con tan s\u00f3lo 65 dB en despegue y aterrizaje vertical, cifra que baja a 45 dB en crucero horizontal. Se trata sin duda de un veh\u00edculo que supone la uni\u00f3n perfecta de la ingenier\u00eda automovil\u00edstica y la aeroespacial.<\/p>\n<p>Este proyecto de Hyundai est\u00e1 basado en el concepto visionario de su predecesor, el S-A1, que se present\u00f3 en el a\u00f1o 2020, pero en este caso con mejores tecnolog\u00edas e ingenier\u00edas, un enfoque integral con el que se ha podido crear un veh\u00edculo que promete seguridad y eficiencia en la movilidad a\u00e9rea urbana&#8230; y sin la necesidad de taxis voladores, aunque quiz\u00e1s puede parecer que es un concepto similar, en este caso con piloto y no s\u00f3lo con pasajeros.<\/p>\n<p>Supernail demuestra y reitera con este proyecto su compromiso con la seguridad en niveles que son <strong>comparables a la aviaci\u00f3n comercial<\/strong>, anunciando adem\u00e1s su intenci\u00f3n de fabricar este nuevo veh\u00edculo volador de manera asequible, y prepar\u00e1ndose para entrar en el mercado en 2028. Un veh\u00edculo que buscar\u00e1 hacer de la movilidad a\u00e9rea una realidad m\u00e1s accesible que se pueda integrar en entornos urbanos, aeropuertos y ubicaciones estrat\u00e9gicas.<\/p>\n<p>El equipo de ingenieros de Supernal, en colaboraci\u00f3n con el equipo de dise\u00f1adores de Hyundai, ha creado un dise\u00f1o que est\u00e9ticamente va mucho m\u00e1s all\u00e1 de la apariencia, d\u00e1ndole importancia tambi\u00e9n a la funcionalidad, el minimalismo y la seguridad. Resulta curioso el detalle de que <strong>distintos materiales y colores definen las secciones para pasajeros y pilotos<\/strong>, mientras que los asientos cuentan con componentes de aviaci\u00f3n para que la experiencia sea m\u00e1s realista y, sobre todo, m\u00e1s segura.<\/p>\n<p>En definitiva, no sabemos si llegar\u00e1n los taxis voladores, pero queda claro que este S-A2 de Supernal va a llegar en unos pocos a\u00f1os para cambiar la <a href=\"https:\/\/ecoticias.com\/hoyeco\/coche-de-hidrogeno-honda-pila\/3310\/\" target=\"_blank\" rel=\"noopener\">movilidad<\/a> a\u00e9rea urbana de una forma que jam\u00e1s hubi\u00e9ramos imaginado. O s\u00ed, porque hace ya varias d\u00e9cadas que vimos coches volar en la saga de &#8216;Regreso al Futuro&#8217;.<\/p>\n","protected":false},"excerpt":{"rendered":"<p>El sector del transporte avanza a pasos agigantados, con veh\u00edculos novedosos que se mueven con diferentes energ\u00edas y siempre buscando &#8230; <\/p>\n<p class=\"read-more-container\"><a title=\"Adi\u00f3s a desplazarte por carretera en la ciudad: cre\u00edamos que habr\u00eda taxis voladores, pero es todav\u00eda mejor\" class=\"read-more button\" href=\"https:\/\/www.ecoticias.com\/hoyeco\/taxis-voladores-nuevo-transporte\/3421\/#more-3421\" aria-label=\"Leer m\u00e1s sobre Adi\u00f3s a desplazarte por carretera en la ciudad: cre\u00edamos que habr\u00eda taxis voladores, pero es todav\u00eda mejor\">Read more<\/a><\/p>\n","protected":false},"author":5,"featured_media":0,"comment_status":"closed","ping_status":"closed","sticky":false,"template":"","format":"standard","meta":{"footnotes":""},"categories":[6],"tags":[],"class_list":["post-3421","post","type-post","status-publish","format-standard","hentry","category-movilidad"],"_links":{"self":[{"href":"https:\/\/www.ecoticias.com\/hoyeco\/wp-json\/wp\/v2\/posts\/3421","targetHints":{"allow":["GET"]}}],"collection":[{"href":"https:\/\/www.ecoticias.com\/hoyeco\/wp-json\/wp\/v2\/posts"}],"about":[{"href":"https:\/\/www.ecoticias.com\/hoyeco\/wp-json\/wp\/v2\/types\/post"}],"author":[{"embeddable":true,"href":"https:\/\/www.ecoticias.com\/hoyeco\/wp-json\/wp\/v2\/users\/5"}],"replies":[{"embeddable":true,"href":"https:\/\/www.ecoticias.com\/hoyeco\/wp-json\/wp\/v2\/comments?post=3421"}],"version-history":[{"count":0,"href":"https:\/\/www.ecoticias.com\/hoyeco\/wp-json\/wp\/v2\/posts\/3421\/revisions"}],"wp:attachment":[{"href":"https:\/\/www.ecoticias.com\/hoyeco\/wp-json\/wp\/v2\/media?parent=3421"}],"wp:term":[{"taxonomy":"category","embeddable":true,"href":"https:\/\/www.ecoticias.com\/hoyeco\/wp-json\/wp\/v2\/categories?post=3421"},{"taxonomy":"post_tag","embeddable":true,"href":"https:\/\/www.ecoticias.com\/hoyeco\/wp-json\/wp\/v2\/tags?post=3421"}],"curies":[{"name":"wp","href":"https:\/\/api.w.org\/{rel}","templated":true}]}}