{"id":34222,"date":"2026-03-13T22:03:00","date_gmt":"2026-03-13T21:03:00","guid":{"rendered":"https:\/\/www.ecoticias.com\/hoyeco\/?p=34222"},"modified":"2026-03-12T19:24:57","modified_gmt":"2026-03-12T18:24:57","slug":"los-geologos-no-dan-credito-espana-y-portugal-estan-rotando-sobre-su-propio-eje-y-puede-alterar-los-modelos","status":"publish","type":"post","link":"https:\/\/www.ecoticias.com\/hoyeco\/los-geologos-no-dan-credito-espana-y-portugal-estan-rotando-sobre-su-propio-eje-y-puede-alterar-los-modelos\/34222\/","title":{"rendered":"Los ge\u00f3logos no dan cr\u00e9dito: Espa\u00f1a y Portugal est\u00e1n rotando sobre su propio eje y puede alterar los modelos"},"content":{"rendered":"\n<p>El mapa de Espa\u00f1a y Portugal parece quieto. Sin embargo, bajo esa imagen fija la <a href=\"https:\/\/www.ecoticias.com\/hoyeco\/nucleo-tierra-satelites\/28934\/\">corteza<\/a> se mueve. Un <a href=\"https:\/\/www.ehu.eus\/en\/web\/campusa-magazine\/-\/the-iberian-peninsula-is-rotating-clockwise-according-to-new-geodynamic-data\" target=\"_blank\" rel=\"noopener\">estudio internacional<\/a> reci\u00e9n publicado en la revista Gondwana Research confirma que la <a href=\"https:\/\/www.ecoticias.com\/hoyeco\/los-cientificos-no-dan-credito-al-descubrir-que-espana-y-portugal-giran\/32008\/\">Pen\u00ednsula Ib\u00e9rica<\/a> no solo se desplaza hacia el norte unos mil\u00edmetros al a\u00f1o junto con la placa euroasi\u00e1tica, tambi\u00e9n gira lentamente en sentido de las agujas del reloj por el empuje de la placa de \u00c1frica.<\/p>\n\n\n\n<p>Hablamos de un movimiento diminuto a escala humana. La convergencia entre \u00c1frica y Eurasia se sit\u00faa entre cuatro y seis mil\u00edmetros anuales y el borde sur de la pen\u00ednsula avanza hacia el oeste suroeste en torno a tres mil\u00edmetros. Nadie va a notar que su casa se ha movido un poco, pero estas cifras bastan para deformar la corteza y obligan a revisar c\u00f3mo se calcula el riesgo s\u00edsmico en el suroeste de Europa.<\/p>\n\n\n\n<h2 class=\"wp-block-heading\">C\u00f3mo han medido este giro milim\u00e9trico<\/h2>\n\n\n\n<p>El trabajo est\u00e1 liderado por el ge\u00f3logo Asier Madarieta-Txurruka y un equipo de universidades espa\u00f1olas. El grupo ha combinado dos tipos de datos. Por un lado, miles de terremotos recientes aportan sus mecanismos focales, la firma que indica c\u00f3mo se ha roto cada falla. Por otro, las redes GNSS miden con precisi\u00f3n milim\u00e9trica c\u00f3mo se mueve el terreno en cientos de estaciones repartidas por la regi\u00f3n.<\/p>\n\n\n\n<p>Al unir ambas piezas, esfuerzo interno y deformaci\u00f3n en superficie, los investigadores han cartografiado un campo de tensiones continuo desde el oc\u00e9ano Atl\u00e1ntico hasta el mar Mediterr\u00e1neo. El modelo distingue cuatro grandes dominios tect\u00f3nicos en torno al Atl\u00e1ntico, Gibraltar, Albor\u00e1n y el arco argelino balear, cada uno con un estilo diferente de acortamiento y cizalla. En la zona de transici\u00f3n, el patr\u00f3n de velocidades dibuja una rotaci\u00f3n lenta en sentido horario de la <a href=\"https:\/\/agupubs.onlinelibrary.wiley.com\/doi\/full\/10.1029\/2017JB015002\" target=\"_blank\" rel=\"noopener\">microplaca ib\u00e9rica<\/a> respecto a \u00c1frica y a Eurasia.<\/p>\n\n\n\n<h2 class=\"wp-block-heading\">El papel del Estrecho de Gibraltar<\/h2>\n\n\n\n<p>El l\u00edmite entre las placas africana y eurasi\u00e1tica no es una l\u00ednea fina sobre el mapa, sino una franja amplia que va desde el golfo de C\u00e1diz hasta el mar de Albor\u00e1n. En esa zona se superponen la cordillera B\u00e9tica y el Rif marroqu\u00ed junto a bloques que se comprimen, se estiran y se deslizan unos frente a otros. Madarieta recuerda que \u00abla placa eur\u00e1sica y la africana convergen a un ritmo de 4 a 6 mil\u00edmetros al a\u00f1o\u00bb y que el dominio de Albor\u00e1n act\u00faa como amortiguador entre ambas.<\/p>\n\n\n\n<p>Al este del <a href=\"https:\/\/www.ecoticias.com\/hoyeco\/puente-espana-africa-motivo\/20262\/\">Estrecho<\/a>, buena parte de la deformaci\u00f3n se absorbe en la corteza del Arco de Gibraltar, lo que limita que las tensiones lleguen al interior peninsular. Al oeste, el choque entre Iberia y \u00c1frica es m\u00e1s directo y empuja el suroeste de la pen\u00ednsula hacia el oeste. El resultado, sumado durante millones de a\u00f1os, es una ligera torsi\u00f3n del conjunto, imperceptible para nosotros.<\/p>\n\n\n\n<h2 class=\"wp-block-heading\">\u00bfQu\u00e9 implica para el riesgo s\u00edsmico?<\/h2>\n\n\n\n<p>En el d\u00eda a d\u00eda no har\u00e1 falta reajustar el GPS del coche ni pensar que el suelo bajo nuestros pies se inclina de repente. La rotaci\u00f3n confirma que la deformaci\u00f3n no se concentra en una \u00fanica gran falla, sino que se reparte en muchas estructuras menores, algunas mal localizadas. Esto encaja con el patr\u00f3n de <a href=\"https:\/\/www.ecoticias.com\/hoyeco\/google-sistema-alerta-terremotos\/26567\/\">sismicidad moderada<\/a> que se observa en el golfo de C\u00e1diz, Granada o el mar de Albor\u00e1n.<\/p>\n\n\n\n<p>Tambi\u00e9n ayuda a entender por qu\u00e9 eventos extremos, como el <a href=\"https:\/\/www.ign.es\/web\/terremotos-mas-importantes-espana?id=1755\" target=\"_blank\" rel=\"noopener\">gran terremoto de Lisboa de 1755<\/a> y el posterior tsunami, son posibles en esta parte del Atl\u00e1ntico aunque sean muy poco frecuentes. Saber qu\u00e9 zonas absorben m\u00e1s tensi\u00f3n, cu\u00e1les se mueven de lado y d\u00f3nde se concentran las deformaciones continuas permite afinar los <a href=\"https:\/\/www.ign.es\/web\/mapas-sismicidad\" target=\"_blank\" rel=\"noopener\">mapas de peligrosidad s\u00edsmica<\/a> y decidir d\u00f3nde conviene estudiar fallas activas o reforzar infraestructuras clave en la costa.<\/p>\n\n\n\n<p>La idea de que la Pen\u00ednsula Ib\u00e9rica es un bloque r\u00edgido e inm\u00f3vil queda atr\u00e1s. El nuevo modelo la muestra comprimi\u00e9ndose, estir\u00e1ndose y girando lentamente mientras la vida cotidiana sigue su curso entre atascos, obras y partes del tiempo. Por eso tiene sentido mantener redes de GPS permanentes, cat\u00e1logos s\u00edsmicos y proyectos internacionales que integren todos esos datos. No solo sirven para hacer ciencia, tambi\u00e9n para planificar un territorio densamente poblado que comparte frontera tect\u00f3nica con \u00c1frica.<\/p>\n\n\n\n<p>El estudio cient\u00edfico completo se ha publicado en la revista <a href=\"https:\/\/doi.org\/10.1016\/j.gr.2025.08.020\" target=\"_blank\" rel=\"noopener\"><em>Gondwana Research<\/em><\/a>.<\/p>\n","protected":false},"excerpt":{"rendered":"<p>El mapa de Espa\u00f1a y Portugal parece quieto. Sin embargo, bajo esa imagen fija la corteza se mueve. Un estudio &#8230; <\/p>\n<p class=\"read-more-container\"><a title=\"Los ge\u00f3logos no dan cr\u00e9dito: Espa\u00f1a y Portugal est\u00e1n rotando sobre su propio eje y puede alterar los modelos\" class=\"read-more button\" href=\"https:\/\/www.ecoticias.com\/hoyeco\/los-geologos-no-dan-credito-espana-y-portugal-estan-rotando-sobre-su-propio-eje-y-puede-alterar-los-modelos\/34222\/#more-34222\" aria-label=\"Leer m\u00e1s sobre Los ge\u00f3logos no dan cr\u00e9dito: Espa\u00f1a y Portugal est\u00e1n rotando sobre su propio eje y puede alterar los modelos\">Read more<\/a><\/p>\n","protected":false},"author":21,"featured_media":34223,"comment_status":"open","ping_status":"","sticky":false,"template":"","format":"standard","meta":{"footnotes":""},"categories":[68],"tags":[],"class_list":["post-34222","post","type-post","status-publish","format-standard","has-post-thumbnail","hentry","category-ciencia","resize-featured-image"],"_links":{"self":[{"href":"https:\/\/www.ecoticias.com\/hoyeco\/wp-json\/wp\/v2\/posts\/34222","targetHints":{"allow":["GET"]}}],"collection":[{"href":"https:\/\/www.ecoticias.com\/hoyeco\/wp-json\/wp\/v2\/posts"}],"about":[{"href":"https:\/\/www.ecoticias.com\/hoyeco\/wp-json\/wp\/v2\/types\/post"}],"author":[{"embeddable":true,"href":"https:\/\/www.ecoticias.com\/hoyeco\/wp-json\/wp\/v2\/users\/21"}],"replies":[{"embeddable":true,"href":"https:\/\/www.ecoticias.com\/hoyeco\/wp-json\/wp\/v2\/comments?post=34222"}],"version-history":[{"count":3,"href":"https:\/\/www.ecoticias.com\/hoyeco\/wp-json\/wp\/v2\/posts\/34222\/revisions"}],"predecessor-version":[{"id":34355,"href":"https:\/\/www.ecoticias.com\/hoyeco\/wp-json\/wp\/v2\/posts\/34222\/revisions\/34355"}],"wp:featuredmedia":[{"embeddable":true,"href":"https:\/\/www.ecoticias.com\/hoyeco\/wp-json\/wp\/v2\/media\/34223"}],"wp:attachment":[{"href":"https:\/\/www.ecoticias.com\/hoyeco\/wp-json\/wp\/v2\/media?parent=34222"}],"wp:term":[{"taxonomy":"category","embeddable":true,"href":"https:\/\/www.ecoticias.com\/hoyeco\/wp-json\/wp\/v2\/categories?post=34222"},{"taxonomy":"post_tag","embeddable":true,"href":"https:\/\/www.ecoticias.com\/hoyeco\/wp-json\/wp\/v2\/tags?post=34222"}],"curies":[{"name":"wp","href":"https:\/\/api.w.org\/{rel}","templated":true}]}}