{"id":34233,"date":"2026-03-14T09:34:00","date_gmt":"2026-03-14T08:34:00","guid":{"rendered":"https:\/\/www.ecoticias.com\/hoyeco\/?p=34233"},"modified":"2026-03-10T16:39:45","modified_gmt":"2026-03-10T15:39:45","slug":"ingenieros-alemanes-crean-el-aerogenerador-domestico-que-amenaza-a-las-placas-solares-porque-produce-energia-todo-el-ano","status":"publish","type":"post","link":"https:\/\/www.ecoticias.com\/hoyeco\/ingenieros-alemanes-crean-el-aerogenerador-domestico-que-amenaza-a-las-placas-solares-porque-produce-energia-todo-el-ano\/34233\/","title":{"rendered":"Ingenieros alemanes crean el aerogenerador dom\u00e9stico que amenaza a las placas solares porque produce energ\u00eda todo el a\u00f1o"},"content":{"rendered":"\n<p>a escena empieza a sonar familiar. Hogares que ya tienen placas solares, <a href=\"https:\/\/www.ecoticias.com\/hoyeco\/luz-en-espana-sin-vientos-fuertes\/30106\/\">facturas de la luz<\/a> que siguen subiendo y propietarios que se preguntan qu\u00e9 m\u00e1s pueden hacer para producir su propia energ\u00eda. La novedad ahora llega del viento. La microturbina <a href=\"https:\/\/myskywind.shop\/en\" target=\"_blank\" rel=\"noopener\">SkyWind NG<\/a> se ha convertido en la primera de su categor\u00eda en obtener la certificaci\u00f3n completa del programa <a href=\"https:\/\/smallwindcertification.org\/\" target=\"_blank\" rel=\"noopener\">ICC Small Wind Certification Council<\/a>, un sello independiente que avala su potencia, seguridad y vida \u00fatil.<\/p>\n\n\n\n<p>En la pr\u00e1ctica, hablamos de un aerogenerador del tama\u00f1o de una antena parab\u00f3lica que se coloca en el tejado, pesa unos 19 kilos y est\u00e1 dise\u00f1ado para trabajar justo cuando las placas solares flojean, en noches largas o en d\u00edas de borrasca. Seg\u00fan los ensayos de certificaci\u00f3n, cada unidad puede generar unos 615 kWh al a\u00f1o, una cifra que convierte al viento dom\u00e9stico en un complemento real para el <a href=\"https:\/\/www.ecoticias.com\/hoyeco\/nuevo-tipo-de-autoconsumo\/30946\/\">autoconsumo<\/a>.<\/p>\n\n\n\n<h2 class=\"wp-block-heading\">Una turbina peque\u00f1a, met\u00e1lica y pensada para tejados<\/h2>\n\n\n\n<p>La empresa alemana <a href=\"https:\/\/www.myskywind.world\/\" target=\"_blank\" rel=\"noopener\">SkyWind Energy GmbH<\/a> fabrica la SkyWind NG \u00edntegramente en aluminio y acero. El rotor tiene 1,5 metros de di\u00e1metro y solo dos palas curvas, con un perfil parecido al de las alas de un avi\u00f3n. Este dise\u00f1o met\u00e1lico patentado busca dos cosas a la vez, resistencia y facilidad de instalaci\u00f3n, incluso en postes de luz o soportes ligeros.<\/p>\n\n\n\n<p>La compa\u00f1\u00eda insiste en el car\u00e1cter silencioso de la m\u00e1quina. Habla de una aerodin\u00e1mica muy trabajada y de un recubrimiento especial que evita reflejos molestos en las palas, algo importante si el equipo est\u00e1 a la vista desde ventanas vecinas. En sus propios materiales promocionales presumen de que con la turbina en marcha \u201cincluso oir\u00e1 a los p\u00e1jaros\u201d, una forma gr\u00e1fica de decir que el ruido no deber\u00eda convertirse en un problema cotidiano.<\/p>\n\n\n\n<p>Para entornos residenciales, la firma cuenta con ensayos de ruido y seguridad realizados por entidades independientes como <a href=\"https:\/\/www.tuev-nord.de\/en\/\" target=\"_blank\" rel=\"noopener\">T\u00dcV NORD<\/a>, lo que refuerza la idea de que no se trata de un prototipo experimental, sino de un producto pensado para convivir con viviendas y comunidades.<\/p>\n\n\n\n<figure class=\"wp-block-embed is-type-video is-provider-youtube wp-block-embed-youtube wp-embed-aspect-16-9 wp-has-aspect-ratio\"><div class=\"wp-block-embed__wrapper\">\n<iframe loading=\"lazy\" title=\"SkyWind NG am Haus in Th\u00fcringen\" width=\"1200\" height=\"675\" src=\"https:\/\/www.youtube.com\/embed\/sXAygHu7l0Q?feature=oembed\" frameborder=\"0\" allow=\"accelerometer; autoplay; clipboard-write; encrypted-media; gyroscope; picture-in-picture; web-share\" referrerpolicy=\"strict-origin-when-cross-origin\" allowfullscreen><\/iframe>\n<\/div><figcaption class=\"wp-element-caption\">Turbina del fabricante en funcionando | V\u00eddeo: SkyWind Energy GmbH<\/figcaption><\/figure>\n\n\n\n<h2 class=\"wp-block-heading\">Qu\u00e9 aporta la certificaci\u00f3n ICC SWCC<\/h2>\n\n\n\n<p>El programa ICC Small Wind Certification Council, gestionado por el <a href=\"https:\/\/www.iccsafe.org\/\" target=\"_blank\" rel=\"noopener\">International Code Council<\/a>, se dedica a probar y certificar <a href=\"https:\/\/smallwindcertification.org\/certified-small-turbines\/\" target=\"_blank\" rel=\"noopener\">aerogeneradores de peque\u00f1a potencia<\/a>, hasta 150 kW. En el caso de la SkyWind NG, el proceso ha durado unos dos a\u00f1os e incluye mediciones de energ\u00eda entregada, pruebas de seguridad, comportamiento en fallos de red y ensayos de resistencia a largo plazo.<\/p>\n\n\n\n<p>El resultado es un certificado que fija negro sobre blanco par\u00e1metros clave. Se confirma el di\u00e1metro del rotor, la potencia m\u00e1xima medida en torno a 0,6 kW y un rendimiento anual de 615 kWh en las condiciones de viento del emplazamiento de prueba. Para el usuario final esto se traduce en algo sencillo. No se f\u00eda solo de las promesas del fabricante, sino de un organismo independiente que verifica que la turbina hace lo que dice.<\/p>\n\n\n\n<h2 class=\"wp-block-heading\">Cu\u00e1nta energ\u00eda puede aportar en casa<\/h2>\n\n\n\n<p>Si tomamos como referencia un hogar medio con un consumo cercano a 3.500 kWh al a\u00f1o, una sola turbina SkyWind NG cubrir\u00eda en torno a una sexta parte de esa demanda. No es poca cosa, pero tampoco basta para olvidarse del resto de la instalaci\u00f3n. En buena medida, el sentido de estas microturbinas est\u00e1 en instalar varias unidades en zonas con buen viento o dedicarlas a usos concretos, por ejemplo alimentar iluminaci\u00f3n exterior, un peque\u00f1o taller o un garaje.<\/p>\n\n\n\n<p>La propia compa\u00f1\u00eda destaca que muchas unidades trabajan ya en tejados de viviendas en Alemania y en estaciones de monta\u00f1a en cordilleras como el Himalaya y los Andes, lugares donde la conexi\u00f3n a red es limitada y el viento sopla con fuerza buena parte del a\u00f1o. Ese historial en climas duros es un argumento adicional para quienes temen que un aparato tan ligero pueda sufrir con las rachas fuertes.<\/p>\n\n\n\n<h2 class=\"wp-block-heading\">Viento y sol, m\u00e1s aliados que rivales<\/h2>\n\n\n\n<p>Aunque algunos titulares hablen de decir adi\u00f3s a las <a href=\"https:\/\/www.ecoticias.com\/hoyeco\/paneles-solares-conos-mas-energia\/28177\/\">placas solares<\/a>, el propio fabricante insiste en la combinaci\u00f3n de tecnolog\u00edas. En invierno, cuando anochece pronto y los d\u00edas nublados se encadenan, las placas producen menos justo cuando el consumo de calefacci\u00f3n y luz aumenta. En esos momentos el viento suele animarse y una turbina en el tejado puede seguir sumando kilovatios mientras el panel apenas despierta.<\/p>\n\n\n\n<p>Adem\u00e1s, la SkyWind NG puede conectarse directamente a la red dom\u00e9stica de 230 V o a <a href=\"https:\/\/www.ecoticias.com\/hoyeco\/el-invento-antiapagones\/30300\/\">bater\u00edas<\/a> de 12 y 24 V. No necesita combustible ni un mantenimiento complejo, algo que simplifica la vida al propietario. Eso s\u00ed, los expertos recomiendan analizar bien el recurso e\u00f3lico de cada ubicaci\u00f3n. Si en tu barrio casi nunca se mueven las hojas de los \u00e1rboles, quiz\u00e1 la prioridad siga siendo mejorar la parte solar. La propia empresa ofrece mapas de viento y aconseja instalar la turbina solo donde la velocidad media anual supere en torno a 3,5 o 4 metros por segundo, con ubicaciones excelentes a partir de 5,5 metros por segundo.<\/p>\n\n\n\n<p>En resumen, la certificaci\u00f3n de esta microturbina marca un peque\u00f1o hito en la democratizaci\u00f3n de la energ\u00eda e\u00f3lica dom\u00e9stica. No va a sustituir de un d\u00eda para otro a las instalaciones fotovoltaicas, pero abre una puerta a que m\u00e1s hogares combinen sol y viento para reducir su dependencia de la red y, de paso, de las subidas en la factura de la luz.<\/p>\n\n\n\n<p>El comunicado oficial sobre la certificaci\u00f3n de la microturbina SkyWind NG ha sido publicado por el <a href=\"https:\/\/smallwindcertification.org\/swcc-certification-marks-milestone-for-micro-wind-turbines\/\" target=\"_blank\" rel=\"noopener\"><em>ICC Small Wind Certification Council<\/em><\/a>.<\/p>\n","protected":false},"excerpt":{"rendered":"<p>a escena empieza a sonar familiar. Hogares que ya tienen placas solares, facturas de la luz que siguen subiendo y &#8230; <\/p>\n<p class=\"read-more-container\"><a title=\"Ingenieros alemanes crean el aerogenerador dom\u00e9stico que amenaza a las placas solares porque produce energ\u00eda todo el a\u00f1o\" class=\"read-more button\" href=\"https:\/\/www.ecoticias.com\/hoyeco\/ingenieros-alemanes-crean-el-aerogenerador-domestico-que-amenaza-a-las-placas-solares-porque-produce-energia-todo-el-ano\/34233\/#more-34233\" aria-label=\"Leer m\u00e1s sobre Ingenieros alemanes crean el aerogenerador dom\u00e9stico que amenaza a las placas solares porque produce energ\u00eda todo el a\u00f1o\">Read more<\/a><\/p>\n","protected":false},"author":21,"featured_media":34234,"comment_status":"open","ping_status":"","sticky":false,"template":"","format":"standard","meta":{"footnotes":""},"categories":[5],"tags":[],"class_list":["post-34233","post","type-post","status-publish","format-standard","has-post-thumbnail","hentry","category-energia","resize-featured-image"],"_links":{"self":[{"href":"https:\/\/www.ecoticias.com\/hoyeco\/wp-json\/wp\/v2\/posts\/34233","targetHints":{"allow":["GET"]}}],"collection":[{"href":"https:\/\/www.ecoticias.com\/hoyeco\/wp-json\/wp\/v2\/posts"}],"about":[{"href":"https:\/\/www.ecoticias.com\/hoyeco\/wp-json\/wp\/v2\/types\/post"}],"author":[{"embeddable":true,"href":"https:\/\/www.ecoticias.com\/hoyeco\/wp-json\/wp\/v2\/users\/21"}],"replies":[{"embeddable":true,"href":"https:\/\/www.ecoticias.com\/hoyeco\/wp-json\/wp\/v2\/comments?post=34233"}],"version-history":[{"count":1,"href":"https:\/\/www.ecoticias.com\/hoyeco\/wp-json\/wp\/v2\/posts\/34233\/revisions"}],"predecessor-version":[{"id":34237,"href":"https:\/\/www.ecoticias.com\/hoyeco\/wp-json\/wp\/v2\/posts\/34233\/revisions\/34237"}],"wp:featuredmedia":[{"embeddable":true,"href":"https:\/\/www.ecoticias.com\/hoyeco\/wp-json\/wp\/v2\/media\/34234"}],"wp:attachment":[{"href":"https:\/\/www.ecoticias.com\/hoyeco\/wp-json\/wp\/v2\/media?parent=34233"}],"wp:term":[{"taxonomy":"category","embeddable":true,"href":"https:\/\/www.ecoticias.com\/hoyeco\/wp-json\/wp\/v2\/categories?post=34233"},{"taxonomy":"post_tag","embeddable":true,"href":"https:\/\/www.ecoticias.com\/hoyeco\/wp-json\/wp\/v2\/tags?post=34233"}],"curies":[{"name":"wp","href":"https:\/\/api.w.org\/{rel}","templated":true}]}}