{"id":34251,"date":"2026-03-14T22:03:00","date_gmt":"2026-03-14T21:03:00","guid":{"rendered":"https:\/\/www.ecoticias.com\/hoyeco\/?p=34251"},"modified":"2026-03-10T17:01:44","modified_gmt":"2026-03-10T16:01:44","slug":"la-frase-de-jane-goodall-primatologa-que-es-una-leccion-de-vida-no-importa-quien-seas-sino-lo-que-eres-capaz-de-hacer","status":"publish","type":"post","link":"https:\/\/www.ecoticias.com\/hoyeco\/la-frase-de-jane-goodall-primatologa-que-es-una-leccion-de-vida-no-importa-quien-seas-sino-lo-que-eres-capaz-de-hacer\/34251\/","title":{"rendered":"La frase de Jane Goodall, primat\u00f3loga, que es una lecci\u00f3n de vida: \u00abNo importa qui\u00e9n seas, sino lo que eres capaz de hacer\u00bb"},"content":{"rendered":"\n<p>Incluso despu\u00e9s de su muerte en 2025, la voz de Jane Goodall sigue sonando muy actual. La <a href=\"https:\/\/www.ecoticias.com\/hoyeco\/estudios-derretimiento-glaciar\/27506\/\">crisis clim\u00e1tica<\/a>, la p\u00e9rdida de biodiversidad y la sensaci\u00f3n de vivir cada vez m\u00e1s lejos de la naturaleza le dan un peso especial a sus mensajes. Un <a href=\"https:\/\/www.ipbes.net\/node\/35234\" target=\"_blank\" rel=\"noopener\">informe internacional<\/a> respaldado por la ONU alerta de que cerca de un mill\u00f3n de especies de animales y plantas est\u00e1n en peligro de extinci\u00f3n por la actividad humana.<\/p>\n\n\n\n<p>Al mismo tiempo, la <a href=\"https:\/\/www.fao.org\/interactive\/forest-resources-assessment\/2020\/en\/\" target=\"_blank\" rel=\"noopener\">FAO<\/a> calcula que entre 2015 y 2020 se perdieron cada a\u00f1o unos 10 millones de hect\u00e1reas de bosque en el planeta. Son cifras enormes. Y, sin embargo, Goodall siempre insisti\u00f3 en algo muy sencillo. Cada persona importa. Cada gesto tiene impacto.<\/p>\n\n\n\n<p>Primat\u00f3loga, et\u00f3loga y <a href=\"https:\/\/www.un.org\/en\/messengers-peace\/jane-goodall\" target=\"_blank\" rel=\"noopener\">mensajera de la paz de Naciones Unidas<\/a>, dedic\u00f3 su vida a estudiar a los chimpanc\u00e9s en el Parque Nacional de Gombe y despu\u00e9s a protegerlos a trav\u00e9s del Jane Goodall Institute y del programa juvenil <a href=\"https:\/\/rootsandshoots.global\/\" target=\"_blank\" rel=\"noopener\">Roots &amp; Shoots<\/a>, activo ya en decenas de pa\u00edses.<\/p>\n\n\n\n<p>\u00bfQu\u00e9 tienen que ver sus frases con la factura de la luz, el coche que usamos a diario o lo lejos que est\u00e1 el parque m\u00e1s cercano de nuestra casa? M\u00e1s de lo que parece.<\/p>\n\n\n\n<h2 class=\"wp-block-heading\"><strong>1. \u201cLos animales tienen personalidad, sentimientos y una mente\u201d<\/strong><\/h2>\n\n\n\n<p>\u201c No puedes compartir tu vida con un perro o un gato si no entiendes que tambi\u00e9n ellos tienen personalidad, sentimientos y una mente\u201d.<\/p>\n\n\n\n<p>Goodall demostr\u00f3 con sus observaciones que los chimpanc\u00e9s usan herramientas, cooperan, muestran afecto y tambi\u00e9n violencia. Cambi\u00f3 para siempre la forma en que vemos a otros animales.<\/p>\n\n\n\n<p>En la pr\u00e1ctica, esto nos coloca frente a una pregunta inc\u00f3moda. Si reconocemos emociones en perros, gatos, aves o primates, \u00bfc\u00f3mo justificamos actividades que destruyen sus h\u00e1bitats, desde la expansi\u00f3n agr\u00edcola hasta los grandes proyectos energ\u00e9ticos mal planificados? No se trata solo de salvar especies. Se trata de respetar vidas concretas.<\/p>\n\n\n\n<h2 class=\"wp-block-heading\"><strong>2. \u201cLa evoluci\u00f3n no tiene sentido si no hacemos grandes cosas con lo que somos ahora\u201d<\/strong><\/h2>\n\n\n\n<p>Para Goodall, saber de d\u00f3nde venimos importa menos que lo que hacemos hoy con ese conocimiento. Nuestro \u201c\u00e9xito\u201d evolutivo se mide en emisiones, consumo de recursos y residuos.<\/p>\n\n\n\n<p>Mientras discutimos si el coche el\u00e9ctrico es caro o barato, los bosques siguen desapareciendo y con ellos enormes <a href=\"https:\/\/www.ecoticias.com\/hoyeco\/australia-selvas-humanidad\/30098\/\">reservas de carbono<\/a> y biodiversidad. Entre 1990 y 2020 se han perdido unos 420 millones de hect\u00e1reas de bosque en el mundo, seg\u00fan datos de la FAO.<\/p>\n\n\n\n<p>El mensaje de fondo es directo. La tecnolog\u00eda y la ciencia solo tienen sentido si sirven para reducir emisiones, proteger ecosistemas y mejorar la vida de las personas sin arrasar el territorio.<\/p>\n\n\n\n<h2 class=\"wp-block-heading\"><strong>3. \u201cEllos nunca pensar\u00edan en destruir su bosque\u201d<\/strong><\/h2>\n\n\n\n<p>Goodall recordaba que chimpanc\u00e9s, gorilas u orangutanes llevan miles de a\u00f1os en sus bosques sin destruirlos. En cambio, el ser humano s\u00ed ha desarrollado la capacidad de quemar selvas enteras en una sola temporada de <a href=\"https:\/\/www.ecoticias.com\/hoyeco\/robot-bosques-mundo-incendios-forestales\/31161\/\">incendios<\/a>. En 2024, la p\u00e9rdida de bosques tropicales por incendios alcanz\u00f3 niveles r\u00e9cord, sobre todo en la <a href=\"https:\/\/www.reuters.com\/sustainability\/cop\/amazon-fires-drive-unprecedented-global-forest-loss-2024-report-says-2025-05-21\/\" target=\"_blank\" rel=\"noopener\">Amazonia brasile\u00f1a<\/a>, impulsada por sequ\u00edas extremas y el cambio clim\u00e1tico.<\/p>\n\n\n\n<p>Cuando ella habla de equilibrio no es poes\u00eda ecol\u00f3gica. Es pura supervivencia. Sin bosques funcionales, se aceleran las sequ\u00edas, empeoran las inundaciones y aumentan las probabilidades de nuevas pandemias vinculadas a la destrucci\u00f3n de h\u00e1bitats.<\/p>\n\n\n\n<h2 class=\"wp-block-heading\"><strong>4. \u201cNecesitamos los bosques y los entornos naturales por lo que nos aportan psicol\u00f3gicamente\u201d<\/strong><\/h2>\n\n\n\n<p>Goodall suele recordar que los jardines y los espacios verdes bajan la criminalidad y mejoran la salud mental. La ciencia le da bastante la raz\u00f3n. Varios estudios recientes se\u00f1alan que vivir cerca de <a href=\"https:\/\/evidence.nihr.ac.uk\/alert\/local-green-spaces-are-linked-with-better-mental-health\/\" target=\"_blank\" rel=\"noopener\">zonas verdes<\/a> reduce en torno a un veinte por ciento el riesgo de sufrir problemas de salud mental, estr\u00e9s o depresi\u00f3n.<\/p>\n\n\n\n<p>Quien vive en una gran ciudad lo nota en su d\u00eda a d\u00eda. Una cosa es pasar horas entre tr\u00e1fico, ruido y cemento. Otra muy distinta es poder desconectar en un parque cercano, aunque sea peque\u00f1o. No es un lujo. Es salud p\u00fablica. Y tambi\u00e9n es justicia social cuando muchos barrios apenas tienen \u00e1rboles ni sombra en verano.<\/p>\n\n\n\n<h2 class=\"wp-block-heading\"><strong>5. \u201cTenemos una responsabilidad con ellos\u201d<\/strong><\/h2>\n\n\n\n<p>\u201c Cuando un beb\u00e9 chimpanc\u00e9 te mira, es como un beb\u00e9 humano. Tenemos una responsabilidad con ellos\u201d.<\/p>\n\n\n\n<p>Goodall repiti\u00f3 durante d\u00e9cadas una idea parecida. Cada persona, cada comunidad y cada empresa tiene margen para cambiar cosas. Desde lo que ponemos en el plato hasta c\u00f3mo nos movemos o qu\u00e9 tipo de energ\u00eda apoyamos. Esa filosof\u00eda se ha convertido en el coraz\u00f3n del programa Roots &amp; Shoots, que impulsa proyectos locales de j\u00f3venes para ayudar a animales, personas y medio ambiente.<\/p>\n\n\n\n<p>El reto est\u00e1 en pasar del \u201ces verdad, qu\u00e9 bonito lo que dec\u00eda Jane\u201d a decisiones concretas. Elegir productos con menos impacto, exigir ciudades con m\u00e1s \u00e1rboles y menos coches, apoyar a quienes trabajan en conservaci\u00f3n y no mirar hacia otro lado cuando se destruye un bosque o un humedal cercano.<\/p>\n\n\n\n<p>En el fondo, el legado de Jane Goodall no es solo cient\u00edfico. Es una invitaci\u00f3n diaria a vivir con m\u00e1s humildad y cuidado en un planeta que comparte hogar con <a href=\"https:\/\/www.ecoticias.com\/hoyeco\/tesoros-planeta-profundidades\/29455\/\">millones de especies en peligro<\/a>.<\/p>\n\n\n\n<p>La informaci\u00f3n oficial sobre el legado y los proyectos de Jane Goodall, incluido el programa Roots &amp; Shoots y las iniciativas de conservaci\u00f3n y educaci\u00f3n ambiental, ha sido publicada en la web del<em> <a href=\"https:\/\/janegoodall.es\/\" target=\"_blank\" rel=\"noopener\">Instituto Jane Goodall Espa\u00f1a<\/a><\/em>.<\/p>\n","protected":false},"excerpt":{"rendered":"<p>Incluso despu\u00e9s de su muerte en 2025, la voz de Jane Goodall sigue sonando muy actual. La crisis clim\u00e1tica, la &#8230; <\/p>\n<p class=\"read-more-container\"><a title=\"La frase de Jane Goodall, primat\u00f3loga, que es una lecci\u00f3n de vida: \u00abNo importa qui\u00e9n seas, sino lo que eres capaz de hacer\u00bb\" class=\"read-more button\" href=\"https:\/\/www.ecoticias.com\/hoyeco\/la-frase-de-jane-goodall-primatologa-que-es-una-leccion-de-vida-no-importa-quien-seas-sino-lo-que-eres-capaz-de-hacer\/34251\/#more-34251\" aria-label=\"Leer m\u00e1s sobre La frase de Jane Goodall, primat\u00f3loga, que es una lecci\u00f3n de vida: \u00abNo importa qui\u00e9n seas, sino lo que eres capaz de hacer\u00bb\">Read more<\/a><\/p>\n","protected":false},"author":18,"featured_media":34252,"comment_status":"open","ping_status":"","sticky":false,"template":"","format":"standard","meta":{"footnotes":""},"categories":[2],"tags":[],"class_list":["post-34251","post","type-post","status-publish","format-standard","has-post-thumbnail","hentry","category-actualidad","resize-featured-image"],"_links":{"self":[{"href":"https:\/\/www.ecoticias.com\/hoyeco\/wp-json\/wp\/v2\/posts\/34251","targetHints":{"allow":["GET"]}}],"collection":[{"href":"https:\/\/www.ecoticias.com\/hoyeco\/wp-json\/wp\/v2\/posts"}],"about":[{"href":"https:\/\/www.ecoticias.com\/hoyeco\/wp-json\/wp\/v2\/types\/post"}],"author":[{"embeddable":true,"href":"https:\/\/www.ecoticias.com\/hoyeco\/wp-json\/wp\/v2\/users\/18"}],"replies":[{"embeddable":true,"href":"https:\/\/www.ecoticias.com\/hoyeco\/wp-json\/wp\/v2\/comments?post=34251"}],"version-history":[{"count":1,"href":"https:\/\/www.ecoticias.com\/hoyeco\/wp-json\/wp\/v2\/posts\/34251\/revisions"}],"predecessor-version":[{"id":34253,"href":"https:\/\/www.ecoticias.com\/hoyeco\/wp-json\/wp\/v2\/posts\/34251\/revisions\/34253"}],"wp:featuredmedia":[{"embeddable":true,"href":"https:\/\/www.ecoticias.com\/hoyeco\/wp-json\/wp\/v2\/media\/34252"}],"wp:attachment":[{"href":"https:\/\/www.ecoticias.com\/hoyeco\/wp-json\/wp\/v2\/media?parent=34251"}],"wp:term":[{"taxonomy":"category","embeddable":true,"href":"https:\/\/www.ecoticias.com\/hoyeco\/wp-json\/wp\/v2\/categories?post=34251"},{"taxonomy":"post_tag","embeddable":true,"href":"https:\/\/www.ecoticias.com\/hoyeco\/wp-json\/wp\/v2\/tags?post=34251"}],"curies":[{"name":"wp","href":"https:\/\/api.w.org\/{rel}","templated":true}]}}