{"id":35417,"date":"2026-04-26T08:03:00","date_gmt":"2026-04-26T06:03:00","guid":{"rendered":"https:\/\/www.ecoticias.com\/hoyeco\/?p=35417"},"modified":"2026-04-22T14:54:10","modified_gmt":"2026-04-22T12:54:10","slug":"parece-una-simple-plantacion-de-energia-solar-pero-francia-va-mas-alla-y-ha-conseguido-que-el-suelo-respire-desencadenando-un-efecto-inesperado","status":"publish","type":"post","link":"https:\/\/www.ecoticias.com\/hoyeco\/parece-una-simple-plantacion-de-energia-solar-pero-francia-va-mas-alla-y-ha-conseguido-que-el-suelo-respire-desencadenando-un-efecto-inesperado\/35417\/","title":{"rendered":"Parece una simple plantaci\u00f3n de energ\u00eda solar pero Francia va m\u00e1s all\u00e1 y ha conseguido que el suelo \u00abrespire\u00bb desencadenando un efecto inesperado"},"content":{"rendered":"\n<p>La fotovoltaica es una aliada clara para recortar CO2 y depender menos del petr\u00f3leo y el gas. Pero un estudio en 20 parques solares del sur de Francia recuerda que los paneles hacen algo m\u00e1s que producir electricidad, tambi\u00e9n alteran el microclima del terreno y la vida que lo habita.<\/p>\n\n\n\n<p>Bajo los paneles, la riqueza de especies vegetales fue un 37,5% menor y la respiraci\u00f3n del suelo cay\u00f3 alrededor de un 62%. El detalle importante es que no ocurri\u00f3 igual en todas partes, y la diferencia entre segar y pastorear aparece una y otra vez en los resultados.<\/p>\n\n\n\n<h2 class=\"wp-block-heading\">Qu\u00e9 midieron<\/h2>\n\n\n\n<p>Los investigadores compararon 20 parques solares repartidos en dos zonas del sur de Francia, una de clima atl\u00e1ntico y otra mediterr\u00e1nea. En cada regi\u00f3n seleccionaron diez instalaciones, con cinco gestionadas mediante siega y cinco mediante pastoreo, y dentro de cada parque estudiaron tres posiciones, bajo paneles, entre filas y en una zona sin sombra.<\/p>\n\n\n\n<p>Las mediciones se realizaron en mayo de 2023 en la regi\u00f3n mediterr\u00e1nea y en junio de 2023 en la atl\u00e1ntica, con muestras de suelo tomadas en los primeros seis cent\u00edmetros. Analizaron rasgos de las plantas, temperatura, humedad y nutrientes del suelo, fauna como \u00e1caros y col\u00e9mbolos, y la respiraci\u00f3n del suelo como indicador de actividad biol\u00f3gica, con participaci\u00f3n de universidades francesas y de la energ\u00e9tica Engie.<\/p>\n\n\n\n<h2 class=\"wp-block-heading\">Sombra, temperatura y agua<\/h2>\n\n\n\n<p>La sombra de los <a href=\"https:\/\/www.ecoticias.com\/hoyeco\/alemania-arroja-paneles-solares-a-un-lago-y-soluciona-uno-de-los-grandes-problemas-de-las-renovables\/33154\/\">paneles<\/a> act\u00faa como una sombrilla fija. En promedio, la temperatura del suelo bajo los paneles fue entre 2 y 4,5 \u00b0C m\u00e1s baja que en las zonas sin sombra, algo que puede marcar la diferencia en veranos cada vez m\u00e1s pegajosos.<\/p>\n\n\n\n<p>Lo inesperado fue el agua. En la regi\u00f3n mediterr\u00e1nea, la <a href=\"https:\/\/www.ecoticias.com\/hoyeco\/el-planeta-esta-perdiendo-un-volumen-de-agua-dulce-equivalente-a-cuatro-piscinas-olimpicas-cada-segundo-segun-muestra-un-informe-del-banco-mundial\/32107\/\">humedad<\/a> del suelo se redujo hasta un 42% bajo los paneles, una se\u00f1al de que la sombra no siempre compensa lo que ocurre con la lluvia y la evaporaci\u00f3n en estos montajes.<\/p>\n\n\n\n<h2 class=\"wp-block-heading\">Plantas y especies<\/h2>\n\n\n\n<p>El primer impacto en la vegetaci\u00f3n es un filtro claro. Bajo los paneles, la riqueza de especies fue un 37,5% menor que en las zonas sin sombra, lo que sugiere que muchas plantas no toleran bien una sombra constante. (pv-magazine-latam.com)<\/p>\n\n\n\n<p>Aun as\u00ed, algunas caracter\u00edsticas de las plantas cambiaron en sentido contrario. El contenido de clorofila subi\u00f3 alrededor de un 12% y, en parques con pastoreo, la altura de las plantas bajo paneles aument\u00f3 hasta un 72% y el \u00e1rea foliar espec\u00edfica fue hasta un 46% mayor, rasgos que apuntan a una vegetaci\u00f3n que intenta aprovechar mejor la luz.<\/p>\n\n\n\n<h2 class=\"wp-block-heading\">La vida del suelo<\/h2>\n\n\n\n<p>La biodiversidad del suelo no se ve, pero sostiene buena parte del ecosistema. La mesofauna incluye peque\u00f1os animales como col\u00e9mbolos y \u00e1caros, y sus redes alimentarias mueven materia, nutrientes y energ\u00eda dentro del suelo.<\/p>\n\n\n\n<p>En los parques estudiados, la abundancia de col\u00e9mbolos cay\u00f3 entre un 74% y un 76% bajo los paneles y la mesofauna total se redujo alrededor de un 38%. Los \u00e1caros no depredadores tambi\u00e9n bajaron con fuerza en los sitios atl\u00e1nticos, con descensos entre el 45% y el 65%, mientras que los depredadores no mostraron cambios significativos.<\/p>\n\n\n\n<h2 class=\"wp-block-heading\">La respiraci\u00f3n del suelo<\/h2>\n\n\n\n<p>La <a href=\"https:\/\/www.nrcs.usda.gov\/sites\/default\/files\/2022-10\/Soil%20Respiration.pdf\" target=\"_blank\" rel=\"noopener\">respiraci\u00f3n<\/a> del suelo se mide como el CO2 que sale del terreno por la actividad de microbios, ra\u00edces y fauna. Se usa como una se\u00f1al de la actividad biol\u00f3gica y de la descomposici\u00f3n, algo as\u00ed como un \u201cpulso\u201d del suelo cuando est\u00e1 funcionando.<\/p>\n\n\n\n<p>En este trabajo, la respiraci\u00f3n del suelo cay\u00f3 alrededor de un 62% bajo los paneles. Las reducciones superaron el 50% en el Mediterr\u00e1neo y estuvieron entre el 55% y el 58% en los parques atl\u00e1nticos segados, mientras que en los emplazamientos atl\u00e1nticos pastoreados no se observ\u00f3 un efecto significativo.<\/p>\n\n\n\n<p>Este resultado no es un sello de \u201cbueno\u201d o \u201cmalo\u201d por s\u00ed solo. Documentos t\u00e9cnicos de conservaci\u00f3n de suelos se\u00f1alan que una respiraci\u00f3n baja suele indicar poca actividad microbiana o factores limitantes como falta de humedad, y eso puede frenar la liberaci\u00f3n de nutrientes que alimentan a las plantas.<\/p>\n\n\n\n<h2 class=\"wp-block-heading\">El manejo marca diferencias<\/h2>\n\n\n\n<p>El autor correspondiente, Arnaud Lec\u2019hvien, explic\u00f3 que el estudio es novedoso por comparar regiones y por medir muchas variables, incluida la red tr\u00f3fica del suelo. Y dej\u00f3 una idea clave, el hallazgo m\u00e1s sorprendente fue que esa red tr\u00f3fica se vio \u201csignificativamente m\u00e1s afectada\u201d en los emplazamientos segados que en los pastoreados.<\/p>\n\n\n\n<p>La lectura pr\u00e1ctica es sencilla, la <a href=\"https:\/\/www.ecoticias.com\/hoyeco\/china-no-solo-genera-energia-su-mayor-cluster-solar-en-qinghai-ya-roza-los-17-000-mw-y-esta-cambiando-el-microclima-del-desierto\/33025\/\">fotovoltaica<\/a> no se juega solo en los megavatios, tambi\u00e9n en c\u00f3mo se toca el suelo. La siega puede implicar una vegetaci\u00f3n m\u00e1s homog\u00e9nea y entradas repetidas, mientras que el pastoreo puede generar un mosaico distinto, aunque el efecto final depende del clima y del manejo concreto.<\/p>\n\n\n\n<h2 class=\"wp-block-heading\">Qu\u00e9 deber\u00edan tener en cuenta los proyectos<\/h2>\n\n\n\n<p>La conclusi\u00f3n no es frenar la <a href=\"https:\/\/www.ecoticias.com\/hoyeco\/mientras-el-diesel-se-dispara-consiguen-explotar-una-mina-de-oro-capaz-de-funcionar-con-un-90-de-energias-renovables-gracias-a-la-solar-la-eolica-y-las-baterias\/35193\/\">energ\u00eda<\/a> solar, sino hacerla m\u00e1s completa. Si queremos parques solares realmente sostenibles, lo razonable es medir suelos y biodiversidad antes de construir y volver a medir despu\u00e9s, igual que se controla la producci\u00f3n el\u00e9ctrica.<\/p>\n\n\n\n<p>Este estudio sugiere que la gesti\u00f3n importa y que, en algunos contextos, el pastoreo puede amortiguar parte del impacto bajo paneles. Por eso conviene preguntar por el plan de vegetaci\u00f3n, c\u00f3mo se evita la compactaci\u00f3n del terreno y c\u00f3mo se gestiona el agua de lluvia cuando una cubierta de paneles cambia d\u00f3nde cae el agua.<\/p>\n\n\n\n<p>Los autores tambi\u00e9n piden m\u00e1s investigaci\u00f3n para entender mejor c\u00f3mo influyen las diferencias de clima dentro de cada regi\u00f3n. Lec\u2019hvien adelant\u00f3 que futuros trabajos comparar\u00e1n el impacto de los paneles con el de pastizales abiertos y estudiar\u00e1n mejor las interacciones entre plantas y fauna del suelo.<\/p>\n\n\n\n<p>El estudio \u201cEffects of solar panels and management on soil mesofauna, respiration and plant traits in solar parks of two southern French regions\u201d se public\u00f3 en marzo de 2026 en <a href=\"https:\/\/www.sciencedirect.com\/science\/article\/pii\/S030147972600650X\" target=\"_blank\" rel=\"noopener\"><em>ScienceDirect<\/em><\/a>.<\/p>\n","protected":false},"excerpt":{"rendered":"<p>La fotovoltaica es una aliada clara para recortar CO2 y depender menos del petr\u00f3leo y el gas. Pero un estudio &#8230; <\/p>\n<p class=\"read-more-container\"><a title=\"Parece una simple plantaci\u00f3n de energ\u00eda solar pero Francia va m\u00e1s all\u00e1 y ha conseguido que el suelo \u00abrespire\u00bb desencadenando un efecto inesperado\" class=\"read-more button\" href=\"https:\/\/www.ecoticias.com\/hoyeco\/parece-una-simple-plantacion-de-energia-solar-pero-francia-va-mas-alla-y-ha-conseguido-que-el-suelo-respire-desencadenando-un-efecto-inesperado\/35417\/#more-35417\" aria-label=\"Leer m\u00e1s sobre Parece una simple plantaci\u00f3n de energ\u00eda solar pero Francia va m\u00e1s all\u00e1 y ha conseguido que el suelo \u00abrespire\u00bb desencadenando un efecto inesperado\">Read more<\/a><\/p>\n","protected":false},"author":17,"featured_media":35418,"comment_status":"open","ping_status":"","sticky":false,"template":"","format":"standard","meta":{"footnotes":""},"categories":[5],"tags":[],"class_list":["post-35417","post","type-post","status-publish","format-standard","has-post-thumbnail","hentry","category-energia","resize-featured-image"],"_links":{"self":[{"href":"https:\/\/www.ecoticias.com\/hoyeco\/wp-json\/wp\/v2\/posts\/35417","targetHints":{"allow":["GET"]}}],"collection":[{"href":"https:\/\/www.ecoticias.com\/hoyeco\/wp-json\/wp\/v2\/posts"}],"about":[{"href":"https:\/\/www.ecoticias.com\/hoyeco\/wp-json\/wp\/v2\/types\/post"}],"author":[{"embeddable":true,"href":"https:\/\/www.ecoticias.com\/hoyeco\/wp-json\/wp\/v2\/users\/17"}],"replies":[{"embeddable":true,"href":"https:\/\/www.ecoticias.com\/hoyeco\/wp-json\/wp\/v2\/comments?post=35417"}],"version-history":[{"count":1,"href":"https:\/\/www.ecoticias.com\/hoyeco\/wp-json\/wp\/v2\/posts\/35417\/revisions"}],"predecessor-version":[{"id":35419,"href":"https:\/\/www.ecoticias.com\/hoyeco\/wp-json\/wp\/v2\/posts\/35417\/revisions\/35419"}],"wp:featuredmedia":[{"embeddable":true,"href":"https:\/\/www.ecoticias.com\/hoyeco\/wp-json\/wp\/v2\/media\/35418"}],"wp:attachment":[{"href":"https:\/\/www.ecoticias.com\/hoyeco\/wp-json\/wp\/v2\/media?parent=35417"}],"wp:term":[{"taxonomy":"category","embeddable":true,"href":"https:\/\/www.ecoticias.com\/hoyeco\/wp-json\/wp\/v2\/categories?post=35417"},{"taxonomy":"post_tag","embeddable":true,"href":"https:\/\/www.ecoticias.com\/hoyeco\/wp-json\/wp\/v2\/tags?post=35417"}],"curies":[{"name":"wp","href":"https:\/\/api.w.org\/{rel}","templated":true}]}}