{"id":35456,"date":"2026-04-27T18:44:00","date_gmt":"2026-04-27T16:44:00","guid":{"rendered":"https:\/\/www.ecoticias.com\/hoyeco\/?p=35456"},"modified":"2026-04-24T14:20:40","modified_gmt":"2026-04-24T12:20:40","slug":"hallazgo-arqueologico-que-reescribe-la-historia-del-mundo-acaban-de-encontrar-una-ciudad-como-la-atlantida-en-un-lago-de-kazajistan","status":"publish","type":"post","link":"https:\/\/www.ecoticias.com\/hoyeco\/hallazgo-arqueologico-que-reescribe-la-historia-del-mundo-acaban-de-encontrar-una-ciudad-como-la-atlantida-en-un-lago-de-kazajistan\/35456\/","title":{"rendered":"Hallazgo arqueol\u00f3gico que reescribe la historia del mundo: acaban de encontrar una ciudad como la Atl\u00e1ntida en un lago de Kazajist\u00e1n"},"content":{"rendered":"\n<p>La palabra \u201cAtl\u00e1ntida\u201d aparece r\u00e1pido en muchos titulares, pero aqu\u00ed la historia real ya es lo bastante potente. Bajo las aguas poco profundas del lago Issyk Kul, en Kirguist\u00e1n, un equipo internacional ha documentado restos de una ciudad medieval con muros, vigas y cer\u00e1micas que hablan de comercio, vida cotidiana y cambios bruscos del paisaje.<\/p>\n\n\n\n<p>La conclusi\u00f3n principal es clara y, a la vez, inc\u00f3moda. El yacimiento no solo aporta pistas sobre una zona clave de la Ruta de la Seda, tambi\u00e9n plantea un reto de conservaci\u00f3n en un lago que es mucho m\u00e1s que un \u201cescenario de aventura\u201d, ya que est\u00e1 en una regi\u00f3n reconocida por la <a href=\"https:\/\/www.unesco.org\/en\/mab\/issyk-kul\" target=\"_blank\" rel=\"noopener\">UNESCO<\/a> por su valor ecol\u00f3gico y su biodiversidad.<\/p>\n\n\n\n<h2 class=\"wp-block-heading\">D\u00f3nde est\u00e1 la ciudad sumergida<\/h2>\n\n\n\n<p>El hallazgo se sit\u00faa en el lago Issyk Kul, en el noreste de Kirguist\u00e1n, muy cerca de la frontera con <a href=\"https:\/\/www.ecoticias.com\/hoyeco\/una-amenaza-sin-precedentes-se-acerca-a-azerbaiyan-y-kazajstan\/32138\/\">Kazajist\u00e1n<\/a> y encajado entre monta\u00f1as del Tian Shan. Es f\u00e1cil entender por qu\u00e9 a veces se confunden los mapas en redes, pero el lago est\u00e1 en territorio kirgu\u00eds.<\/p>\n\n\n\n<p>La expedici\u00f3n se realiz\u00f3 en oto\u00f1o de 2025 en las aguas del noroeste del lago, en el complejo inundado de Toru Aygyr. Participaron la Sociedad Geogr\u00e1fica Rusa, el Instituto de <a href=\"https:\/\/archaeolog.ru\/en\/pub\/about\" target=\"_blank\" rel=\"noopener\">Arqueolog\u00eda<\/a> de la Academia Rusa de Ciencias y el Instituto de Historia, Arqueolog\u00eda y Etnolog\u00eda de la Academia Nacional de Ciencias de la Rep\u00fablica Kirguisa.<\/p>\n\n\n\n<h2 class=\"wp-block-heading\">Qu\u00e9 han encontrado bajo el agua<\/h2>\n\n\n\n<p>Los arque\u00f3logos trabajaron en cuatro zonas a poca profundidad, entre 1 y 4 metros. Esto suena \u201casequible\u201d si lo lees desde casa, pero bajo el agua la visibilidad, los sedimentos y el tiempo de trabajo lo complican todo.<\/p>\n\n\n\n<p>En la primera zona aparecieron edificios de ladrillo cocido y restos de estructuras destruidas con una piedra de molino. La pieza es parte de un par de muelas pensadas para moler grano, un detalle que conecta con algo muy cotidiano, harina y comida, no solo \u201ctesoros\u201d para vitrinas.<\/p>\n\n\n\n<p>Adem\u00e1s, el equipo localiz\u00f3 ruinas de piedra y vigas de madera. Entre los hallazgos tambi\u00e9n se menciona un elemento arquitect\u00f3nico que sugiere un edificio p\u00fablico con decoraci\u00f3n exterior, algo que podr\u00eda encajar con una mezquita, un ba\u00f1o o una madrasa.<\/p>\n\n\n\n<h2 class=\"wp-block-heading\">La frase que cambi\u00f3 el tono del hallazgo<\/h2>\n\n\n\n<p>El arque\u00f3logo Valery Kolchenko, jefe de la expedici\u00f3n por parte del pa\u00eds anfitri\u00f3n, resumi\u00f3 lo que implica el conjunto con una frase directa. \u201cEl monumento que estudiamos es una ciudad o una gran aglomeraci\u00f3n comercial en un tramo importante de la Ruta de la Seda\u201d.<\/p>\n\n\n\n<p>Que se hable de \u201caglomeraci\u00f3n comercial\u201d no es un adorno. En la pr\u00e1ctica, apunta a una zona con tr\u00e1nsito, talleres, intercambio de mercanc\u00edas y una organizaci\u00f3n urbana que no siempre se imagina en estos corredores hist\u00f3ricos, como si solo fueran caminos polvorientos y caravanas aisladas.<\/p>\n\n\n\n<p>Y hay otro matiz interesante. En paralelo al trabajo de campo, el equipo pidi\u00f3 a colegas que revisaran fuentes medievales de la regi\u00f3n en chino, buscando encajar lo que se ve bajo el agua con lo que se escribi\u00f3 en su d\u00eda.<\/p>\n\n\n\n<h2 class=\"wp-block-heading\">La necr\u00f3polis que el lago est\u00e1 \u201ccomi\u00e9ndose\u201d<\/h2>\n\n\n\n<p>Uno de los hallazgos m\u00e1s sensibles, por lo que implica y por lo fr\u00e1gil que es, es una necr\u00f3polis musulmana datada entre los siglos XIII y XIV. Los investigadores advierten de que el lugar est\u00e1 siendo erosionado activamente por las aguas del lago.<\/p>\n\n\n\n<p>Las sepulturas se han localizado en un \u00e1rea de unos 300 por 200 metros. La orientaci\u00f3n de los enterramientos encaja con rituales isl\u00e1micos tradicionales, con los esqueletos colocados mirando al norte y el rostro girado hacia la qibla, la direcci\u00f3n de La Meca.<\/p>\n\n\n\n<p>El equipo recuper\u00f3 los restos de dos personas, un hombre y una mujer, para un estudio antropol\u00f3gico completo. Es un paso delicado, pero tambi\u00e9n clave para entender qui\u00e9nes vivieron all\u00ed y en qu\u00e9 momento exacto lo hicieron.<\/p>\n\n\n\n<h2 class=\"wp-block-heading\">Por qu\u00e9 se hundi\u00f3 una ciudad entera<\/h2>\n\n\n\n<p>La gran pregunta es inevitable. \u00bfQu\u00e9 tiene que pasar para que un asentamiento urbano termine bajo el agua, como si el lago lo hubiera tragado de golpe?<\/p>\n\n\n\n<p>Kolchenko plantea una hip\u00f3tesis concreta. \u201cA principios del siglo XV, como resultado de un terrible terremoto, la ciudad qued\u00f3 bajo las aguas del lago\u201d. Seg\u00fan su evaluaci\u00f3n, cuando ocurri\u00f3 el desastre la poblaci\u00f3n ya hab\u00eda abandonado el asentamiento.<\/p>\n\n\n\n<p>La comparaci\u00f3n que hace el propio investigador es llamativa porque cambia la imagen mental. Habla de una tragedia \u201ccomparable a la historia de Pompeya\u201d, con el matiz de que aqu\u00ed no hubo una ciudad congelada por cenizas, sino una civilizaci\u00f3n urbana que dej\u00f3 paso a otros modos de vida en la zona tras el evento.<\/p>\n\n\n\n<h2 class=\"wp-block-heading\">Issyk Kul no es un lago cualquiera<\/h2>\n\n\n\n<p>Para entender por qu\u00e9 este hallazgo tambi\u00e9n es una noticia ambiental, conviene mirar el escenario. Issyk Kul es un lago enorme de monta\u00f1a, con unos 182 kil\u00f3metros de largo, hasta 61 kil\u00f3metros de ancho y una profundidad m\u00e1xima de 668 metros. Su propio nombre en kirgu\u00eds significa \u201clago caliente\u201d, porque no se congela en invierno.<\/p>\n\n\n\n<p>La UNESCO describe la regi\u00f3n de Issyk Kul como un \u00e1rea con <a href=\"https:\/\/www.ecoticias.com\/hoyeco\/los-cientificos-dan-la-voz-de-alarma-porque-los-lagos-de-todo-el-mundo-estan-plagados-de-especies-invasoras-gigantes-que-acaban-con-los-ecosistemas-mas-fragiles\/34432\/\">ecosistemas<\/a> de importancia global y con una variedad notable de especies, incluidas end\u00e9micas. En su ficha se citan 335 especies animales registradas y 39 incluidas en el Libro Rojo de Kirguist\u00e1n, lo que da una idea de lo que est\u00e1 en juego cuando se trabaja en el agua y en su entorno.<\/p>\n\n\n\n<p>Tambi\u00e9n hay presi\u00f3n humana. La propia UNESCO se\u00f1ala emisiones industriales vinculadas a actividades como <a href=\"https:\/\/www.ecoticias.com\/hoyeco\/alemania-rompe-las-leyes-de-la-ingenieria-transforma-una-mina-de-lignito-a-cielo-abierto-en-el-mayor-lago-artificial-de-europa-con-una-profundiad-de-60-metros\/35283\/\">miner\u00eda<\/a>, ganader\u00eda, agricultura, turismo y caza. En un lugar as\u00ed, el equilibrio entre investigaci\u00f3n, econom\u00eda local y conservaci\u00f3n no es una frase bonita, es el verdadero campo de batalla.<\/p>\n\n\n\n<h2 class=\"wp-block-heading\">C\u00f3mo se datan vigas y restos bajo el agua<\/h2>\n\n\n\n<p>En arqueolog\u00eda subacu\u00e1tica no basta con \u201cencontrar\u201d algo. Hay que demostrar qu\u00e9 es, de qu\u00e9 \u00e9poca y c\u00f3mo encaja en el rompecabezas. Por eso, el equipo registr\u00f3 vigas de madera y envi\u00f3 muestras para <a href=\"https:\/\/oceanservice.noaa.gov\/education\/dyw-tree-detective.html\" target=\"_blank\" rel=\"noopener\">dendrocronolog\u00eda<\/a> y dataci\u00f3n AMS.<\/p>\n\n\n\n<p>Traducido a lenguaje de calle, la dendrocronolog\u00eda es como leer el calendario en los anillos de crecimiento de la madera. La dataci\u00f3n <a href=\"https:\/\/c14.arch.ox.ac.uk\/ams.html\" target=\"_blank\" rel=\"noopener\">AMS<\/a> es una forma muy precisa de fechar materiales org\u00e1nicos, \u00fatil cuando necesitas ajustar bien los siglos y no quedarte en un \u201cm\u00e1s o menos medieval\u201d.<\/p>\n\n\n\n<p>Con esos resultados, y con el estudio de cer\u00e1micas y estructuras, se podr\u00e1 afinar si hablamos de un n\u00facleo urbano concreto, de varias fases de ocupaci\u00f3n o de un asentamiento que fue cambiando con el tiempo. Y ah\u00ed es donde el hallazgo gana peso hist\u00f3rico de verdad.<\/p>\n\n\n\n<h2 class=\"wp-block-heading\">Qu\u00e9 puede pasar ahora<\/h2>\n\n\n\n<p>Los pr\u00f3ximos pasos suelen ser menos cinematogr\u00e1ficos y m\u00e1s importantes. Cartografiar mejor las zonas, documentar sin prisas y decidir qu\u00e9 se puede recuperar y qu\u00e9 conviene dejar donde est\u00e1, protegido por el sedimento, que a veces act\u00faa como \u201cc\u00e1psula\u201d natural.<\/p>\n\n\n\n<p>Tambi\u00e9n queda la parte inc\u00f3moda, conservar. La necr\u00f3polis sufre erosi\u00f3n y el lago es un ecosistema con valor propio, as\u00ed que cualquier plan tendr\u00e1 que mirar al mismo tiempo al patrimonio cultural y a la salud ambiental del entorno. Si esto se hace bien, puede convertirse en una oportunidad de turismo m\u00e1s responsable, de ese que no deja basura en la orilla ni convierte un lugar \u00fanico en un parque tem\u00e1tico.<\/p>\n\n\n\n<p>Al final, este tipo de noticias nos recuerdan algo sencillo. Los paisajes cambian, a veces por <a href=\"https:\/\/www.ecoticias.com\/hoyeco\/la-tierra-se-esta-rompiendo-bajo-el-oceano-pacifico-frente-a-canada-y-los-cientificos-acaban-de-ver-como-ocurre-en-tiempo-casi-real\/32752\/\">terremotos<\/a>, a veces por decisiones humanas, y lo que hoy es orilla ma\u00f1ana puede ser fondo. Y eso se nota.<\/p>\n\n\n\n<p>La nota de prensa m\u00e1s detallada del hallazgo ha sido publicada por la <a href=\"https:\/\/rgo.ru\/en\/activity\/redaction\/news\/archaeologists-have-discovered-a-13th-14th-century-muslim-necropolis-under-the-waters-of-lake-issyk\/\" target=\"_blank\" rel=\"noopener\"><em>Sociedad Geogr\u00e1fica Rusa<\/em><\/a>.<\/p>\n","protected":false},"excerpt":{"rendered":"<p>La palabra \u201cAtl\u00e1ntida\u201d aparece r\u00e1pido en muchos titulares, pero aqu\u00ed la historia real ya es lo bastante potente. Bajo las &#8230; <\/p>\n<p class=\"read-more-container\"><a title=\"Hallazgo arqueol\u00f3gico que reescribe la historia del mundo: acaban de encontrar una ciudad como la Atl\u00e1ntida en un lago de Kazajist\u00e1n\" class=\"read-more button\" href=\"https:\/\/www.ecoticias.com\/hoyeco\/hallazgo-arqueologico-que-reescribe-la-historia-del-mundo-acaban-de-encontrar-una-ciudad-como-la-atlantida-en-un-lago-de-kazajistan\/35456\/#more-35456\" aria-label=\"Leer m\u00e1s sobre Hallazgo arqueol\u00f3gico que reescribe la historia del mundo: acaban de encontrar una ciudad como la Atl\u00e1ntida en un lago de Kazajist\u00e1n\">Read more<\/a><\/p>\n","protected":false},"author":17,"featured_media":35457,"comment_status":"open","ping_status":"","sticky":false,"template":"","format":"standard","meta":{"footnotes":""},"categories":[68],"tags":[],"class_list":["post-35456","post","type-post","status-publish","format-standard","has-post-thumbnail","hentry","category-ciencia","resize-featured-image"],"_links":{"self":[{"href":"https:\/\/www.ecoticias.com\/hoyeco\/wp-json\/wp\/v2\/posts\/35456","targetHints":{"allow":["GET"]}}],"collection":[{"href":"https:\/\/www.ecoticias.com\/hoyeco\/wp-json\/wp\/v2\/posts"}],"about":[{"href":"https:\/\/www.ecoticias.com\/hoyeco\/wp-json\/wp\/v2\/types\/post"}],"author":[{"embeddable":true,"href":"https:\/\/www.ecoticias.com\/hoyeco\/wp-json\/wp\/v2\/users\/17"}],"replies":[{"embeddable":true,"href":"https:\/\/www.ecoticias.com\/hoyeco\/wp-json\/wp\/v2\/comments?post=35456"}],"version-history":[{"count":1,"href":"https:\/\/www.ecoticias.com\/hoyeco\/wp-json\/wp\/v2\/posts\/35456\/revisions"}],"predecessor-version":[{"id":35458,"href":"https:\/\/www.ecoticias.com\/hoyeco\/wp-json\/wp\/v2\/posts\/35456\/revisions\/35458"}],"wp:featuredmedia":[{"embeddable":true,"href":"https:\/\/www.ecoticias.com\/hoyeco\/wp-json\/wp\/v2\/media\/35457"}],"wp:attachment":[{"href":"https:\/\/www.ecoticias.com\/hoyeco\/wp-json\/wp\/v2\/media?parent=35456"}],"wp:term":[{"taxonomy":"category","embeddable":true,"href":"https:\/\/www.ecoticias.com\/hoyeco\/wp-json\/wp\/v2\/categories?post=35456"},{"taxonomy":"post_tag","embeddable":true,"href":"https:\/\/www.ecoticias.com\/hoyeco\/wp-json\/wp\/v2\/tags?post=35456"}],"curies":[{"name":"wp","href":"https:\/\/api.w.org\/{rel}","templated":true}]}}