{"id":35459,"date":"2026-04-27T20:43:00","date_gmt":"2026-04-27T18:43:00","guid":{"rendered":"https:\/\/www.ecoticias.com\/hoyeco\/?p=35459"},"modified":"2026-04-24T14:24:58","modified_gmt":"2026-04-24T12:24:58","slug":"corea-del-sur-invierte-4-300-000-de-euros-en-una-pasarela-faraonica-de-108-metros-con-vistas-panoramicas-sobre-el-mar","status":"publish","type":"post","link":"https:\/\/www.ecoticias.com\/hoyeco\/corea-del-sur-invierte-4-300-000-de-euros-en-una-pasarela-faraonica-de-108-metros-con-vistas-panoramicas-sobre-el-mar\/35459\/","title":{"rendered":"Corea del Sur invierte 4.300.000 de euros en una pasarela fara\u00f3nica de 108 metros con vistas panor\u00e1micas sobre el mar"},"content":{"rendered":"\n<p>Gangneung, en la costa este de Corea del Sur, est\u00e1 levantando un nuevo mirador que promete una imagen potente en redes y, a la vez, un reto real para la gesti\u00f3n ambiental. El proyecto se llama \u201cAnmok Jukdobong Sky Valley\u201d y su pieza central ser\u00e1 una pasarela elevada de 108 metros de longitud, situada a unos 30 metros de altura, en el punto donde el r\u00edo Namdaecheon se encuentra con el mar.<\/p>\n\n\n\n<p>La obra est\u00e1 en marcha y el Ayuntamiento apunta a noviembre de 2026 como fecha de finalizaci\u00f3n. La idea es clara, pasar del <a href=\"https:\/\/sdgs.un.org\/topics\/sustainable-tourism\" target=\"_blank\" rel=\"noopener\">turismo<\/a> de visita r\u00e1pida a un turismo de estancia, con paseos, miradores y tambi\u00e9n iluminaci\u00f3n nocturna. Y aqu\u00ed aparece la pregunta que importa, \u00bfc\u00f3mo se hace atractivo un lugar sin que el propio \u00e9xito lo degrade?<\/p>\n\n\n\n<h2 class=\"wp-block-heading\">Un lugar donde el paisaje se cruza<\/h2>\n\n\n\n<p>El Sky Valley se ubicar\u00e1 en Jukdobong, cerca de la playa de Anmok y la zona de Namhangjin, en un enclave poco habitual por su geograf\u00eda. Desde un mismo punto se puede mirar a la vez <a href=\"https:\/\/www.ecoticias.com\/hoyeco\/el-mar-podria-subir-27-centimetros-mas-de-lo-previsto-y-dejar-a-132-millones-de-personas-extra-en-la-linea-de-peligro\/34807\/\">costa<\/a>, desembocadura y ciudad, algo que no siempre ocurre en paseos mar\u00edtimos m\u00e1s lineales.<\/p>\n\n\n\n<p>Adem\u00e1s, el <a href=\"https:\/\/english.visitkorea.or.kr\/svc\/whereToGo\/locIntrdn\/rgnContentsView.do?vcontsId=215451\" target=\"_blank\" rel=\"noopener\">Namdaecheon<\/a> no es un r\u00edo cualquiera en el mapa local. Es un cauce que atraviesa Gangneung y desemboca en el Mar del Este, y en su tramo bajo se menciona incluso la presencia de paisajes naturales y zonas de carrizal asociadas a observaci\u00f3n ecol\u00f3gica. Eso, para un proyecto tur\u00edstico, es un recordatorio de que el \u201cdecorado\u201d tambi\u00e9n es un ecosistema.<\/p>\n\n\n\n<h2 class=\"wp-block-heading\">Las cifras que explican el proyecto<\/h2>\n\n\n\n<p>La ciudad plantea una inversi\u00f3n total de 7.500 millones de wones para desarrollar el complejo panor\u00e1mico. El elemento m\u00e1s llamativo ser\u00e1 el <a href=\"https:\/\/datalab.visitkorea.or.kr\/site\/portal\/ex\/bbs\/View.do?bcIdx=309900&amp;cbIdx=1126\" target=\"_blank\" rel=\"noopener\">skywalk<\/a>, con 108 metros de longitud y una altura aproximada de 30 metros sobre el entorno, pensado para caminar \u201cpor encima\u201d del bosque y con vistas directas al mar.<\/p>\n\n\n\n<p>El calendario, a d\u00eda de hoy, sit\u00faa el objetivo de finalizaci\u00f3n en noviembre de 2026. A partir de ah\u00ed se esperan anuncios sobre horarios, festivos y precio de entrada, porque todav\u00eda no se ha detallado esa parte para el p\u00fablico general.<\/p>\n\n\n\n<p>Y un detalle relevante, el Ayuntamiento tambi\u00e9n habla de actuaciones complementarias, como instalar una plataforma de observaci\u00f3n, crear una puesta en escena con <a href=\"https:\/\/www.ecoticias.com\/hoyeco\/la-astronauta-espanola-sara-garcia-alonso-manda-un-aviso-por-lo-que-llega-el-12-de-agosto-luego-vienen-las-prisas\/35234\/\">iluminaci\u00f3n<\/a> paisaj\u00edstica y mejorar caminos e informaci\u00f3n para visitantes. No es solo una pasarela, es un paquete completo de experiencia.<\/p>\n\n\n\n<h2 class=\"wp-block-heading\">De \u201cpasar la tarde\u201d a quedarse a dormir<\/h2>\n\n\n\n<p>La apuesta tur\u00edstica se entiende mejor cuando miras el mapa de la zona. La playa de Anmok es conocida por su \u201ccalle del caf\u00e9\u201d, y la ciudad quiere que el recorrido sea natural, caf\u00e9 frente al mar, paseo hacia el mirador y, si el plan funciona, quedarse para ver el anochecer y la iluminaci\u00f3n.<\/p>\n\n\n\n<p>En el fondo, lo que se busca es alargar el tiempo de estancia del visitante. Y eso suele tener un efecto doble, puede repartir el gasto en m\u00e1s negocios locales, pero tambi\u00e9n aumenta la presi\u00f3n sobre servicios, <a href=\"https:\/\/www.ecoticias.com\/hoyeco\/adios-a-tirar-la-basura-como-antes-en-este-pais-las-nuevas-reglas-de-reciclaje-para-2026-que-obligaran-a-cambiar-tus-habitos\/33862\/\">residuos<\/a> y movilidad en una franja costera que ya atrae a mucha gente en temporadas altas.<\/p>\n\n\n\n<p>Aqu\u00ed es donde conviene bajar el entusiasmo a tierra. Las infraestructuras tur\u00edsticas no son buenas o malas por s\u00ed mismas, dependen de c\u00f3mo se dise\u00f1en, c\u00f3mo se gestionen y cu\u00e1nta gente reciben sin desbordar el lugar. No es poca cosa.<\/p>\n\n\n\n<h2 class=\"wp-block-heading\">La noche es un recurso y tambi\u00e9n un riesgo<\/h2>\n\n\n\n<p>Uno de los puntos m\u00e1s atractivos del proyecto es su funcionamiento nocturno gracias a iluminaci\u00f3n paisaj\u00edstica. Para el visitante, suena perfecto, una caminata con el mar oscuro a un lado y el paseo iluminado, quiz\u00e1 con ese viento fr\u00edo de costa que te despeja la cabeza.<\/p>\n\n\n\n<p>Pero la ciencia lleva a\u00f1os avisando de que la luz artificial nocturna puede alterar comportamientos de fauna y ecosistemas, desde insectos y <a href=\"https:\/\/www.ecoticias.com\/hoyeco\/imagenes-tomadas-con-satelites-confirman-una-mancha-de-40-km-de-fuel-ya-han-aparecido-mas-de-200-pajaros-repletos-de-petroleo\/35277\/\">aves<\/a> hasta entornos marinos y costeros. No es un debate te\u00f3rico, es un impacto documentado, especialmente en zonas pr\u00f3ximas al litoral.<\/p>\n\n\n\n<p>Hay ejemplos claros de por qu\u00e9 se pide prudencia. Estudios y revisiones sobre iluminaci\u00f3n costera se\u00f1alan que reducir luces innecesarias puede disminuir varamientos de aves marinas, y que la luz artificial puede desorientar especies que usan se\u00f1ales naturales para orientarse por la noche. Por eso, si se instala iluminaci\u00f3n, el \u201cc\u00f3mo\u201d importa tanto como el \u201ccu\u00e1nto\u201d.<\/p>\n\n\n\n<h2 class=\"wp-block-heading\">Seguridad, acceso y la letra peque\u00f1a<\/h2>\n\n\n\n<p>En la presentaci\u00f3n del proyecto, el alcalde de Gangneung, Kim Hong-gyu, ha insistido en que se impulsar\u00e1 la obra con \u201cuna gesti\u00f3n estricta de la seguridad\u201d y un control planificado del calendario para convertirla en un referente del turismo costero local (traducci\u00f3n propia de sus declaraciones en coreano).<\/p>\n\n\n\n<p>Esto no es un detalle menor. Una pasarela elevada implica protocolos de mantenimiento, control de aforo, planes para viento fuerte y temporales, y una gesti\u00f3n clara de accesos para que no se convierta en un cuello de botella de coches y atascos en la costa. Quien haya pasado un verano en una zona de playa popular sabe lo r\u00e1pido que se complica la cosa.<\/p>\n\n\n\n<p>Adem\u00e1s, queda por ver c\u00f3mo se integrar\u00e1 la obra con el resto del entorno. La zona mezcla playa, puerto y desembocadura, y eso suele exigir se\u00f1alizaci\u00f3n inteligente, barreras donde haga falta y, sobre todo, reglas sencillas para el visitante. Las normas que se entienden se cumplen mejor.<\/p>\n\n\n\n<h2 class=\"wp-block-heading\">Qu\u00e9 puede tener en cuenta el visitante<\/h2>\n\n\n\n<p>Cuando se acerque la apertura, lo m\u00e1s \u00fatil ser\u00e1 mirar la informaci\u00f3n oficial antes de ir. Horarios, d\u00edas de cierre, precio y recomendaciones de acceso pueden cambiar por meteorolog\u00eda o por ajustes de obra, y en costa eso pasa m\u00e1s de lo que parece.<\/p>\n\n\n\n<p>Tambi\u00e9n conviene recordar lo b\u00e1sico del turismo con poco impacto, que al final es lo que marca la diferencia en sitios muy visitados. Mantenerse en caminos habilitados, no salirse a zonas de vegetaci\u00f3n, llevarse la <a href=\"https:\/\/www.ecoticias.com\/hoyeco\/un-buceador-nada-hasta-el-fondo-marino-en-esta-parte-de-la-costa-de-espana-y-no-da-credito-a-lo-que-encuentra-un-tesoro-submarino\/34384\/\">basura<\/a> de vuelta y reducir el \u201cpor si acaso\u201d de pl\u00e1sticos y envoltorios que acaban volando con el aire.<\/p>\n\n\n\n<p>Y si el reclamo es la noche, mejor pensar en noche responsable. Si hay iluminaci\u00f3n, perfecto, pero una experiencia sostenible tambi\u00e9n se mide por lo que no se ilumina y por lo que se apaga cuando no hace falta. El paisaje <a href=\"https:\/\/www.ecoticias.com\/hoyeco\/que-esta-pasando-en-rockwood-texas-donde-telescopios-sin-humanos-estan-cazando-galaxias-perdidas-que-ya-no-puedes-ver-ni-desde-un-balcon-en-madrid\/33647\/\">nocturno<\/a>, bien cuidado, tambi\u00e9n es patrimonio.<\/p>\n\n\n\n<p>El comunicado oficial se ha publicado en la web del <a href=\"https:\/\/www.gn.go.kr\/www\/selectBbsNttView.do?bbsNo=23&amp;key=277&amp;nttNo=204267\" target=\"_blank\" rel=\"noopener\"><em>Ayuntamiento de Gangneung<\/em><\/a>.<\/p>\n","protected":false},"excerpt":{"rendered":"<p>Gangneung, en la costa este de Corea del Sur, est\u00e1 levantando un nuevo mirador que promete una imagen potente en &#8230; <\/p>\n<p class=\"read-more-container\"><a title=\"Corea del Sur invierte 4.300.000 de euros en una pasarela fara\u00f3nica de 108 metros con vistas panor\u00e1micas sobre el mar\" class=\"read-more button\" href=\"https:\/\/www.ecoticias.com\/hoyeco\/corea-del-sur-invierte-4-300-000-de-euros-en-una-pasarela-faraonica-de-108-metros-con-vistas-panoramicas-sobre-el-mar\/35459\/#more-35459\" aria-label=\"Leer m\u00e1s sobre Corea del Sur invierte 4.300.000 de euros en una pasarela fara\u00f3nica de 108 metros con vistas panor\u00e1micas sobre el mar\">Read more<\/a><\/p>\n","protected":false},"author":18,"featured_media":35460,"comment_status":"open","ping_status":"","sticky":false,"template":"","format":"standard","meta":{"footnotes":""},"categories":[3],"tags":[],"class_list":["post-35459","post","type-post","status-publish","format-standard","has-post-thumbnail","hentry","category-construccion","resize-featured-image"],"_links":{"self":[{"href":"https:\/\/www.ecoticias.com\/hoyeco\/wp-json\/wp\/v2\/posts\/35459","targetHints":{"allow":["GET"]}}],"collection":[{"href":"https:\/\/www.ecoticias.com\/hoyeco\/wp-json\/wp\/v2\/posts"}],"about":[{"href":"https:\/\/www.ecoticias.com\/hoyeco\/wp-json\/wp\/v2\/types\/post"}],"author":[{"embeddable":true,"href":"https:\/\/www.ecoticias.com\/hoyeco\/wp-json\/wp\/v2\/users\/18"}],"replies":[{"embeddable":true,"href":"https:\/\/www.ecoticias.com\/hoyeco\/wp-json\/wp\/v2\/comments?post=35459"}],"version-history":[{"count":1,"href":"https:\/\/www.ecoticias.com\/hoyeco\/wp-json\/wp\/v2\/posts\/35459\/revisions"}],"predecessor-version":[{"id":35461,"href":"https:\/\/www.ecoticias.com\/hoyeco\/wp-json\/wp\/v2\/posts\/35459\/revisions\/35461"}],"wp:featuredmedia":[{"embeddable":true,"href":"https:\/\/www.ecoticias.com\/hoyeco\/wp-json\/wp\/v2\/media\/35460"}],"wp:attachment":[{"href":"https:\/\/www.ecoticias.com\/hoyeco\/wp-json\/wp\/v2\/media?parent=35459"}],"wp:term":[{"taxonomy":"category","embeddable":true,"href":"https:\/\/www.ecoticias.com\/hoyeco\/wp-json\/wp\/v2\/categories?post=35459"},{"taxonomy":"post_tag","embeddable":true,"href":"https:\/\/www.ecoticias.com\/hoyeco\/wp-json\/wp\/v2\/tags?post=35459"}],"curies":[{"name":"wp","href":"https:\/\/api.w.org\/{rel}","templated":true}]}}