{"id":35467,"date":"2026-04-27T23:36:00","date_gmt":"2026-04-27T21:36:00","guid":{"rendered":"https:\/\/www.ecoticias.com\/hoyeco\/?p=35467"},"modified":"2026-04-24T14:35:09","modified_gmt":"2026-04-24T12:35:09","slug":"china-desafia-a-europa-con-una-bateria-para-coches-electricos-con-autonomia-de-150-km-con-una-sola-carga","status":"publish","type":"post","link":"https:\/\/www.ecoticias.com\/hoyeco\/china-desafia-a-europa-con-una-bateria-para-coches-electricos-con-autonomia-de-150-km-con-una-sola-carga\/35467\/","title":{"rendered":"China desaf\u00eda a Europa con una bater\u00eda para coches el\u00e9ctricos con autonom\u00eda de 150 km con una sola carga"},"content":{"rendered":"\n<p>CATL, el mayor fabricante mundial de bater\u00edas, ha presentado en Pek\u00edn nuevos modelos para coche el\u00e9ctrico con dos promesas muy claras. Recargas casi completas en unos 6 minutos y <a href=\"https:\/\/www.ecoticias.com\/hoyeco\/china-afirma-tener-un-coche-electrico-capaz-de-superar-los-1-500-km-de-autonomia-y-lo-quieren-vender-en-2026\/33400\/\">autonom\u00edas<\/a> que, en el caso m\u00e1s ambicioso, llegan a 1.500 kil\u00f3metros con una sola carga.<\/p>\n\n\n\n<p>Si estas cifras se trasladan a coches y cargadores reales, pueden acelerar la movilidad el\u00e9ctrica y recortar CO2 en carretera con el tiempo. Pero la clave est\u00e1 en la letra peque\u00f1a y en el sistema completo, porque la bater\u00eda no vive sola.<\/p>\n\n\n\n<h2 class=\"wp-block-heading\">Qu\u00e9 ha presentado CATL<\/h2>\n\n\n\n<p>La empresa asegura que su bater\u00eda Shenxing de tercera generaci\u00f3n puede pasar del 10% al 98% en 6 minutos y 27 segundos. Adem\u00e1s, ha mostrado una evoluci\u00f3n de su familia Qilin, incluida una versi\u00f3n \u00abde condensaci\u00f3n\u00bb con una autonom\u00eda anunciada de hasta 1.500 kil\u00f3metros por carga.<\/p>\n\n\n\n<p>El anuncio llega en plena pugna con <a href=\"https:\/\/www.ecoticias.com\/hoyeco\/el-coche-chino-que-desafia-las-leyes-de-la-fisica-se-carga-en-9-minutos-y-tiene-autonomia-de-1-036-km\/34456\/\">BYD<\/a> y con un mensaje que ya suena familiar en Europa. Su fundador, Yuqun Robin Zeng, lo resumi\u00f3 con una advertencia, \u00abLa tecnolog\u00eda china no solo deber\u00eda basarse en la velocidad y la escala\u00bb. \u00abEl principal enemigo del esp\u00edritu cient\u00edfico no es la ignorancia, sino simplificar los problemas demasiado pronto\u00bb.<\/p>\n\n\n\n<h2 class=\"wp-block-heading\">Cargar en seis minutos tiene condiciones<\/h2>\n\n\n\n<p>El primer matiz es sencillo pero importante. No se habla de cargar del 0% al 100%, sino de un tramo del 10% al 98%, que suele ser donde se busca el mejor equilibrio entre velocidad y salud de la bater\u00eda. Aun as\u00ed, pasar de \u00abparar un rato largo\u00bb a \u00abparar unos minutos\u00bb cambia la experiencia.<\/p>\n\n\n\n<p>El segundo matiz es el enchufe, y aqu\u00ed no hay magia. Para lograr cargas as\u00ed hace falta potencia muy alta y estaciones preparadas para darla sin colas, algo que hoy est\u00e1 m\u00e1s extendido en China que en la mayor\u00eda de mercados. Varios an\u00e1lisis ya avisan de que, fuera de China, la falta de cargadores tan potentes puede ser el freno real.<\/p>\n\n\n\n<p>Y luego est\u00e1 el fr\u00edo, que tambi\u00e9n cuenta. CATL afirma que puede mantener cargas muy r\u00e1pidas incluso con temperaturas extremas, con un ejemplo de carga del 20% al 98% en unos 9 minutos a menos 30 grados. Tambi\u00e9n asegura que, tras 1.000 ciclos completos, la bater\u00eda conserva m\u00e1s del 90% de su <a href=\"https:\/\/www.ecoticias.com\/hoyeco\/llevamos-anos-pensando-que-las-baterias-son-el-problema-de-los-coches-electricos-pero-un-estudio-lo-desmonta-90-de-capacidad-tras-160-000-km-en-seis-anos\/35267\/\">capacidad<\/a>.<\/p>\n\n\n\n<h2 class=\"wp-block-heading\">Autonom\u00eda larga y su lado ecol\u00f3gico<\/h2>\n\n\n\n<p>Los 1.500 kil\u00f3metros son el titular que m\u00e1s llama, pero no es una cifra universal. La autonom\u00eda depende del coche, del consumo, del tipo de bater\u00eda y de c\u00f3mo se mida, as\u00ed que conviene verla como un techo en condiciones concretas. En la pr\u00e1ctica, autopista, calor y peso hacen bajar los n\u00fameros.<\/p>\n\n\n\n<p>CATL tambi\u00e9n present\u00f3 una nueva generaci\u00f3n de Qilin con otro objetivo m\u00e1s \u00abde calle\u00bb. Unos 1.000 kil\u00f3metros de autonom\u00eda con un pack m\u00e1s ligero, pensado para responder a requisitos de eficiencia cada vez m\u00e1s estrictos. Menos peso suele significar menos consumo, y eso se nota cada d\u00eda.<\/p>\n\n\n\n<p>\u00bfEs siempre mejor una bater\u00eda gigantesca? Desde el punto de vista ambiental, a veces es m\u00e1s sensato un tama\u00f1o \u00absuficiente\u00bb y una red de carga fiable, antes que sumar kilos de materiales que habr\u00e1 que extraer y reciclar. La sostenibilidad tambi\u00e9n va de ajustar el coche al uso real.<\/p>\n\n\n\n<h2 class=\"wp-block-heading\">Infraestructura y red el\u00e9ctrica<\/h2>\n\n\n\n<p>CATL ha ligado sus bater\u00edas a una apuesta de infraestructura. Habla de estaciones que combinan carga ultrarr\u00e1pida e intercambio de bater\u00edas, para que una misma parada sirva como punto de recarga y de swap. La empresa sostiene que este dise\u00f1o reduce p\u00e9rdidas y mejora el uso del equipo.<\/p>\n\n\n\n<p>Los objetivos son ambiciosos. La compa\u00f1\u00eda habla de 4.000 estaciones integradas de carga e intercambio a finales de 2026, cobertura en unas 190 ciudades y m\u00e1s de 100.000 instalaciones compartidas de reposici\u00f3n de energ\u00eda para 2028. Tambi\u00e9n afirma que ya opera 1.470 estaciones en 99 ciudades.<\/p>\n\n\n\n<p>Aqu\u00ed entra el reto energ\u00e9tico. La carga ultrarr\u00e1pida concentra mucha potencia en pocos minutos, y si se junta en hora punta puede tensar la red, justo cuando sube la demanda en casas y empresas. Por eso el coche el\u00e9ctrico necesita m\u00e1s renovables, m\u00e1s gesti\u00f3n inteligente y, cuando se pueda, almacenamiento y recarga ordenada.<\/p>\n\n\n\n<h2 class=\"wp-block-heading\">Sodio y reciclaje para cerrar el c\u00edrculo<\/h2>\n\n\n\n<p>Entre las novedades hay una pista importante. Reuters recoge que CATL prev\u00e9 empezar entregas masivas de bater\u00edas de iones de sodio en el cuarto trimestre de 2026, una opci\u00f3n que la empresa vende como m\u00e1s resistente a limitaciones de recursos. Si el sodio escala, podr\u00eda aliviar parte de la presi\u00f3n sobre litio, n\u00edquel o cobalto en ciertos usos.<\/p>\n\n\n\n<p>El otro pilar es la econom\u00eda circular. La Uni\u00f3n Europea ya ha aprobado reglas para hacer las <a href=\"https:\/\/environment.ec.europa.eu\/topics\/waste-and-recycling\/batteries_en\" target=\"_blank\" rel=\"noopener\">bater\u00edas<\/a> m\u00e1s sostenibles y ha aplazado hasta el 18 de agosto de 2027 la aplicaci\u00f3n de obligaciones clave de <a href=\"https:\/\/www.consilium.europa.eu\/en\/press\/press-releases\/2025\/07\/18\/simplification-council-adopts-law-to-stop-the-clock-on-due-diligence-rules-for-batteries\/\" target=\"_blank\" rel=\"noopener\">diligencia<\/a> debida en la cadena de suministro. A la vez, gana peso la idea de meter m\u00e1s material reciclado en bater\u00edas nuevas conforme se acerquen los hitos de 2031.<\/p>\n\n\n\n<p>Y hay n\u00fameros que ayudan a ponerlo en contexto. Un an\u00e1lisis citado por Reuters advert\u00eda de que Europa podr\u00eda reciclar materiales suficientes para abastecer entre 1,3 y 2,4 millones de coches el\u00e9ctricos en 2030, pero que los costes energ\u00e9ticos y la falta de apoyo pueden frenar esa oportunidad. Traducido, reciclar bien recorta residuos y tambi\u00e9n reduce la necesidad de nuevas minas.<\/p>\n\n\n\n<h2 class=\"wp-block-heading\">Qu\u00e9 significa para Espa\u00f1a y Europa<\/h2>\n\n\n\n<p>Esta noticia tambi\u00e9n se lee desde Espa\u00f1a. El Pa\u00eds recuerda que CATL est\u00e1 construyendo junto a <a href=\"https:\/\/www.stellantis.com\/en\/news\/press-releases\/2024\/december\/stellantis-and-calt-to-invest-up-to-4-1-billion-in-joint-venture-for-large-scale-lfp-battery-plant-in-spain\" target=\"_blank\" rel=\"noopener\">Stellantis<\/a> una planta de bater\u00edas en Zaragoza valorada en m\u00e1s de 4.000 millones de euros, y eso coloca a Europa en el mapa industrial de esta carrera. Cuanto antes se fabriquen aqu\u00ed bater\u00edas con est\u00e1ndares exigentes, m\u00e1s control habr\u00e1 sobre su huella.<\/p>\n\n\n\n<p>Al mismo tiempo, la dependencia es real. Reuters sit\u00faa la cuota global de CATL en el 42,1% a comienzos de 2026, por delante de sus competidores, lo que muestra qui\u00e9n marca el ritmo de la tecnolog\u00eda hoy. Europa tendr\u00e1 que responder con producci\u00f3n propia, reciclaje y reglas claras, si no quiere cambiar petr\u00f3leo por dependencia tecnol\u00f3gica.<\/p>\n\n\n\n<p>La conclusi\u00f3n es simple. Cargar en minutos y viajar m\u00e1s lejos puede hacer que mucha gente se atreva por fin con el el\u00e9ctrico, y eso puede ayudar a bajar emisiones del transporte. El reto es hacerlo sin disparar el impacto en materiales y sin poner la red el\u00e9ctrica al l\u00edmite.<\/p>\n\n\n\n<p>El comunicado oficial de CATL ha sido publicado en <a href=\"https:\/\/www.prnewswire.com\/news-releases\/catl-unveils-six-major-innovations-multi-chemistry-systems-to-redefine-new-energy-mobility-experience-302749182.html\" target=\"_blank\" rel=\"noopener\"><em>Newswire<\/em><\/a>.<\/p>\n","protected":false},"excerpt":{"rendered":"<p>CATL, el mayor fabricante mundial de bater\u00edas, ha presentado en Pek\u00edn nuevos modelos para coche el\u00e9ctrico con dos promesas muy &#8230; <\/p>\n<p class=\"read-more-container\"><a title=\"China desaf\u00eda a Europa con una bater\u00eda para coches el\u00e9ctricos con autonom\u00eda de 150 km con una sola carga\" class=\"read-more button\" href=\"https:\/\/www.ecoticias.com\/hoyeco\/china-desafia-a-europa-con-una-bateria-para-coches-electricos-con-autonomia-de-150-km-con-una-sola-carga\/35467\/#more-35467\" aria-label=\"Leer m\u00e1s sobre China desaf\u00eda a Europa con una bater\u00eda para coches el\u00e9ctricos con autonom\u00eda de 150 km con una sola carga\">Read more<\/a><\/p>\n","protected":false},"author":17,"featured_media":35468,"comment_status":"open","ping_status":"","sticky":false,"template":"","format":"standard","meta":{"footnotes":""},"categories":[6],"tags":[],"class_list":["post-35467","post","type-post","status-publish","format-standard","has-post-thumbnail","hentry","category-movilidad","resize-featured-image"],"_links":{"self":[{"href":"https:\/\/www.ecoticias.com\/hoyeco\/wp-json\/wp\/v2\/posts\/35467","targetHints":{"allow":["GET"]}}],"collection":[{"href":"https:\/\/www.ecoticias.com\/hoyeco\/wp-json\/wp\/v2\/posts"}],"about":[{"href":"https:\/\/www.ecoticias.com\/hoyeco\/wp-json\/wp\/v2\/types\/post"}],"author":[{"embeddable":true,"href":"https:\/\/www.ecoticias.com\/hoyeco\/wp-json\/wp\/v2\/users\/17"}],"replies":[{"embeddable":true,"href":"https:\/\/www.ecoticias.com\/hoyeco\/wp-json\/wp\/v2\/comments?post=35467"}],"version-history":[{"count":1,"href":"https:\/\/www.ecoticias.com\/hoyeco\/wp-json\/wp\/v2\/posts\/35467\/revisions"}],"predecessor-version":[{"id":35469,"href":"https:\/\/www.ecoticias.com\/hoyeco\/wp-json\/wp\/v2\/posts\/35467\/revisions\/35469"}],"wp:featuredmedia":[{"embeddable":true,"href":"https:\/\/www.ecoticias.com\/hoyeco\/wp-json\/wp\/v2\/media\/35468"}],"wp:attachment":[{"href":"https:\/\/www.ecoticias.com\/hoyeco\/wp-json\/wp\/v2\/media?parent=35467"}],"wp:term":[{"taxonomy":"category","embeddable":true,"href":"https:\/\/www.ecoticias.com\/hoyeco\/wp-json\/wp\/v2\/categories?post=35467"},{"taxonomy":"post_tag","embeddable":true,"href":"https:\/\/www.ecoticias.com\/hoyeco\/wp-json\/wp\/v2\/tags?post=35467"}],"curies":[{"name":"wp","href":"https:\/\/api.w.org\/{rel}","templated":true}]}}