{"id":35519,"date":"2026-04-29T23:38:00","date_gmt":"2026-04-29T21:38:00","guid":{"rendered":"https:\/\/www.ecoticias.com\/hoyeco\/?p=35519"},"modified":"2026-04-27T16:53:12","modified_gmt":"2026-04-27T14:53:12","slug":"durante-siglos-fueron-senalados-pero-la-ciencia-confirma-que-los-pelirrojos-han-sido-seleccionados-naturalmente-durante-millones-de-anos-por-una-habilidad-unica","status":"publish","type":"post","link":"https:\/\/www.ecoticias.com\/hoyeco\/durante-siglos-fueron-senalados-pero-la-ciencia-confirma-que-los-pelirrojos-han-sido-seleccionados-naturalmente-durante-millones-de-anos-por-una-habilidad-unica\/35519\/","title":{"rendered":"Durante siglos fueron se\u00f1alados pero la Ciencia confirma que los pelirrojos han sido seleccionados naturalmente durante millones de a\u00f1os por una habilidad \u00fanica"},"content":{"rendered":"\n<p>Ver a una persona pelirroja sigue llamando la atenci\u00f3n porque es un rasgo poco frecuente. Pero la rareza no significa que sea casualidad. Un nuevo trabajo con investigadores de <a href=\"https:\/\/reich.hms.harvard.edu\/\" target=\"_blank\" rel=\"noopener\">Harvard<\/a> ha seguido c\u00f3mo cambian algunos genes con el tiempo y ha encontrado se\u00f1ales claras de selecci\u00f3n natural ligadas a la pigmentaci\u00f3n, incluido el pelo rojo.<\/p>\n\n\n\n<p>El mensaje de fondo es sencillo y, a la vez, sorprendente. La <a href=\"https:\/\/www.ecoticias.com\/hoyeco\/adios-a-la-idea-de-que-la-vida-solo-puede-surgir-en-la-naturaleza-una-ia-crea-organismos-digitales-desde-cero-y-desarrolla-ojos-funcionales-sin-recibir-ninguna-instruccion-previa\/33826\/\">evoluci\u00f3n<\/a> humana no se detuvo cuando empezamos a cultivar la tierra, en buena parte del oeste de Eurasia se aceler\u00f3 durante los \u00faltimos milenios, empujada por la luz solar, la dieta y las infecciones. Y ah\u00ed aparece una pista muy concreta, la vitamina D.<\/p>\n\n\n\n<h2 class=\"wp-block-heading\">Un estudio gigante que mira al pasado<\/h2>\n\n\n\n<p>El equipo aplic\u00f3 un m\u00e9todo nuevo para detectar selecci\u00f3n natural en series temporales de <a href=\"https:\/\/www.ecoticias.com\/hoyeco\/un-estudio-descubre-que-el-adn-humano-esta-tan-extendido-que-ya-se-encuentra-en-playas-rios-y-hasta-en-particulas-suspendidas-en-el-ambiente\/33610\/\">ADN<\/a> antiguo (una forma de ver si una variante sube \u201ca c\u00e1mara lenta\u201d durante miles de a\u00f1os). En la pr\u00e1ctica, reunieron informaci\u00f3n gen\u00e9tica de 15.836 personas del oeste de Eurasia a lo largo de 18.000 a\u00f1os, con 10.016 individuos aportados como datos nuevos, y lo compararon con 6.438 personas actuales repartidas por la regi\u00f3n.<\/p>\n\n\n\n<p>La clave no es solo el tama\u00f1o, tambi\u00e9n el problema que resuelve. Las migraciones, los cambios de poblaci\u00f3n y el simple azar pueden mover un gen arriba o abajo sin que haya <a href=\"https:\/\/www.mncn.csic.es\/es\/Comunicaci%C3%B3n\/seleccion-natural\" target=\"_blank\" rel=\"noopener\">selecci\u00f3n<\/a> detr\u00e1s, y eso hac\u00eda que muchas se\u00f1ales se quedaran en dudas razonables. En ecolog\u00eda pasa algo parecido cuando se confunde una tendencia real con un \u201cpico\u201d puntual de datos.<\/p>\n\n\n\n<p>Su enfoque busca tendencias consistentes. Si una variante aumenta de forma sostenida generaci\u00f3n tras generaci\u00f3n m\u00e1s de lo esperable por casualidad, la selecci\u00f3n natural se vuelve una explicaci\u00f3n plausible. Con ese filtro, el trabajo detecta 479 puntos del <a href=\"https:\/\/www.ecoticias.com\/hoyeco\/los-cientificos-descubren-la-formula-para-ralentizar-el-envejecimiento-del-adn\/33018\/\">genoma<\/a> independientes con evidencia fuerte de selecci\u00f3n natural (y sugiere que podr\u00eda haber muchas m\u00e1s se\u00f1ales con criterios menos estrictos).<\/p>\n\n\n\n<h2 class=\"wp-block-heading\">El sol, la dieta y la vitamina D como pista<\/h2>\n\n\n\n<p>Uno de los resultados m\u00e1s llamativos no habla de una sola mutaci\u00f3n, sino de un conjunto de variantes asociadas hoy a piel m\u00e1s clara. Los autores observan un aumento claro en esa \u201cpuntuaci\u00f3n gen\u00e9tica\u201d en los \u00faltimos 10.000 a\u00f1os, y lo conectan con una idea muy conocida en biolog\u00eda humana. \u201cProbablemente refleja una selecci\u00f3n para aumentar la s\u00edntesis de <a href=\"https:\/\/ods.od.nih.gov\/factsheets\/VitaminD-DatosEnEspanol\/\" target=\"_blank\" rel=\"noopener\">vitamina<\/a> D en regiones con poca luz solar, en agricultores con poca vitamina D en la dieta\u201d.<\/p>\n\n\n\n<p>Aqu\u00ed el medio ambiente no es un decorado, es parte de la historia. En latitudes altas hay menos radiaci\u00f3n ultravioleta \u00fatil para fabricar vitamina D en la piel en muchas \u00e9pocas del a\u00f1o. Si adem\u00e1s la alimentaci\u00f3n cambia, con menos alimentos ricos en vitamina D, el equilibrio se vuelve m\u00e1s delicado, sobre todo en inviernos largos y nublados que en el norte de Europa son casi un cl\u00e1sico.<\/p>\n\n\n\n<p>El estudio tambi\u00e9n destaca cambios en genes ligados a niveles de vitamina D. Uno de los ejemplos aparece en la regi\u00f3n NADSYN1\/DHCR7, asociada a concentraciones m\u00e1s altas, con se\u00f1al de selecci\u00f3n positiva en el tiempo. No es la \u00fanica pieza, pero encaja con ese \u201cguion\u201d donde luz y dieta van de la mano.<\/p>\n\n\n\n<h2 class=\"wp-block-heading\">Qu\u00e9 tienen que ver los pelirrojos<\/h2>\n\n\n\n<p>En ese mapa de se\u00f1ales aparecen variantes conocidas por su relaci\u00f3n con el color del cabello y la piel. Entre ellas hay cambios en <a href=\"https:\/\/www.ncbi.nlm.nih.gov\/gene\/4157\" target=\"_blank\" rel=\"noopener\">MC1R<\/a>, un gen muy estudiado por su papel en la pigmentaci\u00f3n y en rasgos que incluyen el pelo rojo. El trabajo detecta algunos de estos marcadores entre los puntos del genoma con evidencia fuerte de selecci\u00f3n.<\/p>\n\n\n\n<p>Conviene aterrizar la idea para no caer en el \u201cgen pelirrojo\u201d \u00fanico. El estudio no cuenta cu\u00e1ntas personas pelirrojas hab\u00eda en cada \u00e9poca, sino c\u00f3mo suben o bajan variantes gen\u00e9ticas que hoy se asocian a esos rasgos, muchas veces gracias a estudios en poblaciones modernas. Es una diferencia importante, sobre todo cuando la conversaci\u00f3n salta a redes.<\/p>\n\n\n\n<p>Aun as\u00ed, hay datos externos que ayudan a entender por qu\u00e9 se mira hacia la vitamina D. Un trabajo con an\u00e1lisis de sangre publicado en 2020 encontr\u00f3 concentraciones m\u00e1s altas de 25(OH)D3 (una forma habitual de medir vitamina D) en personas pelirrojas frente a personas no pelirrojas. Es un estudio peque\u00f1o y no prueba causa, pero suma contexto a la relaci\u00f3n entre pigmentaci\u00f3n y luz solar.<\/p>\n\n\n\n<h2 class=\"wp-block-heading\">La evoluci\u00f3n no reparte premios sin letra peque\u00f1a<\/h2>\n\n\n\n<p>Una parte inc\u00f3moda de estos resultados es que no todo lo que \u201csube\u201d tiene por qu\u00e9 ser positivo hoy. El estudio describe un caso en la regi\u00f3n HLA (muy ligada al sistema inmune), donde una variante asociada a un riesgo mucho mayor de enfermedad cel\u00edaca o sensibilidad al gluten aumenta desde casi el 0% hasta alrededor del 20% en los \u00faltimos 4.000 a\u00f1os.<\/p>\n\n\n\n<p>Tambi\u00e9n hay se\u00f1ales que cambian de direcci\u00f3n con el tiempo. En TYK2, relacionado con susceptibilidad a tuberculosis, los autores describen selecci\u00f3n positiva entre hace unos 9.000 y 3.000 a\u00f1os y, despu\u00e9s, selecci\u00f3n negativa en los \u00faltimos 3.000. Dicho de otra forma, lo que ayuda en una \u00e9poca puede convertirse en un lastre cuando cambian los pat\u00f3genos, las ciudades crecen o la forma de vivir se vuelve m\u00e1s densa.<\/p>\n\n\n\n<p>Y hay m\u00e1s matices. El trabajo detecta tendencias en combinaciones de variantes que hoy se usan para predecir rasgos complejos, pero advierte que esas medidas se han calibrado en sociedades industrializadas y no se pueden trasladar sin m\u00e1s al pasado. Es un buen freno para las conclusiones r\u00e1pidas y para los titulares demasiado redondos.<\/p>\n\n\n\n<h2 class=\"wp-block-heading\">Qu\u00e9 significa esto hoy para la vida diaria<\/h2>\n\n\n\n<p>\u00bfDeber\u00edamos mirar el espejo con otros ojos si somos pelirrojos o tenemos la piel muy clara? En realidad, el hallazgo va por otro camino. Nos recuerda que la relaci\u00f3n entre el cuerpo y el entorno es profunda, y que el clima, la luz y la alimentaci\u00f3n han funcionado durante milenios como un filtro silencioso que empuja algunas variantes hacia delante.<\/p>\n\n\n\n<p>En la vida moderna, el paisaje ha cambiado otra vez. Pasamos muchas horas bajo techo y no vivimos igual que un agricultor de hace 6.000 a\u00f1os, as\u00ed que una ventaja a escala de poblaci\u00f3n no garantiza nada en cada individuo. Eso se nota especialmente en <a href=\"https:\/\/www.ecoticias.com\/hoyeco\/te-resfrias-y-te-atiborras-a-naranjas-pero-una-cientifica-de-la-universidad-de-copenhague-dice-que-ahi-esta-el-malentendido-la-vitamina-c-casi-nunca-falta-y-el-giro-real-del-invierno-se-llama-vitamin\/33995\/\">invierno<\/a>, cuando el d\u00eda se hace corto y cuesta ver el sol entre semana.<\/p>\n\n\n\n<p>Lo m\u00e1s honesto es quedarse con el mapa, no con la etiqueta. El estudio se centra en el oeste de Eurasia y no responde si las mismas presiones actuaron igual en otras regiones, y los propios autores piden ampliar la mirada con m\u00e1s ADN antiguo de otras partes del mundo.&nbsp;<\/p>\n\n\n\n<p>El trabajo ha sido publicado en <a href=\"https:\/\/www.nature.com\/articles\/s41586-026-10358-1\" target=\"_blank\" rel=\"noopener\"><em>Nature<\/em><\/a>.<\/p>\n\n\n\n<p><\/p>\n","protected":false},"excerpt":{"rendered":"<p>Ver a una persona pelirroja sigue llamando la atenci\u00f3n porque es un rasgo poco frecuente. Pero la rareza no significa &#8230; <\/p>\n<p class=\"read-more-container\"><a title=\"Durante siglos fueron se\u00f1alados pero la Ciencia confirma que los pelirrojos han sido seleccionados naturalmente durante millones de a\u00f1os por una habilidad \u00fanica\" class=\"read-more button\" href=\"https:\/\/www.ecoticias.com\/hoyeco\/durante-siglos-fueron-senalados-pero-la-ciencia-confirma-que-los-pelirrojos-han-sido-seleccionados-naturalmente-durante-millones-de-anos-por-una-habilidad-unica\/35519\/#more-35519\" aria-label=\"Leer m\u00e1s sobre Durante siglos fueron se\u00f1alados pero la Ciencia confirma que los pelirrojos han sido seleccionados naturalmente durante millones de a\u00f1os por una habilidad \u00fanica\">Read more<\/a><\/p>\n","protected":false},"author":17,"featured_media":35520,"comment_status":"open","ping_status":"","sticky":false,"template":"","format":"standard","meta":{"footnotes":""},"categories":[6],"tags":[],"class_list":["post-35519","post","type-post","status-publish","format-standard","has-post-thumbnail","hentry","category-movilidad","resize-featured-image"],"_links":{"self":[{"href":"https:\/\/www.ecoticias.com\/hoyeco\/wp-json\/wp\/v2\/posts\/35519","targetHints":{"allow":["GET"]}}],"collection":[{"href":"https:\/\/www.ecoticias.com\/hoyeco\/wp-json\/wp\/v2\/posts"}],"about":[{"href":"https:\/\/www.ecoticias.com\/hoyeco\/wp-json\/wp\/v2\/types\/post"}],"author":[{"embeddable":true,"href":"https:\/\/www.ecoticias.com\/hoyeco\/wp-json\/wp\/v2\/users\/17"}],"replies":[{"embeddable":true,"href":"https:\/\/www.ecoticias.com\/hoyeco\/wp-json\/wp\/v2\/comments?post=35519"}],"version-history":[{"count":1,"href":"https:\/\/www.ecoticias.com\/hoyeco\/wp-json\/wp\/v2\/posts\/35519\/revisions"}],"predecessor-version":[{"id":35521,"href":"https:\/\/www.ecoticias.com\/hoyeco\/wp-json\/wp\/v2\/posts\/35519\/revisions\/35521"}],"wp:featuredmedia":[{"embeddable":true,"href":"https:\/\/www.ecoticias.com\/hoyeco\/wp-json\/wp\/v2\/media\/35520"}],"wp:attachment":[{"href":"https:\/\/www.ecoticias.com\/hoyeco\/wp-json\/wp\/v2\/media?parent=35519"}],"wp:term":[{"taxonomy":"category","embeddable":true,"href":"https:\/\/www.ecoticias.com\/hoyeco\/wp-json\/wp\/v2\/categories?post=35519"},{"taxonomy":"post_tag","embeddable":true,"href":"https:\/\/www.ecoticias.com\/hoyeco\/wp-json\/wp\/v2\/tags?post=35519"}],"curies":[{"name":"wp","href":"https:\/\/api.w.org\/{rel}","templated":true}]}}