{"id":3554,"date":"2024-02-28T14:20:03","date_gmt":"2024-02-28T13:20:03","guid":{"rendered":"https:\/\/ecoticias.com\/hoyeco\/?p=3554"},"modified":"2024-02-28T14:20:03","modified_gmt":"2024-02-28T13:20:03","slug":"bateria-carga-coche-casa","status":"publish","type":"post","link":"https:\/\/www.ecoticias.com\/hoyeco\/bateria-carga-coche-casa\/3554\/","title":{"rendered":"As\u00ed es la primera bater\u00eda que carga tu coche y tu casa: hasta 18 kWh de potencia y en el mercado este a\u00f1o"},"content":{"rendered":"<p>Despu\u00e9s de ver un sinf\u00edn de <a href=\"https:\/\/ecoticias.com\/hoyeco\/baterias-de-coches-electricos\/3323\/\" target=\"_blank\" rel=\"noopener\">bater\u00edas para coches<\/a>, ha llegado al mercado la primera<strong> bater\u00eda<\/strong> que carga tu autom\u00f3vil y tu<strong> casa<\/strong>. Ostenta hasta 18 kWh de potencia. Llegar\u00eda al mercado este a\u00f1o. En la actualidad, las bater\u00edas que est\u00e1n acaparando toda la atenci\u00f3n son las que usan celdas de iones de litio, pero su reinado podr\u00eda acabar muy pronto.<\/p>\n<p>Est\u00e1 llegando una tecnolog\u00eda que est\u00e1 abri\u00e9ndose paso en la industria de la automoci\u00f3n. El mercado la est\u00e1 recibiendo con los brazos abiertos y pronto no ser\u00e1 solo un producto para veh\u00edculos, sino tambi\u00e9n para implementar en las propiedades.<\/p>\n<p>Normalmente solemos ver la energ\u00eda del hogar completamente separada de la de los coches el\u00e9ctricos, pero est\u00e1n a punto de unirse para crear algo nunca vista.<\/p>\n<h2>La bater\u00eda que une tu casa y tu coche: nunca has visto nada igual<\/h2>\n<p>La tecnolog\u00eda que tanta popularidad est\u00e1 tomando son las bater\u00edas de sodio, que ofrecen un servicio que convence. Ya se est\u00e1n utilizando en coches el\u00e9ctricos y en el hogar.<\/p>\n<p>La compa\u00f1\u00eda <strong>Biwatt<\/strong> comenzar\u00e1 pronto la comercializaci\u00f3n de sus bater\u00edas de sodio de uso residencial. De hecho, se har\u00e1 efectiva este mismo a\u00f1o, as\u00ed que no tardaremos en verlas en acci\u00f3n.<\/p>\n<p>El primer modelo ser\u00e1 el <strong>PowerNest W1<\/strong>. Comenzar\u00e1 su distribuci\u00f3n en <strong>Espa\u00f1a<\/strong> durante el primer semestre del a\u00f1o. Es una bater\u00eda peque\u00f1a, cuyas medidas son 600 mm x 880 mm x 165 mm y un peso de 90 kg.<\/p>\n<p>Pueden instalarse en cualquier parte de la vivienda, tanto en el exterior como en el interior. En exteriores, su funcionamiento es mejor que el que brindan las bater\u00edas de iones de litio, especialmente bajo temperaturas extremas.<\/p>\n<p>Su funcionamiento es correcto con temperaturas de hasta 40 grados bajo cero sin que su capacidad de funcionamiento quede por debajo por debajo del 80%. Tambi\u00e9n aporta m\u00e1s estabilidad t\u00e9rmica, repercutiendo esto en la seguridad del equipo.<\/p>\n<h2>Precio de la bater\u00eda que carga tu coche y tu casa<\/h2>\n<p>La <strong>bater\u00eda PowerNest W1<\/strong> posee una capacidad de carga de hasta 4,5 kWh, pero puede instalarse en combinaci\u00f3n con otras tres y alcanzar entre todas una carga de hasta 18 kWh. En lo que respecta a su capacidad de salida, tiene una salida nominal de 5,5 kW, aunque ostenta un pico de 6,5 kW.<\/p>\n<p>El precio de este producto es 3.000 euros, una cifra por debajo del importe al que est\u00e1n las bater\u00edas de iones de litio de caracter\u00edsticas similares. Sin embargo, hay que tener en cuenta que estas son las primeras piezas que van a salir al mercado, por lo que todav\u00eda existe un margen de precio en el proceso y el precio.<\/p>\n<h2>Pronto llega la bater\u00eda capaz de cargar tu veh\u00edculo y tu casa<\/h2>\n<p>\u201cSu plataforma de gesti\u00f3n de energ\u00eda para el hogar inteligente integra un sistema de gesti\u00f3n de bater\u00edas (BMS) basado en la nube, que proporciona m\u00faltiples protecciones de seguridad y advertencias de fallas para los propietarios de viviendas\u201d, expuso el fabricante en un comunicado.<\/p>\n<p>\u201cLa exclusiva tecnolog\u00eda de equilibrio activo de iones de sodio (SIB) prolonga eficazmente el ciclo de vida de la bater\u00eda, lo que permite a los usuarios utilizar el producto durante m\u00e1s tiempo\u201d.<\/p>\n<p>De esta manera, tu <strong>casa <\/strong>y tu coche pueden ser abastecidos de energ\u00eda con la m\u00e1xima comodidad. Asimismo, su aplicaci\u00f3n permite que gestiones los dispositivos de energ\u00eda de toda la casa. Su nuevo dise\u00f1o de interacci\u00f3n hace posible una experiencia de usuario <em>premium<\/em>. Estamos ante un producto revolucionario que supone un antes y un despu\u00e9s en la energ\u00eda tal y como la conocemos.<\/p>\n<p>Dos conceptos que antes nos eran ajenos uno de otro, ahora est\u00e1n m\u00e1s cerca que nunca y lo hacen para facilitarte la vida. Siendo este a\u00f1o su expansi\u00f3n, apenas quedar\u00edan unos meses para disfrutar de esta tecnolog\u00eda.<\/p>\n<p>Si la idea de controlar tu espacio y su suministro de energ\u00eda te ha gustado, tienes que enterarte de lo que est\u00e1 pasando con las <a href=\"https:\/\/ecoticias.com\/hoyeco\/vivienda-plegable-para-nomadas-digitales\/3102\/\" target=\"_blank\" rel=\"noopener\">viviendas para n\u00f3madas digitales<\/a>.<\/p>\n<p><strong>\u00a0<\/strong><\/p>\n","protected":false},"excerpt":{"rendered":"<p>Despu\u00e9s de ver un sinf\u00edn de bater\u00edas para coches, ha llegado al mercado la primera bater\u00eda que carga tu autom\u00f3vil &#8230; <\/p>\n<p class=\"read-more-container\"><a title=\"As\u00ed es la primera bater\u00eda que carga tu coche y tu casa: hasta 18 kWh de potencia y en el mercado este a\u00f1o\" class=\"read-more button\" href=\"https:\/\/www.ecoticias.com\/hoyeco\/bateria-carga-coche-casa\/3554\/#more-3554\" aria-label=\"Leer m\u00e1s sobre As\u00ed es la primera bater\u00eda que carga tu coche y tu casa: hasta 18 kWh de potencia y en el mercado este a\u00f1o\">Read more<\/a><\/p>\n","protected":false},"author":2,"featured_media":3555,"comment_status":"closed","ping_status":"closed","sticky":false,"template":"","format":"standard","meta":{"footnotes":""},"categories":[6],"tags":[],"class_list":["post-3554","post","type-post","status-publish","format-standard","has-post-thumbnail","hentry","category-movilidad","resize-featured-image"],"_links":{"self":[{"href":"https:\/\/www.ecoticias.com\/hoyeco\/wp-json\/wp\/v2\/posts\/3554","targetHints":{"allow":["GET"]}}],"collection":[{"href":"https:\/\/www.ecoticias.com\/hoyeco\/wp-json\/wp\/v2\/posts"}],"about":[{"href":"https:\/\/www.ecoticias.com\/hoyeco\/wp-json\/wp\/v2\/types\/post"}],"author":[{"embeddable":true,"href":"https:\/\/www.ecoticias.com\/hoyeco\/wp-json\/wp\/v2\/users\/2"}],"replies":[{"embeddable":true,"href":"https:\/\/www.ecoticias.com\/hoyeco\/wp-json\/wp\/v2\/comments?post=3554"}],"version-history":[{"count":0,"href":"https:\/\/www.ecoticias.com\/hoyeco\/wp-json\/wp\/v2\/posts\/3554\/revisions"}],"wp:featuredmedia":[{"embeddable":true,"href":"https:\/\/www.ecoticias.com\/hoyeco\/wp-json\/wp\/v2\/media\/3555"}],"wp:attachment":[{"href":"https:\/\/www.ecoticias.com\/hoyeco\/wp-json\/wp\/v2\/media?parent=3554"}],"wp:term":[{"taxonomy":"category","embeddable":true,"href":"https:\/\/www.ecoticias.com\/hoyeco\/wp-json\/wp\/v2\/categories?post=3554"},{"taxonomy":"post_tag","embeddable":true,"href":"https:\/\/www.ecoticias.com\/hoyeco\/wp-json\/wp\/v2\/tags?post=3554"}],"curies":[{"name":"wp","href":"https:\/\/api.w.org\/{rel}","templated":true}]}}