{"id":35543,"date":"2026-04-30T23:44:00","date_gmt":"2026-04-30T21:44:00","guid":{"rendered":"https:\/\/www.ecoticias.com\/hoyeco\/?p=35543"},"modified":"2026-04-27T17:49:10","modified_gmt":"2026-04-27T15:49:10","slug":"murcia-se-prepara-para-albergar-la-mayor-planta-solar-de-endesa-con-potencia-de-145-mw-capaz-de-producir-241-gwh-al-ano","status":"publish","type":"post","link":"https:\/\/www.ecoticias.com\/hoyeco\/murcia-se-prepara-para-albergar-la-mayor-planta-solar-de-endesa-con-potencia-de-145-mw-capaz-de-producir-241-gwh-al-ano\/35543\/","title":{"rendered":"Murcia se prepara para albergar la mayor planta solar de Endesa con potencia de 145 MW capaz de producir 241 GWh al a\u00f1o"},"content":{"rendered":"\n<p>Endesa ya tiene en marcha la planta solar de <a href=\"https:\/\/www.endesa.com\/es\/prensa\/sala-de-prensa\/noticias\/transicion-energetica\/renovables\/construccion-planta-solar-jumilla\" target=\"_blank\" rel=\"noopener\">Balbona<\/a>, en la zona de \u00abLa Capellan\u00eda\u00bb (Jumilla), una instalaci\u00f3n que pasa a ser la mayor de la compa\u00f1\u00eda en la Regi\u00f3n de Murcia. La cifra que m\u00e1s llama la atenci\u00f3n es la potencia (145 MW) y su producci\u00f3n estimada (241 GWh al a\u00f1o).<\/p>\n\n\n\n<p>Pero lo interesante aqu\u00ed no es solo cu\u00e1nta electricidad puede generar, sino c\u00f3mo se ha construido y qu\u00e9 deja alrededor. Entre empleo local, formaci\u00f3n, pastoreo dentro del recinto y <a href=\"https:\/\/www.miteco.gob.es\/es\/energia\/energia-electrica\/electricidad\/autoconsumo-electrico.html\" target=\"_blank\" rel=\"noopener\">autoconsumo<\/a> en centros del municipio, el proyecto intenta responder a una pregunta que cada vez se repite m\u00e1s en el campo y en los pueblos. \u00bfPuede una planta renovable encajar de verdad en el d\u00eda a d\u00eda de la zona donde aterriza?<\/p>\n\n\n\n<h2 class=\"wp-block-heading\">Balbona en cifras y por qu\u00e9 importa<\/h2>\n\n\n\n<p>La planta ha supuesto una inversi\u00f3n de 82 millones de euros y, seg\u00fan la compa\u00f1\u00eda, con 145 MW instalados podr\u00e1 producir 241 GWh anuales. Endesa traduce esa energ\u00eda a un ejemplo f\u00e1cil de imaginar (el consumo anual de una ciudad de 150.000 habitantes).<\/p>\n\n\n\n<p>Estas equivalencias ayudan, pero conviene leerlas con calma. El consumo real depende de h\u00e1bitos, clima, industria y de c\u00f3mo se reparte la demanda a lo largo del a\u00f1o, as\u00ed que es mejor quedarse con la idea base (la instalaci\u00f3n aporta electricidad <a href=\"https:\/\/www.ecoticias.com\/hoyeco\/el-mayor-parque-eolico-del-mundo-capaz-de-dar-energia-a-33-millones-de-hogares-acaba-de-conectar-un-cable-submarino-de-680-km\/35137\/\">renovable<\/a> a gran escala). Y eso se nota.<\/p>\n\n\n\n<p>Adem\u00e1s, Balbona llega con un mensaje regional claro. Endesa afirma que, sumando esta planta a la que ya tiene operativa en Totana, triplica su potencia renovable en la Regi\u00f3n de Murcia. En la pr\u00e1ctica, esto significa m\u00e1s generaci\u00f3n <a href=\"https:\/\/www.ecoticias.com\/hoyeco\/expertos-en-energia-desmontan-el-mito-que-sigue-frenando-el-autoconsumo-solar-en-invierno-no-sirven\/32351\/\">solar<\/a> en una comunidad donde el sol no falta precisamente.<\/p>\n\n\n\n<h2 class=\"wp-block-heading\">Empleo local y formaci\u00f3n con efecto real<\/h2>\n\n\n\n<p>En la construcci\u00f3n han trabajado m\u00e1s de 300 personas y, siempre seg\u00fan Endesa, la mitad pertenec\u00eda al entorno de Jumilla. No hablamos solo de colocar paneles, tambi\u00e9n de trabajos de preparaci\u00f3n del terreno, cableado, subestaci\u00f3n el\u00e9ctrica y conexiones.<\/p>\n\n\n\n<p>Para intentar que parte de esos empleos no se queden en algo puntual, la empresa explica que ha impulsado formaci\u00f3n vinculada a la obra. Se han realizado dos cursos de montaje de <a href=\"https:\/\/www.ecoticias.com\/hoyeco\/expertos-en-energia-desmienten-el-mito-sobre-la-eficiencia-de-los-paneles-solares-no-duraran-mucho\/32281\/\">paneles<\/a> y uno de operaci\u00f3n y mantenimiento, con 52 personas desempleadas beneficiadas y un 35% contratado directamente en los trabajos.<\/p>\n\n\n\n<p>Y hay un detalle que suele pasar desapercibido cuando se habla de renovables. En 2024 tambi\u00e9n se hicieron cursos ligados al sector primario (poda de almendro y piloto de drones) en colaboraci\u00f3n con <a href=\"https:\/\/www.asaja.com\/\" target=\"_blank\" rel=\"noopener\">ASAJA<\/a> y el ayuntamiento, con 39 personas beneficiadas. Es un recordatorio de que la transici\u00f3n energ\u00e9tica, si baja al terreno, tambi\u00e9n toca oficios de siempre y oficios nuevos.<\/p>\n\n\n\n<h2 class=\"wp-block-heading\">Ovejas en 127 hect\u00e1reas y el debate sobre el suelo<\/h2>\n\n\n\n<p>Uno de los puntos m\u00e1s llamativos del proyecto es el uso del terreno una vez la planta ya funciona. Endesa indica que un pastor de Jumilla ya tiene parte de sus 200 cabezas de ganado pastando en las 127 hect\u00e1reas de la instalaci\u00f3n.<\/p>\n\n\n\n<p>La idea es sencilla y bastante cotidiana. Las ovejas hacen \u00abdesbroce natural\u00bb, la empresa recalca que el entorno est\u00e1 libre de pesticidas y que esa gesti\u00f3n ayuda tambi\u00e9n a prevenir incendios. Para el ganadero, supone un espacio protegido para el pastoreo, algo que en determinadas zonas puede ser una ventaja real.<\/p>\n\n\n\n<p>Este tipo de medidas conectan con otro debate que est\u00e1 sobre la mesa en muchas comarcas, el de c\u00f3mo compatibilizar energ\u00eda y naturaleza sin convertir el paisaje en un conflicto permanente. En <a href=\"https:\/\/www.endesa.com\/es\/prensa\/sala-de-prensa\/podcast\/biodiversidad-parques-renovables\" target=\"_blank\" rel=\"noopener\">Totana<\/a>, Endesa ha explicado que su planta se ha convertido en un \u00aboasis de biodiversidad\u00bb gracias a un corredor ecol\u00f3gico de m\u00e1s de 8 hect\u00e1reas para restaurar un entorno degradado por el uso intensivo de pesticidas, fitosanitarios y pl\u00e1sticos. Ese antecedente ayuda a entender por qu\u00e9 ahora se insiste tanto en la integraci\u00f3n con el entorno.<\/p>\n\n\n\n<h2 class=\"wp-block-heading\">Inclusi\u00f3n y autoconsumo, del discurso a la factura<\/h2>\n\n\n\n<p>Otra pieza del relato es la inclusi\u00f3n en el mundo rural. En Balbona, Endesa se\u00f1ala un curso de formaci\u00f3n centrado en desbroce, compostaje y mantenimiento de barreras vegetales, realizado con la asociaci\u00f3n local <a href=\"https:\/\/www.aspajunide.es\/\" target=\"_blank\" rel=\"noopener\">ASPAJUNIDE<\/a> y con 13 personas con discapacidad intelectual beneficiadas.<\/p>\n\n\n\n<p>A partir de ah\u00ed, el proyecto baja a un terreno que cualquier familia entiende r\u00e1pido, el de la <a href=\"https:\/\/www.ecoticias.com\/hoyeco\/instalo-paneles-solares-en-su-casa-pero-la-realidad-no-fue-como-esperaba-y-pide-a-todos-que-sigan-su-consejo-nadie-nos-dijo-que-esto-podia-pasar\/34526\/\">factura<\/a> de la luz. ASPAJUNIDE tambi\u00e9n aparece como beneficiaria de una instalaci\u00f3n de paneles para autoconsumo en su residencia \u00abM\u00e1s Vida\u00bb, y Endesa habla de apoyo al autoconsumo en seis emplazamientos del municipio, especialmente centros escolares.<\/p>\n\n\n\n<p>En n\u00fameros, la compa\u00f1\u00eda menciona 1.100 metros cuadrados de <a href=\"https:\/\/www.ecoticias.com\/hoyeco\/china-hunde-tanto-el-precio-de-las-placas-solares-que-ahora-son-tan-baratas-que-se-usan-hasta-para-hacer-vallas\/33944\/\">paneles<\/a> que suman 125 kW y un ahorro anual estimado de m\u00e1s de 180.000 kWh (lo equipara al consumo medio anual de 46 hogares). No es poca cosa, sobre todo si pensamos en colegios donde el gasto energ\u00e9tico pesa y donde la energ\u00eda tambi\u00e9n es una herramienta educativa.<\/p>\n\n\n\n<h2 class=\"wp-block-heading\">Rob\u00f3tica, drones y subestaciones prefabricadas<\/h2>\n\n\n\n<p>Balbona tambi\u00e9n se ha usado como escaparate tecnol\u00f3gico. Endesa afirma que, por primera vez, se ha utilizado un \u00abrobot especial con ventosas\u00bb para facilitar la colocaci\u00f3n de paneles, algo relevante porque las estructuras fijas alcanzan cerca de tres metros de altura. En la nota se llega a describir como un sistema \u00ab\u00fanico en Espa\u00f1a\u00bb.<\/p>\n\n\n\n<p>A eso se suma el uso de drones para supervisar los trabajos de construcci\u00f3n, con pilotos expertos para actuar de forma preventiva ante incidencias. Este punto suele sonar lejano, pero es el tipo de detalle que cambia tiempos, reduce desplazamientos innecesarios y mejora el control de obra.<\/p>\n\n\n\n<p>Y hay una parte menos vistosa, pero importante en t\u00e9rminos de materiales y huella. Endesa explica que ha aplicado la tecnolog\u00eda \u00abe-house\u00bb en subestaciones, una soluci\u00f3n prefabricada que reduce el uso de materiales de construcci\u00f3n en un 60%, y que se han usado cimentaciones prefabricadas para reducir plazos y mejorar la huella de carbono frente a sistemas tradicionales.<\/p>\n\n\n\n<h2 class=\"wp-block-heading\">Qu\u00e9 deber\u00edas mirar si vives cerca o si te interesa la transici\u00f3n<\/h2>\n\n\n\n<p>Cuando se anuncia una gran planta solar, lo f\u00e1cil es quedarse en el titular (MW y GWh) y pasar p\u00e1gina. Pero el impacto real suele estar en lo que no entra en una cifra r\u00e1pida, c\u00f3mo se gestiona el suelo, qu\u00e9 medidas se aplican para convivencia con el campo, c\u00f3mo se organiza el empleo y qu\u00e9 se deja como retorno a la comunidad. Ah\u00ed es donde se decide buena parte de la aceptaci\u00f3n social.<\/p>\n\n\n\n<p>Tambi\u00e9n conviene fijarse en la gesti\u00f3n de residuos y materiales, incluso en algo tan poco glamuroso como embalajes y pal\u00e9s. En este caso, Endesa afirma que donar\u00e1 parte de elementos utilizados en la construcci\u00f3n a la comunidad local, dentro de su Plan de Sostenibilidad. Puede parecer un detalle peque\u00f1o, pero encaja con una idea b\u00e1sica de econom\u00eda circular (reutilizar antes que tirar).<\/p>\n\n\n\n<p>Y, por \u00faltimo, una pregunta pr\u00e1ctica. \u00bfHabr\u00e1 seguimiento y transparencia sobre c\u00f3mo evoluciona esa convivencia con el entorno, el pastoreo y las medidas ambientales con el paso de los a\u00f1os? El reto no es inaugurar, es mantener. La nota de prensa oficial puede consultarse en <a href=\"https:\/\/www.endesa.com\/es\/prensa\/sala-de-prensa\/noticias\/transicion-energetica\/renovables\/mayor-planta-solar-region-murcia\" target=\"_blank\" rel=\"noopener\"><em>Endesa<\/em><\/a>.<\/p>\n","protected":false},"excerpt":{"rendered":"<p>Endesa ya tiene en marcha la planta solar de Balbona, en la zona de \u00abLa Capellan\u00eda\u00bb (Jumilla), una instalaci\u00f3n que &#8230; <\/p>\n<p class=\"read-more-container\"><a title=\"Murcia se prepara para albergar la mayor planta solar de Endesa con potencia de 145 MW capaz de producir 241 GWh al a\u00f1o\" class=\"read-more button\" href=\"https:\/\/www.ecoticias.com\/hoyeco\/murcia-se-prepara-para-albergar-la-mayor-planta-solar-de-endesa-con-potencia-de-145-mw-capaz-de-producir-241-gwh-al-ano\/35543\/#more-35543\" aria-label=\"Leer m\u00e1s sobre Murcia se prepara para albergar la mayor planta solar de Endesa con potencia de 145 MW capaz de producir 241 GWh al a\u00f1o\">Read more<\/a><\/p>\n","protected":false},"author":17,"featured_media":35544,"comment_status":"open","ping_status":"","sticky":false,"template":"","format":"standard","meta":{"footnotes":""},"categories":[5],"tags":[],"class_list":["post-35543","post","type-post","status-publish","format-standard","has-post-thumbnail","hentry","category-energia","resize-featured-image"],"_links":{"self":[{"href":"https:\/\/www.ecoticias.com\/hoyeco\/wp-json\/wp\/v2\/posts\/35543","targetHints":{"allow":["GET"]}}],"collection":[{"href":"https:\/\/www.ecoticias.com\/hoyeco\/wp-json\/wp\/v2\/posts"}],"about":[{"href":"https:\/\/www.ecoticias.com\/hoyeco\/wp-json\/wp\/v2\/types\/post"}],"author":[{"embeddable":true,"href":"https:\/\/www.ecoticias.com\/hoyeco\/wp-json\/wp\/v2\/users\/17"}],"replies":[{"embeddable":true,"href":"https:\/\/www.ecoticias.com\/hoyeco\/wp-json\/wp\/v2\/comments?post=35543"}],"version-history":[{"count":1,"href":"https:\/\/www.ecoticias.com\/hoyeco\/wp-json\/wp\/v2\/posts\/35543\/revisions"}],"predecessor-version":[{"id":35545,"href":"https:\/\/www.ecoticias.com\/hoyeco\/wp-json\/wp\/v2\/posts\/35543\/revisions\/35545"}],"wp:featuredmedia":[{"embeddable":true,"href":"https:\/\/www.ecoticias.com\/hoyeco\/wp-json\/wp\/v2\/media\/35544"}],"wp:attachment":[{"href":"https:\/\/www.ecoticias.com\/hoyeco\/wp-json\/wp\/v2\/media?parent=35543"}],"wp:term":[{"taxonomy":"category","embeddable":true,"href":"https:\/\/www.ecoticias.com\/hoyeco\/wp-json\/wp\/v2\/categories?post=35543"},{"taxonomy":"post_tag","embeddable":true,"href":"https:\/\/www.ecoticias.com\/hoyeco\/wp-json\/wp\/v2\/tags?post=35543"}],"curies":[{"name":"wp","href":"https:\/\/api.w.org\/{rel}","templated":true}]}}