{"id":35546,"date":"2026-05-01T08:01:00","date_gmt":"2026-05-01T06:01:00","guid":{"rendered":"https:\/\/www.ecoticias.com\/hoyeco\/?p=35546"},"modified":"2026-04-28T13:36:09","modified_gmt":"2026-04-28T11:36:09","slug":"despues-de-15-anos-y-un-conflicto-internacional-ya-esta-en-marcha-la-gran-presa-del-renacimiento-la-hidroelectrica-que-genera-5150-mw-sobre-el-nilo-azul","status":"publish","type":"post","link":"https:\/\/www.ecoticias.com\/hoyeco\/despues-de-15-anos-y-un-conflicto-internacional-ya-esta-en-marcha-la-gran-presa-del-renacimiento-la-hidroelectrica-que-genera-5150-mw-sobre-el-nilo-azul\/35546\/","title":{"rendered":"Despu\u00e9s de 15 a\u00f1os y un conflicto internacional ya est\u00e1 en marcha la Gran Presa del Renacimiento, la hidroel\u00e9ctrica que genera 5150 MW sobre el Nilo Azul"},"content":{"rendered":"\n<p>El 9 de septiembre de 2025, Etiop\u00eda inaugur\u00f3 oficialmente la Gran Presa del Renacimiento (GERD), hoy la mayor <a href=\"https:\/\/www.ecoticias.com\/hoyeco\/china-desafia-la-logica-con-un-gigante-hidroelectrico-de-165-000-millones-de-dolares-que-produce-300-000-de-kw-por-hora-al-ano\/35249\/\" target=\"_blank\" rel=\"noreferrer noopener\">hidroel\u00e9ctrica<\/a> de \u00c1frica. Con una capacidad de 5.150 MW y un coste estimado de unos 5.000 millones de d\u00f3lares, el pa\u00eds la presenta como la palanca para electrificar su econom\u00eda y exportar energ\u00eda a sus vecinos.<\/p>\n\n\n\n<p>El problema es que aqu\u00ed la electricidad y el agua viajan juntas. La presa est\u00e1 en el <a href=\"https:\/\/www.ecoticias.com\/hoyeco\/egipto-activa-el-high-dam-2-0-66-anos-despues-sensores-y-gestion-digital-para-vigilar-cada-gota-del-nilo-y-anticiparse-a-etiopia\/32971\/\" target=\"_blank\" rel=\"noreferrer noopener\">Nilo<\/a> Azul y, r\u00edo abajo, Egipto y Sud\u00e1n temen qu\u00e9 ocurrir\u00e1 en a\u00f1os secos o con desembalses inesperados. \u00bfQu\u00e9 significa esto en la pr\u00e1ctica para quien depende del Nilo para regar, beber o simplemente llegar a fin de mes?<\/p>\n\n\n\n<h2 class=\"wp-block-heading\">Una promesa de electricidad limpia en un pa\u00eds con apagones<\/h2>\n\n\n\n<p>Etiop\u00eda quiere que el GERD sea el fin de los cortes de luz y el principio de una <a href=\"https:\/\/www.ecoticias.com\/hoyeco\/espana-activa-el-gran-proyecto-de-interconexion-electrica-con-dos-cables-submarinos-gigantes-que-uniran-la-peninsula-con-italia\/35246\/\" target=\"_blank\" rel=\"noreferrer noopener\">red<\/a> m\u00e1s estable. Reuters y AP recuerdan que la nueva central puede m\u00e1s que duplicar la capacidad el\u00e9ctrica del pa\u00eds, en una naci\u00f3n de m\u00e1s de 120 millones de habitantes. Y eso se nota cuando faltan luz, agua bombeada o un m\u00f3vil cargado.<\/p>\n\n\n\n<p>Tambi\u00e9n hay un trasfondo ambiental muy concreto. El Confidencial se\u00f1ala que millones de hogares siguen usando le\u00f1a o carb\u00f3n para cocinar e iluminarse, una dependencia que presiona bosques y salud. El <a href=\"https:\/\/www.worldbank.org\/en\/news\/feature\/2025\/01\/24\/lighting-up-eastern-africa-access-to-energy-afe-rural-ethiopia\" target=\"_blank\" rel=\"noreferrer noopener\">Banco Mundial<\/a>, por su parte, describe programas para ampliar el acceso el\u00e9ctrico y cerrar la brecha rural, justo donde la energ\u00eda cambia m\u00e1s la vida diaria.<\/p>\n\n\n\n<p>La presa adem\u00e1s llega en plena apuesta por la movilidad el\u00e9ctrica. AP inform\u00f3 de que Etiop\u00eda vet\u00f3 la importaci\u00f3n de veh\u00edculos de gasolina, y The Guardian explica que el salto a los coches el\u00e9ctricos avanza, aunque la red y los <a href=\"https:\/\/www.ecoticias.com\/hoyeco\/el-coche-chino-que-desafia-las-leyes-de-la-fisica-se-carga-en-9-minutos-y-tiene-autonomia-de-1-036-km\/34456\/\" target=\"_blank\" rel=\"noreferrer noopener\">cargadores<\/a> siguen siendo el gran cuello de botella. Sin enchufes fiables, no hay revoluci\u00f3n posible.<\/p>\n\n\n\n<h2 class=\"wp-block-heading\">De 5.150 megavatios a un embalse enorme<\/h2>\n\n\n\n<p>La cifra de 5.150 MW es la potencia instalada prevista del proyecto. El grupo constructor Webuild detalla que se reparte en 13 turbinas Francis y que la producci\u00f3n media anual estimada ronda los 15.700 GWh. Es decir, mucha electricidad sin chimeneas, siempre que el agua acompa\u00f1e.<\/p>\n\n\n\n<p>La otra cifra que manda es la del embalse. Reuters sit\u00faa su capacidad en 74.000 millones de metros c\u00fabicos y describe una superficie cercana a 1.800 km\u00b2, mayor que el Gran Londres. Es una \u201c<a href=\"https:\/\/www.ecoticias.com\/hoyeco\/el-gobierno-lo-confirma-espana-va-a-transformar-una-pequena-presa-en-una-megabateria-de-280-mw-clave-en-los-apagones\/35092\/\" target=\"_blank\" rel=\"noreferrer noopener\">bater\u00eda<\/a>\u201d enorme de agua que permite guardar caudal en temporada de lluvias para generar despu\u00e9s.<\/p>\n\n\n\n<p>Y el calendario explica por qu\u00e9 este tema lleva a\u00f1os en portada. La obra arranc\u00f3 en 2011, el llenado comenz\u00f3 en 2020 y la generaci\u00f3n parcial se inici\u00f3 en 2022, seg\u00fan Reuters y El Confidencial. The Guardian a\u00f1ade que gran parte de la financiaci\u00f3n fue interna, con aportaciones dom\u00e9sticas y bonos, algo que Etiop\u00eda ha convertido en s\u00edmbolo de soberan\u00eda.<\/p>\n\n\n\n<h2 class=\"wp-block-heading\">Un r\u00edo compartido sin reglas claras<\/h2>\n\n\n\n<p>Egipto mira el GERD con inquietud porque el Nilo es su fuente principal de agua. Reuters estima que el pa\u00eds depende del r\u00edo para alrededor del 90% de su agua dulce, y AP recoge que un portavoz lleg\u00f3 a calificar la presa como una \u201cexistential threat\u201d. No es una frase menor cuando se habla de agricultura y abastecimiento.<\/p>\n\n\n\n<p>Sud\u00e1n, justo aguas abajo, est\u00e1 en una posici\u00f3n ambivalente. Reuters explica que puede ganar con un mejor control de las crecidas y con energ\u00eda m\u00e1s barata, pero tambi\u00e9n exige coordinaci\u00f3n diaria y garant\u00edas de seguridad. En otras palabras, quiere saber qu\u00e9 caudal sale y cu\u00e1ndo, para proteger a la poblaci\u00f3n y los cultivos.<\/p>\n\n\n\n<p>En la inauguraci\u00f3n, el primer ministro Abiy Ahmed defendi\u00f3 que la presa era \u201cnot to harm its brothers\u201d, pero Egipto llev\u00f3 su protesta al Consejo de Seguridad de la ONU, seg\u00fan Reuters. En enero de 2026, Reuters inform\u00f3 de nuevos intentos de mediaci\u00f3n internacional, se\u00f1al de que el conflicto por las reglas de operaci\u00f3n sigue abierto.<\/p>\n\n\n\n<h2 class=\"wp-block-heading\">Impactos ambientales que no se ven desde el aire<\/h2>\n\n\n\n<p>Una hidroel\u00e9ctrica reduce CO2 frente a centrales de carb\u00f3n o gas, pero no es \u201ccero impacto\u201d. La Asociaci\u00f3n Internacional de la Hidroel\u00e9ctrica (<a href=\"https:\/\/www.hydropower.org\/sediment-management-case-studies\/ethiopia-grand-ethiopian-renaissance-dam-gerd\" target=\"_blank\" rel=\"noreferrer noopener\">IHA<\/a>) explica que el GERD est\u00e1 dise\u00f1ado para atrapar el equivalente a 100 a\u00f1os de sedimentos, aunque advierte de que la degradaci\u00f3n del suelo y la falta de datos pueden aumentar la carga real. El sedimento es parte del \u201calimento\u201d del r\u00edo y su retenci\u00f3n cambia c\u00f3mo se comporta aguas abajo.<\/p>\n\n\n\n<p>El tama\u00f1o del embalse trae otra cuesti\u00f3n pr\u00e1ctica (la evaporaci\u00f3n). Un an\u00e1lisis del Instituto Alem\u00e1n de Desarrollo (IDOS) recuerda que almacenar agua en una l\u00e1mina de unos 1.800 km\u00b2 implica p\u00e9rdidas por evaporaci\u00f3n y filtraciones, por eso insiste en la cooperaci\u00f3n para evitar da\u00f1os significativos r\u00edo abajo. Estudios sobre gesti\u00f3n colaborativa del GERD llegan a la misma idea, con reglas y datos compartidos.<\/p>\n\n\n\n<p>Tambi\u00e9n conviene mirar la huella clim\u00e1tica completa. La IHA cita una mediana de 24 gCO2-eq por kWh para la hidroelectricidad en su ciclo de vida (frente a 490 gCO2-eq por kWh del gas), pero los embalses pueden emitir metano, sobre todo en zonas c\u00e1lidas. Un estudio en Nature estima que lagos y embalses aportan en conjunto alrededor del 10% del metano global, as\u00ed que la gesti\u00f3n del embalse y su cuenca importa m\u00e1s de lo que parece.<\/p>\n\n\n\n<h2 class=\"wp-block-heading\">Sequ\u00edas y crecidas, la prueba de fuego<\/h2>\n\n\n\n<p>El momento m\u00e1s delicado llega cuando el cielo no coopera. En octubre de 2025, Reuters cont\u00f3 c\u00f3mo una crecida tard\u00eda reaviv\u00f3 el choque, con Egipto acusando a Etiop\u00eda de cambios bruscos y no anunciados en los desembalses, y Etiop\u00eda rechazando esas cr\u00edticas. Sin protocolo, cada episodio extremo se convierte en un pulso pol\u00edtico.<\/p>\n\n\n\n<p>Aqu\u00ed es donde la presa pasa de ser un proyecto energ\u00e9tico a ser un test de gobernanza del agua. La literatura cient\u00edfica sobre el GERD insiste en que la coordinaci\u00f3n puede minimizar da\u00f1os y repartir beneficios, pero necesita intercambio de datos y reglas claras entre pa\u00edses ribere\u00f1os. En el fondo, es confianza convertida en tablas de caudales.<\/p>\n\n\n\n<p>Para quien sigue el tema desde el ecologismo, el \u201cqu\u00e9 mirar\u201d es bastante terrenal. Transparencia en las cifras de agua liberada, planes de cuenca para frenar erosi\u00f3n y sedimentos, y una red el\u00e9ctrica que llegue a zonas rurales para sustituir carb\u00f3n vegetal y di\u00e9sel. Si esas piezas encajan, la presa puede ser parte de la transici\u00f3n, no un nuevo foco de conflicto.<\/p>\n\n\n\n<p>El comunicado oficial sobre la inauguraci\u00f3n del 9 de septiembre de 2025 ha sido publicado por <a href=\"https:\/\/www.eep.com.et\/?news=the-inauguration-of-the-grand-ethiopian-renaissance-dam-gerd-on-september-9-2025-marks-a-monumental-day-not-just-for-ethiopia-but-for-the-entire-african-continent\" target=\"_blank\" rel=\"noopener\"><em>Ethiopian Electric Power<\/em><\/a>.<\/p>\n","protected":false},"excerpt":{"rendered":"<p>El 9 de septiembre de 2025, Etiop\u00eda inaugur\u00f3 oficialmente la Gran Presa del Renacimiento (GERD), hoy la mayor hidroel\u00e9ctrica de &#8230; <\/p>\n<p class=\"read-more-container\"><a title=\"Despu\u00e9s de 15 a\u00f1os y un conflicto internacional ya est\u00e1 en marcha la Gran Presa del Renacimiento, la hidroel\u00e9ctrica que genera 5150 MW sobre el Nilo Azul\" class=\"read-more button\" href=\"https:\/\/www.ecoticias.com\/hoyeco\/despues-de-15-anos-y-un-conflicto-internacional-ya-esta-en-marcha-la-gran-presa-del-renacimiento-la-hidroelectrica-que-genera-5150-mw-sobre-el-nilo-azul\/35546\/#more-35546\" aria-label=\"Leer m\u00e1s sobre Despu\u00e9s de 15 a\u00f1os y un conflicto internacional ya est\u00e1 en marcha la Gran Presa del Renacimiento, la hidroel\u00e9ctrica que genera 5150 MW sobre el Nilo Azul\">Read more<\/a><\/p>\n","protected":false},"author":17,"featured_media":35547,"comment_status":"open","ping_status":"","sticky":false,"template":"","format":"standard","meta":{"footnotes":""},"categories":[5],"tags":[],"class_list":["post-35546","post","type-post","status-publish","format-standard","has-post-thumbnail","hentry","category-energia","resize-featured-image"],"_links":{"self":[{"href":"https:\/\/www.ecoticias.com\/hoyeco\/wp-json\/wp\/v2\/posts\/35546","targetHints":{"allow":["GET"]}}],"collection":[{"href":"https:\/\/www.ecoticias.com\/hoyeco\/wp-json\/wp\/v2\/posts"}],"about":[{"href":"https:\/\/www.ecoticias.com\/hoyeco\/wp-json\/wp\/v2\/types\/post"}],"author":[{"embeddable":true,"href":"https:\/\/www.ecoticias.com\/hoyeco\/wp-json\/wp\/v2\/users\/17"}],"replies":[{"embeddable":true,"href":"https:\/\/www.ecoticias.com\/hoyeco\/wp-json\/wp\/v2\/comments?post=35546"}],"version-history":[{"count":1,"href":"https:\/\/www.ecoticias.com\/hoyeco\/wp-json\/wp\/v2\/posts\/35546\/revisions"}],"predecessor-version":[{"id":35548,"href":"https:\/\/www.ecoticias.com\/hoyeco\/wp-json\/wp\/v2\/posts\/35546\/revisions\/35548"}],"wp:featuredmedia":[{"embeddable":true,"href":"https:\/\/www.ecoticias.com\/hoyeco\/wp-json\/wp\/v2\/media\/35547"}],"wp:attachment":[{"href":"https:\/\/www.ecoticias.com\/hoyeco\/wp-json\/wp\/v2\/media?parent=35546"}],"wp:term":[{"taxonomy":"category","embeddable":true,"href":"https:\/\/www.ecoticias.com\/hoyeco\/wp-json\/wp\/v2\/categories?post=35546"},{"taxonomy":"post_tag","embeddable":true,"href":"https:\/\/www.ecoticias.com\/hoyeco\/wp-json\/wp\/v2\/tags?post=35546"}],"curies":[{"name":"wp","href":"https:\/\/api.w.org\/{rel}","templated":true}]}}