{"id":35549,"date":"2026-05-01T09:46:00","date_gmt":"2026-05-01T07:46:00","guid":{"rendered":"https:\/\/www.ecoticias.com\/hoyeco\/?p=35549"},"modified":"2026-04-29T16:05:32","modified_gmt":"2026-04-29T14:05:32","slug":"en-espana-casi-nadie-lo-conoce-pero-el-embalse-de-alcantara-con-capacidad-3162-hm3-es-un-ejemplo-energetico-en-todo-el-mundo","status":"publish","type":"post","link":"https:\/\/www.ecoticias.com\/hoyeco\/en-espana-casi-nadie-lo-conoce-pero-el-embalse-de-alcantara-con-capacidad-3162-hm3-es-un-ejemplo-energetico-en-todo-el-mundo\/35549\/","title":{"rendered":"En Espa\u00f1a casi nadie lo conoce pero el embalse de Alc\u00e1ntara, con capacidad 3162 hm3, es un ejemplo energ\u00e9tico en todo el mundo"},"content":{"rendered":"\n<p>La transici\u00f3n energ\u00e9tica no va solo de poner m\u00e1s placas y m\u00e1s aerogeneradores. Tambi\u00e9n va de lograr que, cuando el sol cae o el viento cambia, la electricidad siga llegando con normalidad a casa, al metro o a una f\u00e1brica, sin sustos en la factura. Y eso exige <a href=\"https:\/\/www.ecoticias.com\/hoyeco\/el-gobierno-lo-confirma-espana-va-a-transformar-una-pequena-presa-en-una-megabateria-de-280-mw-clave-en-los-apagones\/35092\/\">flexibilidad<\/a>.<\/p>\n\n\n\n<p>En ese juego, el embalse de Alc\u00e1ntara, en la provincia de C\u00e1ceres, lleva a\u00f1os siendo una pieza clave. All\u00ed se levanta la central hidroel\u00e9ctrica Jos\u00e9 Mar\u00eda de Oriol, con 957 MW de potencia instalada, apoyada en un embalse de 3.162 hect\u00f3metros c\u00fabicos que funciona como un gran almac\u00e9n de energ\u00eda en forma de agua.<\/p>\n\n\n\n<h2 class=\"wp-block-heading\">Un embalse enorme y una central que puede aportar potencia<\/h2>\n\n\n\n<p>La central Jos\u00e9 Mar\u00eda de Oriol est\u00e1 situada sobre el r\u00edo Tajo y es conocida como la central de Alc\u00e1ntara por su cercan\u00eda al municipio del mismo nombre. En su entorno confluyen tambi\u00e9n las aportaciones del Alag\u00f3n y el Ti\u00e9tar, dos afluentes que terminan sum\u00e1ndose al caudal del Tajo.<\/p>\n\n\n\n<p>Las cifras ayudan a ponerlo en perspectiva sin adornos. El embalse de Alc\u00e1ntara II alcanza los 3.162 <a href=\"https:\/\/dle.rae.es\/hect%C3%B3metro\" target=\"_blank\" rel=\"noopener\">hect\u00f3metros<\/a> c\u00fabicos y se extiende unos 91 kil\u00f3metros, una escala que explica por qu\u00e9 se considera estrat\u00e9gica para el sistema hidroel\u00e9ctrico de la zona.<\/p>\n\n\n\n<p>La infraestructura no est\u00e1 pensada solo para producir. La presa cuenta con aliviaderos y desag\u00fces de fondo, y los aliviaderos de superficie suman una capacidad conjunta de 12.000 metros c\u00fabicos por segundo, un detalle t\u00e9cnico que conecta con algo muy pr\u00e1ctico, gestionar crecidas tambi\u00e9n forma parte del trabajo.<\/p>\n\n\n\n<h2 class=\"wp-block-heading\">Por qu\u00e9 la hidr\u00e1ulica sigue importando en un mix cada vez m\u00e1s renovable<\/h2>\n\n\n\n<p>En 2025, Espa\u00f1a produjo m\u00e1s de la mitad de su electricidad con recurso renovable. Red El\u00e9ctrica sit\u00faa esa cuota en el 55,5% a nivel nacional, y la eleva al 56,6% si se incorpora la estimaci\u00f3n de autoconsumo, con una demanda que adem\u00e1s creci\u00f3 un 2,8% hasta 256 TWh.<\/p>\n\n\n\n<p>Cuando hay m\u00e1s solar y m\u00e1s e\u00f3lica, la <a href=\"https:\/\/www.ecoticias.com\/hoyeco\/espana-activa-el-gran-proyecto-de-interconexion-electrica-con-dos-cables-submarinos-gigantes-que-uniran-la-peninsula-con-italia\/35246\/\">red<\/a> necesita herramientas que reaccionen r\u00e1pido. \u00bfQu\u00e9 pasa cuando atardece y las placas bajan, pero el consumo sigue? La hidr\u00e1ulica aporta esa capacidad de ajuste, aunque su peso cambie con las lluvias, y eso se nota.<\/p>\n\n\n\n<p>Los datos del mismo informe muestran por d\u00f3nde van las necesidades del sistema. En 2025, la potencia instalada de <a href=\"https:\/\/www.sistemaelectrico-ree.es\/es\/informe-del-sistema-electrico\/potencia-instalada\" target=\"_blank\" rel=\"noopener\">almacenamiento<\/a> se situ\u00f3 en 3.427 MW, de los cuales 3.331 MW correspond\u00edan a turbinaci\u00f3n de bombeo y 96 MW a <a href=\"https:\/\/www.ecoticias.com\/hoyeco\/espana-disena-la-mayor-bateria-de-europa-para-la-produccion-de-hidrogeno-verde-con-mas-de-15-mwh-de-almacenamiento-prolongado-que-sirve-de-laboratorio-industrial\/34875\/\">bater\u00edas<\/a>, un reparto que explica por qu\u00e9 el bombeo sigue en el centro del debate.<\/p>\n\n\n\n<h2 class=\"wp-block-heading\">El bombeo reversible que quiere convertir dos embalses en almacenamiento<\/h2>\n\n\n\n<p>Aqu\u00ed entra el proyecto \u00abJos\u00e9 Mar\u00eda de Oriol II\u00bb, un esquema de bombeo reversible asociado a la presa. La idea es sencilla de imaginar, aunque la ingenier\u00eda sea compleja, usar electricidad en momentos de exceso para bombear agua hacia un embalse superior y recuperarla despu\u00e9s dejando caer el agua para generar.<\/p>\n\n\n\n<p>La declaraci\u00f3n de impacto ambiental publicada en el BOE describe un sistema con 440 MW de potencia instalada y 16 GWh de almacenamiento energ\u00e9tico. El dise\u00f1o utiliza dos <a href=\"https:\/\/www.ecoticias.com\/hoyeco\/los-10-embalses-gigantes-que-concentran-una-cuarta-parte-del-agua-obligan-a-abrir-compuertas\/33710\/\">embalses<\/a> de almacenamiento, Alc\u00e1ntara II como dep\u00f3sito superior y Cedillo como inferior, ambos alimentados de manera natural.<\/p>\n\n\n\n<p>El documento detalla dos grupos equipados con turbina bomba reversible de 220 MW cada uno y una l\u00ednea el\u00e9ctrica subterr\u00e1nea de doble circuito de 400 kV y 867 metros hasta la subestaci\u00f3n de Jos\u00e9 Mar\u00eda de Oriol, operada por Red El\u00e9ctrica. Tambi\u00e9n recoge una estimaci\u00f3n de ahorro de emisiones que evitar\u00eda alrededor de 355.000 toneladas de CO2 al a\u00f1o, un c\u00e1lculo ligado a la funci\u00f3n del bombeo para integrar renovables.<\/p>\n\n\n\n<h2 class=\"wp-block-heading\">La lupa ambiental sobre el Tajo y el Parque Natural Tajo Internacional<\/h2>\n\n\n\n<p>En la pr\u00e1ctica, cualquier cambio en la operaci\u00f3n de un gran embalse toca m\u00e1s piezas que la energ\u00eda. Por eso el proyecto pasa por evaluaci\u00f3n ambiental, con atenci\u00f3n a los efectos de las variaciones de nivel y a los h\u00e1bitats vinculados al r\u00edo, en un tramo donde el Tajo tambi\u00e9n tiene valor natural y protegido.<\/p>\n\n\n\n<p>La resoluci\u00f3n del BOE menciona campa\u00f1as de inventario y delimita un \u00e1mbito de estudio relacionado con el Parque Natural Tajo <a href=\"https:\/\/www.juntaex.es\/w\/parque-natural-tajo-internacional?inheritRedirect=true\" target=\"_blank\" rel=\"noopener\">Internacional<\/a>. Tambi\u00e9n fija zonas de an\u00e1lisis aguas abajo de la presa y alrededor del eje del r\u00edo para evaluar c\u00f3mo pueden influir las oscilaciones del agua, una forma de decir que aqu\u00ed no vale fiarlo todo a suposiciones.<\/p>\n\n\n\n<p>Hay otro punto que suele quedar fuera de la conversaci\u00f3n cotidiana. El BOE aclara que el cese y desmantelamiento de la instalaci\u00f3n no se incluye en este procedimiento y que deber\u00e1 abordarse en el futuro con un proyecto espec\u00edfico, con retirada de elementos, gesti\u00f3n de residuos y restauraci\u00f3n del terreno.<\/p>\n\n\n\n<h2 class=\"wp-block-heading\">Qu\u00e9 puede cambiar para el sistema y qu\u00e9 conviene no olvidar<\/h2>\n\n\n\n<p>Si el bombeo reversible avanza, el beneficio esperado es sobre todo de flexibilidad. Ayuda a aprovechar excedentes renovables y a cubrir horas complicadas, esas en las que la <a href=\"https:\/\/www.ecoticias.com\/hoyeco\/los-centros-de-datos-estan-en-peligro-en-2026-no-hay-energia-suficiente-para-alimentarlos-y-se-necesita-una-inversion-urgente-de-650-000-millones-de-dolares\/35264\/\">demanda<\/a> sube y la generaci\u00f3n solar baja, algo que se traduce en estabilidad para el usuario final, aunque no sea una promesa autom\u00e1tica de factura m\u00e1s barata.<\/p>\n\n\n\n<p>A la vez, conviene no perder de vista el condicionante principal, el agua. La hidr\u00e1ulica depende de la disponibilidad h\u00eddrica y de c\u00f3mo se gestione una cuenca con muchas demandas y sensibilidades, as\u00ed que la planificaci\u00f3n energ\u00e9tica y la ambiental tienen que ir de la mano, especialmente en el Tajo.<\/p>\n\n\n\n<p>Y un \u00faltimo matiz. El documento oficial habla de un proyecto y de estimaciones, no de un resultado garantizado, y su desarrollo real depender\u00e1 de permisos, condiciones y operaci\u00f3n final del sistema el\u00e9ctrico. El marco t\u00e9cnico est\u00e1 sobre la mesa, ahora toca ver c\u00f3mo se materializa.<\/p>\n\n\n\n<p>La declaraci\u00f3n de impacto ambiental del proyecto se ha publicado en el <a href=\"https:\/\/www.boe.es\/diario_boe\/txt.php?id=BOE-A-2024-19882\" target=\"_blank\" rel=\"noopener\"><em>Bolet\u00edn Oficial del Estado<\/em><\/a>.<\/p>\n","protected":false},"excerpt":{"rendered":"<p>La transici\u00f3n energ\u00e9tica no va solo de poner m\u00e1s placas y m\u00e1s aerogeneradores. Tambi\u00e9n va de lograr que, cuando el &#8230; <\/p>\n<p class=\"read-more-container\"><a title=\"En Espa\u00f1a casi nadie lo conoce pero el embalse de Alc\u00e1ntara, con capacidad 3162 hm3, es un ejemplo energ\u00e9tico en todo el mundo\" class=\"read-more button\" href=\"https:\/\/www.ecoticias.com\/hoyeco\/en-espana-casi-nadie-lo-conoce-pero-el-embalse-de-alcantara-con-capacidad-3162-hm3-es-un-ejemplo-energetico-en-todo-el-mundo\/35549\/#more-35549\" aria-label=\"Leer m\u00e1s sobre En Espa\u00f1a casi nadie lo conoce pero el embalse de Alc\u00e1ntara, con capacidad 3162 hm3, es un ejemplo energ\u00e9tico en todo el mundo\">Read more<\/a><\/p>\n","protected":false},"author":21,"featured_media":35550,"comment_status":"open","ping_status":"","sticky":false,"template":"","format":"standard","meta":{"footnotes":""},"categories":[5],"tags":[],"class_list":["post-35549","post","type-post","status-publish","format-standard","has-post-thumbnail","hentry","category-energia","resize-featured-image"],"_links":{"self":[{"href":"https:\/\/www.ecoticias.com\/hoyeco\/wp-json\/wp\/v2\/posts\/35549","targetHints":{"allow":["GET"]}}],"collection":[{"href":"https:\/\/www.ecoticias.com\/hoyeco\/wp-json\/wp\/v2\/posts"}],"about":[{"href":"https:\/\/www.ecoticias.com\/hoyeco\/wp-json\/wp\/v2\/types\/post"}],"author":[{"embeddable":true,"href":"https:\/\/www.ecoticias.com\/hoyeco\/wp-json\/wp\/v2\/users\/21"}],"replies":[{"embeddable":true,"href":"https:\/\/www.ecoticias.com\/hoyeco\/wp-json\/wp\/v2\/comments?post=35549"}],"version-history":[{"count":1,"href":"https:\/\/www.ecoticias.com\/hoyeco\/wp-json\/wp\/v2\/posts\/35549\/revisions"}],"predecessor-version":[{"id":35551,"href":"https:\/\/www.ecoticias.com\/hoyeco\/wp-json\/wp\/v2\/posts\/35549\/revisions\/35551"}],"wp:featuredmedia":[{"embeddable":true,"href":"https:\/\/www.ecoticias.com\/hoyeco\/wp-json\/wp\/v2\/media\/35550"}],"wp:attachment":[{"href":"https:\/\/www.ecoticias.com\/hoyeco\/wp-json\/wp\/v2\/media?parent=35549"}],"wp:term":[{"taxonomy":"category","embeddable":true,"href":"https:\/\/www.ecoticias.com\/hoyeco\/wp-json\/wp\/v2\/categories?post=35549"},{"taxonomy":"post_tag","embeddable":true,"href":"https:\/\/www.ecoticias.com\/hoyeco\/wp-json\/wp\/v2\/tags?post=35549"}],"curies":[{"name":"wp","href":"https:\/\/api.w.org\/{rel}","templated":true}]}}