{"id":3603,"date":"2024-03-02T16:30:12","date_gmt":"2024-03-02T15:30:12","guid":{"rendered":"https:\/\/ecoticias.com\/hoyeco\/?p=3603"},"modified":"2024-03-02T16:30:12","modified_gmt":"2024-03-02T15:30:12","slug":"tibet-espanol-centro-budista","status":"publish","type":"post","link":"https:\/\/www.ecoticias.com\/hoyeco\/tibet-espanol-centro-budista\/3603\/","title":{"rendered":"Este es el t\u00edbet espa\u00f1ol que puedes visitar: en medio de la pen\u00ednsula y con sus propios monjes tibetanos"},"content":{"rendered":"<p>Este monasterio o tambi\u00e9n llamado <strong>t\u00edbet espa\u00f1ol<\/strong>, sumergido en la completa serenidad y encanto, se forma como un refugio espiritual en las inmediaciones de Graus. Rodeado por la belleza natural de La Ribagorza de Huesca, este lugar sagrado invita a los seguidores del Budismo Tibetano en Espa\u00f1a a sumergirse en la paz contemplativa que emana de sus muros centenarios.<\/p>\n<h2>Conoce todos los encantadores detalles de este t\u00edbet espa\u00f1ol<\/h2>\n<p>La diversidad cultural y espiritual se entrelaza en este <strong>t\u00edbet espa\u00f1ol<\/strong>, donde monjes y lamas, con sus variadas experiencias y tradiciones, <strong>se encuentran en busca de un retiro espiritual ocasional<\/strong>. Los jardines meticulosamente cuidados sirven como oasis de serenidad, con senderos que invitan a la contemplaci\u00f3n, un lugar que no podr\u00e1s perderte.<\/p>\n<p>Este sitio se ha convertido en uno de los destinos m\u00e1s visitados por aquellos que buscan una conexi\u00f3n espiritual, atrayendo tanto a practicantes budistas como a aquellos en busca de un poco de tranquilidad. La comunidad local tambi\u00e9n ha abrazado la presencia del monasterio, reconociendo su contribuci\u00f3n a la diversidad cultural y espiritual de la regi\u00f3n. En definitiva, este monasterio cerca de Graus se erige como un <strong>faro de espiritualidad que ilumina tanto a lugare\u00f1os como a visitantes en su b\u00fasqueda de paz interior<\/strong> y conexi\u00f3n con lo divino.<\/p>\n<h2>Una arquitectura que te llevar\u00e1 por un camino de paz: estas son algunas de sus caracter\u00edsticas<\/h2>\n<p>La parte m\u00e1s peque\u00f1a del Dag Shang Kagyu en Pasillo es su zona p\u00fablica, accesible a trav\u00e9s de una impresionante puerta monumental. <a href=\"https:\/\/ecoticias.com\/hoyeco\/tunel-centro-de-la-tierra-mina-riotinto\/3256\/\" target=\"_blank\" rel=\"noopener\">Este espacio acoge a turistas<\/a>, brind\u00e1ndoles la oportunidad de explorar y conocer el recinto de manera f\u00e1cilmente accesible. Sin embargo, el lugar cuenta con otra secci\u00f3n m\u00e1s extensa y reservada que est\u00e1 claramente diferenciada de la zona p\u00fablica.<\/p>\n<p>Tras el breve ascenso desde la zona p\u00fablica, se llega al \u00e1rea que alberga las estupas y el templo en el Dag Shang Kagyu. Sin embargo, la verdadera amplitud se revela en <strong>un espacio \u00edntimo que se extiende hasta 100 hect\u00e1reas a lo largo de la ladera<\/strong>. Este vasto terreno es hogar de voluntarios, monjes y lamas, incluyendo aquellos que fueron ordenados aqu\u00ed, as\u00ed como otros que llegaron de lugares tan lejanos como But\u00e1n o T\u00edbet espa\u00f1ol. Este rinc\u00f3n m\u00e1s amplio permite una convivencia enriquecedora de diversas comunidades espirituales.<\/p>\n<p>En este extenso terreno, se encuentran viviendas que var\u00edan desde individuales hasta aquellas con varias habitaciones, e incluso se dispone de una zona de acampada. La zaragozana Laurel, quien inicialmente lleg\u00f3 como voluntaria, explica que estas instalaciones <strong>no tienen la intenci\u00f3n de funcionar como un establecimiento hostelero convencional<\/strong> abierto al p\u00fablico en general: \u00abEstas estancias solo est\u00e1n disponibles para practicantes de meditaci\u00f3n que quieran hacer retiros o participen en nuestros seminarios\u00bb.<\/p>\n<h2>\u00bfC\u00f3mo se cre\u00f3 este sagrado espacio cultural?<\/h2>\n<p>Tras un grato encuentro entre Mireia Vi\u00f1es y el maestro Kyabje Kalu Rinpoch\u00e9 que viajaba para bendecir el monasterio budista de Dag Shang Kagyu, la mujer se maravill\u00f3 con la cultura. \u00abFue un enamoramiento. No f\u00edsico, ya que era un venerable anciano. Algo espiritual. Gracias a \u00e9l supe el camino que deb\u00eda seguir\u00bb, asegur\u00f3 Vi\u00f1es, casi 40 a\u00f1os despu\u00e9s, <strong>siendo ahora una de las fundadoras de DSK<\/strong> de Panillo.<\/p>\n<p>\u00abCuando llegamos no hab\u00eda ni agua, ni luz, ni nada. Solo la ruinosa Casa Jabonero. Pero <strong>la transformamos en vivienda de la comunidad inicial<\/strong>\u00ab, record\u00f3, mientras agregaba que, con el transcurso del tiempo, el esfuerzo dedicado y las generosas donaciones, el t\u00edbet ha evolucionado para convertirse en el albergue y comedor central del Dag Shang Kagyu en Pasillo.<\/p>\n<p><span class=\"selectable-text copyable-text\">Es as\u00ed como este especial y espiritual templo te invita a un <a href=\"https:\/\/ecoticias.com\/hoyeco\/espana-tambien-tiene-piramides\/3053\/\" target=\"_blank\" rel=\"noopener\">cautivador recorrido por su recinto<\/a>, adem\u00e1s de una serie de actividades para relajarte y conectar con tu lado espiritual, \u00bfQu\u00e9 est\u00e1s esperando para visitarlo? <\/span><\/p>\n","protected":false},"excerpt":{"rendered":"<p>Este monasterio o tambi\u00e9n llamado t\u00edbet espa\u00f1ol, sumergido en la completa serenidad y encanto, se forma como un refugio espiritual &#8230; <\/p>\n<p class=\"read-more-container\"><a title=\"Este es el t\u00edbet espa\u00f1ol que puedes visitar: en medio de la pen\u00ednsula y con sus propios monjes tibetanos\" class=\"read-more button\" href=\"https:\/\/www.ecoticias.com\/hoyeco\/tibet-espanol-centro-budista\/3603\/#more-3603\" aria-label=\"Leer m\u00e1s sobre Este es el t\u00edbet espa\u00f1ol que puedes visitar: en medio de la pen\u00ednsula y con sus propios monjes tibetanos\">Read more<\/a><\/p>\n","protected":false},"author":4,"featured_media":3621,"comment_status":"closed","ping_status":"closed","sticky":false,"template":"","format":"standard","meta":{"footnotes":""},"categories":[2],"tags":[],"class_list":["post-3603","post","type-post","status-publish","format-standard","has-post-thumbnail","hentry","category-actualidad","resize-featured-image"],"_links":{"self":[{"href":"https:\/\/www.ecoticias.com\/hoyeco\/wp-json\/wp\/v2\/posts\/3603","targetHints":{"allow":["GET"]}}],"collection":[{"href":"https:\/\/www.ecoticias.com\/hoyeco\/wp-json\/wp\/v2\/posts"}],"about":[{"href":"https:\/\/www.ecoticias.com\/hoyeco\/wp-json\/wp\/v2\/types\/post"}],"author":[{"embeddable":true,"href":"https:\/\/www.ecoticias.com\/hoyeco\/wp-json\/wp\/v2\/users\/4"}],"replies":[{"embeddable":true,"href":"https:\/\/www.ecoticias.com\/hoyeco\/wp-json\/wp\/v2\/comments?post=3603"}],"version-history":[{"count":0,"href":"https:\/\/www.ecoticias.com\/hoyeco\/wp-json\/wp\/v2\/posts\/3603\/revisions"}],"wp:featuredmedia":[{"embeddable":true,"href":"https:\/\/www.ecoticias.com\/hoyeco\/wp-json\/wp\/v2\/media\/3621"}],"wp:attachment":[{"href":"https:\/\/www.ecoticias.com\/hoyeco\/wp-json\/wp\/v2\/media?parent=3603"}],"wp:term":[{"taxonomy":"category","embeddable":true,"href":"https:\/\/www.ecoticias.com\/hoyeco\/wp-json\/wp\/v2\/categories?post=3603"},{"taxonomy":"post_tag","embeddable":true,"href":"https:\/\/www.ecoticias.com\/hoyeco\/wp-json\/wp\/v2\/tags?post=3603"}],"curies":[{"name":"wp","href":"https:\/\/api.w.org\/{rel}","templated":true}]}}