{"id":37336,"date":"2026-07-11T08:03:00","date_gmt":"2026-07-11T06:03:00","guid":{"rendered":"https:\/\/www.ecoticias.com\/hoyeco\/?p=37336"},"modified":"2026-07-09T12:41:52","modified_gmt":"2026-07-09T10:41:52","slug":"la-nasa-da-por-perdida-su-sonda-maven-en-marte-tras-11-anos-y-mas-de-800-estudios-seis-meses-de-silencio-sellan-su-final","status":"publish","type":"post","link":"https:\/\/www.ecoticias.com\/hoyeco\/la-nasa-da-por-perdida-su-sonda-maven-en-marte-tras-11-anos-y-mas-de-800-estudios-seis-meses-de-silencio-sellan-su-final\/37336\/","title":{"rendered":"La NASA da por perdida su sonda MAVEN en Marte: tras 11 a\u00f1os y m\u00e1s de 800 estudios, seis meses de silencio sellan su final"},"content":{"rendered":"\n<p class=\"wp-block-paragraph\">La NASA ha cerrado oficialmente la misi\u00f3n <a href=\"https:\/\/science.nasa.gov\/mission\/maven\/\" target=\"_blank\" rel=\"noreferrer noopener\">MAVEN<\/a>, la nave que durante m\u00e1s de once a\u00f1os observ\u00f3 desde la \u00f3rbita de Marte c\u00f3mo el planeta rojo fue perdiendo parte de su atm\u00f3sfera. La decisi\u00f3n lleg\u00f3 el 3 de junio de 2026, casi seis meses despu\u00e9s de que la sonda dejara de comunicarse con la Tierra el 6 de diciembre de 2025.<\/p>\n\n\n\n<p class=\"wp-block-paragraph\">No se trata solo de una nave que ha dejado de responder. MAVEN fue una pieza clave para entender por qu\u00e9 Marte, que en el pasado pudo tener <a href=\"https:\/\/www.ecoticias.com\/hoyeco\/la-nasa-explora-la-superficie-de-marte-y-encuentra-vestigios-de-unos-escudos-de-hielo-con-3-600-millones-de-anos\/33438\/\" target=\"_blank\" rel=\"noreferrer noopener\">agua l\u00edquida<\/a> en superficie, termin\u00f3 convertido en un mundo fr\u00edo, seco y con una atm\u00f3sfera muy d\u00e9bil. \u00bfQu\u00e9 significa esto en la pr\u00e1ctica? Que sus datos seguir\u00e1n hablando aunque la sonda ya no pueda hacerlo.<\/p>\n\n\n\n<h2 class=\"wp-block-heading\">El \u00faltimo silencio de MAVEN<\/h2>\n\n\n\n<p class=\"wp-block-paragraph\">La nave se lanz\u00f3 en noviembre de 2013 y entr\u00f3 en \u00f3rbita marciana en septiembre de 2014. Su misi\u00f3n principal deb\u00eda durar un a\u00f1o, pero acab\u00f3 trabajando m\u00e1s de una d\u00e9cada extra, algo nada menor cuando se habla de una m\u00e1quina expuesta al fr\u00edo, la radiaci\u00f3n y la soledad de Marte.<\/p>\n\n\n\n<p class=\"wp-block-paragraph\">El problema lleg\u00f3 despu\u00e9s de que MAVEN pasara por detr\u00e1s de Marte. Antes de ese momento, la telemetr\u00eda indicaba que sus sistemas funcionaban con normalidad, pero al reaparecer del otro lado del planeta, la <a href=\"https:\/\/science.nasa.gov\/blogs\/maven\/2025\/12\/09\/nasa-teams-work-maven-spacecraft-signal-loss\/\" target=\"_blank\" rel=\"noreferrer noopener\">Red de Espacio Profundo<\/a> de la NASA ya no detect\u00f3 se\u00f1al. Ah\u00ed empez\u00f3 una b\u00fasqueda larga, y tambi\u00e9n inc\u00f3moda.<\/p>\n\n\n\n<p class=\"wp-block-paragraph\">Seg\u00fan la NASA, un fragmento breve de datos mostr\u00f3 que la sonda hab\u00eda entrado en modo seguro y giraba a una velocidad inusualmente alta. Esa rotaci\u00f3n habr\u00eda alterado su trayectoria, agotado sus bater\u00edas y dejado sin energ\u00eda al sistema de comunicaciones. La causa exacta de la anomal\u00eda todav\u00eda se investiga.<\/p>\n\n\n\n<h2 class=\"wp-block-heading\">Qu\u00e9 estudiaba en Marte<\/h2>\n\n\n\n<p class=\"wp-block-paragraph\">MAVEN significa Mars Atmosphere and Volatile Evolution. Dicho de forma m\u00e1s sencilla, era una misi\u00f3n dedicada a estudiar la atm\u00f3sfera superior de Marte, su ionosfera y la manera en que el Sol la golpea d\u00eda tras d\u00eda con part\u00edculas y radiaci\u00f3n.<\/p>\n\n\n\n<p class=\"wp-block-paragraph\">La pregunta de fondo era muy grande. Si Marte tuvo r\u00edos, lagos o agua l\u00edquida hace miles de millones de a\u00f1os, \u00bfd\u00f3nde fue a parar aquella atm\u00f3sfera m\u00e1s densa que habr\u00eda ayudado a mantener ese ambiente? MAVEN no dio una respuesta m\u00e1gica, pero s\u00ed aport\u00f3 piezas muy importantes del puzle.<\/p>\n\n\n\n<p class=\"wp-block-paragraph\">Una de ellas fue mostrar que el viento solar puede arrancar gases de la atm\u00f3sfera marciana, y que ese proceso se intensifica durante las <a href=\"https:\/\/www.ecoticias.com\/hoyeco\/la-nasa-y-la-esa-coinciden-y-confirman-que-marte-acumula-la-mayor-radiacion-de-la-historia-por-una-tormenta-solar-nunca-antes-vista\/34732\/\" target=\"_blank\" rel=\"noreferrer noopener\">tormentas solares<\/a>. En 2015, la NASA explic\u00f3 que MAVEN hab\u00eda medido una p\u00e9rdida actual de gas de unos 100 gramos por segundo, una cifra peque\u00f1a al o\u00eddo, pero enorme si se acumula durante millones de a\u00f1os.<\/p>\n\n\n\n<h2 class=\"wp-block-heading\">El Sol tambi\u00e9n cambia planetas<\/h2>\n\n\n\n<p class=\"wp-block-paragraph\">En la Tierra estamos acostumbrados a hablar del clima pensando en nubes, lluvias o calor pegajoso en verano. En Marte, la historia es otra, porque el planeta perdi\u00f3 su campo magn\u00e9tico global hace much\u00edsimo tiempo y qued\u00f3 mucho m\u00e1s expuesto al Sol.<\/p>\n\n\n\n<p class=\"wp-block-paragraph\">Ese detalle es clave. Sin una protecci\u00f3n magn\u00e9tica fuerte, las part\u00edculas solares pueden interactuar de forma m\u00e1s directa con las capas altas de la atm\u00f3sfera. Poco a poco, como quien va vaciando una bolsa grano a grano, parte de esos gases pueden escapar al espacio.<\/p>\n\n\n\n<p class=\"wp-block-paragraph\">MAVEN tambi\u00e9n estudi\u00f3 auroras marcianas. En la Tierra suelen verse cerca de los polos, pero en Marte las auroras de protones pueden darse de forma mucho m\u00e1s extendida. La propia NASA explic\u00f3 que este fen\u00f3meno demuestra que el viento solar no queda completamente desviado alrededor del planeta.<\/p>\n\n\n\n<h2 class=\"wp-block-heading\">Agua, polvo y atm\u00f3sfera<\/h2>\n\n\n\n<p class=\"wp-block-paragraph\">Otro de los grandes hallazgos tuvo que ver con el llamado \u201csputtering atmosf\u00e9rico\u201d. Es un proceso en el que part\u00edculas energ\u00e9ticas chocan contra la atm\u00f3sfera y expulsan \u00e1tomos o mol\u00e9culas hacia el espacio. Suena t\u00e9cnico, pero la idea es bastante simple: un impacto puede hacer saltar material fuera del planeta.<\/p>\n\n\n\n<p class=\"wp-block-paragraph\">En 2025, MAVEN logr\u00f3 observar directamente este proceso en Marte por primera vez en un planeta. La misi\u00f3n utiliz\u00f3 datos de arg\u00f3n para ver c\u00f3mo ese gas aparec\u00eda a grandes alturas justo donde las part\u00edculas energ\u00e9ticas golpeaban la atm\u00f3sfera. Seg\u00fan la NASA, este resultado ayuda a explicar la historia de la p\u00e9rdida de agua marciana.<\/p>\n\n\n\n<p class=\"wp-block-paragraph\">La sonda tambi\u00e9n observ\u00f3 los efectos de la gran <a href=\"https:\/\/www.ecoticias.com\/hoyeco\/los-cientificos-detectan-que-una-tormenta-aislada-inyecto-vapor-de-agua-hasta-80-km-de-altura-y-eso-podria-haber-acelerado-la-desecacion-de-marte\/33541\/\" target=\"_blank\" rel=\"noreferrer noopener\">tormenta global de polvo<\/a> de 2018. Estas tormentas pueden calentar la atm\u00f3sfera y elevar mol\u00e9culas de agua a zonas m\u00e1s altas de lo habitual, donde es m\u00e1s f\u00e1cil que terminen escapando al espacio. El reloj geol\u00f3gico corre despacio, pero corre.<\/p>\n\n\n\n<h2 class=\"wp-block-heading\">Un archivo que seguir\u00e1 vivo<\/h2>\n\n\n\n<p class=\"wp-block-paragraph\">Aunque MAVEN ya no funcione, su legado no se apaga. La NASA afirma que la misi\u00f3n produjo m\u00e1s de 800 publicaciones cient\u00edficas, y que se esperan m\u00e1s trabajos con los datos que dej\u00f3 almacenados para la comunidad cient\u00edfica.<\/p>\n\n\n\n<p class=\"wp-block-paragraph\">Louise Prockter, directora de la Divisi\u00f3n de Ciencia Planetaria de la NASA, resumi\u00f3 bien la importancia de la misi\u00f3n al se\u00f1alar que \u00ablos datos recopilados por MAVEN seguir\u00e1n proporcionando informaci\u00f3n valiosa sobre Marte durante d\u00e9cadas\u00bb. No es una frase de despedida vac\u00eda. Es una forma de recordar que muchas misiones espaciales siguen dando resultados mucho despu\u00e9s de perder la se\u00f1al.<\/p>\n\n\n\n<p class=\"wp-block-paragraph\">MAVEN tambi\u00e9n sirvi\u00f3 como enlace de comunicaciones para los <a href=\"https:\/\/www.ecoticias.com\/hoyeco\/la-nasa-revela-imagenes-alarmantes-del-rover-en-la-superficie-de-marte-y-ya-esta-trabajando-en-el-problema-para-ponerle-solucion-inmediata\/36767\/\" target=\"_blank\" rel=\"noreferrer noopener\">rovers<\/a> que trabajan en la superficie marciana. La NASA indica que otros orbitadores de la red marciana han asumido esa funci\u00f3n tras su p\u00e9rdida, por lo que las operaciones de exploraci\u00f3n contin\u00faan.<\/p>\n\n\n\n<h2 class=\"wp-block-heading\">Lo que queda por saber<\/h2>\n\n\n\n<p class=\"wp-block-paragraph\">La investigaci\u00f3n todav\u00eda no ha cerrado todas las preguntas. La NASA ha explicado que las conclusiones preliminares no determinan la causa ra\u00edz de la anomal\u00eda, y que el informe final de la junta de revisi\u00f3n se espera m\u00e1s adelante. Ese matiz importa. No todo silencio espacial tiene una explicaci\u00f3n inmediata.<\/p>\n\n\n\n<p class=\"wp-block-paragraph\">Mientras tanto, MAVEN quedar\u00e1 como una de las misiones m\u00e1s importantes para entender la evoluci\u00f3n ambiental de Marte. Ayud\u00f3 a conectar el Sol, la atm\u00f3sfera, el agua y la posible habitabilidad pasada de un <a href=\"https:\/\/www.ecoticias.com\/hoyeco\/la-nasa-descubre-una-formacion-oculta-que-podria-ser-la-cuna-de-la-vida-hubo-agua-durante-500-millones-de-anos\/34792\/\" target=\"_blank\" rel=\"noreferrer noopener\">planeta rojo<\/a> que hoy parece muerto, pero que guarda cicatrices de una historia mucho m\u00e1s h\u00fameda.<\/p>\n\n\n\n<p class=\"wp-block-paragraph\">El comunicado oficial ha sido publicado por la <a href=\"https:\/\/www.nasa.gov\/news-release\/nasa-says-farewell-to-maven-mars-mission-hosts-media-call-today\/\" target=\"_blank\" rel=\"noreferrer noopener\"><em>NASA<\/em><\/a>.<\/p>\n","protected":false},"excerpt":{"rendered":"<p>La NASA pone fin a la misi\u00f3n MAVEN tras seis meses sin contacto y cierra una de las exploraciones m\u00e1s importantes de Marte.<\/p>\n","protected":false},"author":19,"featured_media":37337,"comment_status":"closed","ping_status":"closed","sticky":false,"template":"","format":"standard","meta":{"footnotes":""},"categories":[8],"tags":[],"class_list":["post-37336","post","type-post","status-publish","format-standard","has-post-thumbnail","hentry","category-ciencia","resize-featured-image"],"_links":{"self":[{"href":"https:\/\/www.ecoticias.com\/hoyeco\/wp-json\/wp\/v2\/posts\/37336","targetHints":{"allow":["GET"]}}],"collection":[{"href":"https:\/\/www.ecoticias.com\/hoyeco\/wp-json\/wp\/v2\/posts"}],"about":[{"href":"https:\/\/www.ecoticias.com\/hoyeco\/wp-json\/wp\/v2\/types\/post"}],"author":[{"embeddable":true,"href":"https:\/\/www.ecoticias.com\/hoyeco\/wp-json\/wp\/v2\/users\/19"}],"replies":[{"embeddable":true,"href":"https:\/\/www.ecoticias.com\/hoyeco\/wp-json\/wp\/v2\/comments?post=37336"}],"version-history":[{"count":1,"href":"https:\/\/www.ecoticias.com\/hoyeco\/wp-json\/wp\/v2\/posts\/37336\/revisions"}],"predecessor-version":[{"id":37338,"href":"https:\/\/www.ecoticias.com\/hoyeco\/wp-json\/wp\/v2\/posts\/37336\/revisions\/37338"}],"wp:featuredmedia":[{"embeddable":true,"href":"https:\/\/www.ecoticias.com\/hoyeco\/wp-json\/wp\/v2\/media\/37337"}],"wp:attachment":[{"href":"https:\/\/www.ecoticias.com\/hoyeco\/wp-json\/wp\/v2\/media?parent=37336"}],"wp:term":[{"taxonomy":"category","embeddable":true,"href":"https:\/\/www.ecoticias.com\/hoyeco\/wp-json\/wp\/v2\/categories?post=37336"},{"taxonomy":"post_tag","embeddable":true,"href":"https:\/\/www.ecoticias.com\/hoyeco\/wp-json\/wp\/v2\/tags?post=37336"}],"curies":[{"name":"wp","href":"https:\/\/api.w.org\/{rel}","templated":true}]}}