{"id":37348,"date":"2026-07-11T18:47:00","date_gmt":"2026-07-11T16:47:00","guid":{"rendered":"https:\/\/www.ecoticias.com\/hoyeco\/?p=37348"},"modified":"2026-07-11T18:47:00","modified_gmt":"2026-07-11T16:47:00","slug":"mientras-en-espana-llevamos-decadas-conviviendo-con-ella-sin-darnos-cuenta-alemania-registra-ya-35-000-avistamientos-de-la-arana-nosferatu-una-de-las-pocas-especies-que-puede-perforar-la-piel-humana","status":"publish","type":"post","link":"https:\/\/www.ecoticias.com\/hoyeco\/mientras-en-espana-llevamos-decadas-conviviendo-con-ella-sin-darnos-cuenta-alemania-registra-ya-35-000-avistamientos-de-la-arana-nosferatu-una-de-las-pocas-especies-que-puede-perforar-la-piel-humana\/37348\/","title":{"rendered":"Mientras en Espa\u00f1a llevamos d\u00e9cadas conviviendo con ella sin darnos cuenta, Alemania registra ya 35.000 avistamientos de la ara\u00f1a Nosferatu, una de las pocas especies que puede perforar la piel humana"},"content":{"rendered":"\n<p class=\"wp-block-paragraph\">La ara\u00f1a Nosferatu ya no es solo una visitante llamativa del sur de Europa. Esta especie, cuyo nombre cient\u00edfico es <a href=\"https:\/\/wsc.nmbe.ch\/spec-data\/51142\" target=\"_blank\" rel=\"noreferrer noopener\"><em>Zoropsis spinimana<\/em><\/a>, ha pasado de ser una ara\u00f1a de origen mediterr\u00e1neo a convertirse en una presencia cada vez m\u00e1s documentada en Alemania, incluso en zonas del norte donde antes parec\u00eda m\u00e1s dif\u00edcil que pudiera asentarse. Para un lector en Espa\u00f1a, lo curioso no es tanto que exista esta ara\u00f1a, sino que est\u00e9 encontrando acomodo en lugares cada vez m\u00e1s fr\u00edos.<\/p>\n\n\n\n<p class=\"wp-block-paragraph\">El dato que m\u00e1s llama la atenci\u00f3n es claro. Puede atravesar la <a href=\"https:\/\/nrw.nabu.de\/tiere-und-pflanzen\/insekten-und-spinnen\/spinnen\/32106.html\" target=\"_blank\" rel=\"noreferrer noopener\">piel<\/a> humana con sus quel\u00edceros, algo que muchas ara\u00f1as dom\u00e9sticas no logran. Pero conviene no quedarse solo con el susto. Los expertos insisten en que su picadura suele producir molestias locales y que, en general, no representa un peligro grave para las personas sanas. El miedo vende mucho. La biolog\u00eda, casi siempre, pide m\u00e1s calma.<\/p>\n\n\n\n<h2 class=\"wp-block-heading\">Ya est\u00e1 m\u00e1s al norte<\/h2>\n\n\n\n<p class=\"wp-block-paragraph\">La organizaci\u00f3n NABU|naturgucker se\u00f1ala en su actualizaci\u00f3n de 2026 que en su portal ya hay m\u00e1s de 30 000 fotos de la ara\u00f1a Nosferatu. Adem\u00e1s, los nuevos datos muestran m\u00e1s registros en el norte y el sudeste de Alemania que en el llamado \u201ca\u00f1o Nosferatu\u201d de 2022.<\/p>\n\n\n\n<p class=\"wp-block-paragraph\">El caso de Mecklemburgo-Pomerania Occidental es especialmente interesante. En 2022 se conoc\u00eda un ejemplar documentado all\u00ed, pero todo apuntaba a que hab\u00eda llegado transportado en equipaje. Ahora hay m\u00e1s observaciones dispersas, lo que hace pensar que este estado federado tambi\u00e9n podr\u00eda estar ya colonizado.<\/p>\n\n\n\n<p class=\"wp-block-paragraph\">Alexander Wirth, de NABU, lo resumi\u00f3 con una frase muy gr\u00e1fica: \u201cLa ara\u00f1a Nosferatu se est\u00e1 avistando con mayor frecuencia en el norte de Alemania\u201d. Seg\u00fan el experto, el clima m\u00e1s riguroso no parece frenarla del todo, porque en invierno encuentra refugio en casas y pisos con calefacci\u00f3n. Y eso cambia bastante el tablero.<\/p>\n\n\n\n<h2 class=\"wp-block-heading\">Qu\u00e9 ara\u00f1a es<\/h2>\n\n\n\n<p class=\"wp-block-paragraph\">La Nosferatu no es una ara\u00f1a diminuta que pase siempre desapercibida. El Museo Estatal de Historia Natural de Karlsruhe explica que alcanza entre 1 y 2 cent\u00edmetros de cuerpo y que su envergadura con las patas puede llegar a unos 5 cent\u00edmetros. Tambi\u00e9n recuerda que no construye redes de captura, sino que caza de forma activa durante la noche.<\/p>\n\n\n\n<p class=\"wp-block-paragraph\">Su nombre popular viene de la marca del cefalot\u00f3rax, que a muchos observadores les recuerda al rostro del vampiro de la pel\u00edcula \u201cNosferatu\u201d. No es poca cosa para una ara\u00f1a. Un dibujo en el cuerpo, unido a su tama\u00f1o, ha bastado para convertirla en una especie famosa fuera del mundo cient\u00edfico.<\/p>\n\n\n\n<p class=\"wp-block-paragraph\">En Alemania se detect\u00f3 por primera vez en 2005, en Baden-W\u00fcrttemberg, despu\u00e9s de haberse conocido durante mucho tiempo como una especie propia del \u00e1rea mediterr\u00e1nea. En el Mediterr\u00e1neo puede vivir en zonas como pinares, bajo piedras o cortezas, pero en Alemania se ha hecho notar sobre todo en edificios y alrededores de viviendas.<\/p>\n\n\n\n<h2 class=\"wp-block-heading\">La picadura real<\/h2>\n\n\n\n<p class=\"wp-block-paragraph\">La parte que m\u00e1s preocupa es la mordedura. El museo de Karlsruhe indica que <em>Zoropsis spinimana<\/em> pertenece al peque\u00f1o grupo de ara\u00f1as capaces de atravesar la piel humana, aunque el mordisco suele producirse cuando el animal se siente amenazado. El dolor se describe normalmente como m\u00e1s d\u00e9bil que el de una picadura de avispa, aunque puede haber enrojecimiento o hinchaz\u00f3n durante varios d\u00edas.<\/p>\n\n\n\n<p class=\"wp-block-paragraph\">NABU NRW tambi\u00e9n rebaja el alarmismo. Recuerda que el veneno de esta especie no se considera peligroso para las personas y que la ara\u00f1a solo muerde si se la irrita o se la manipula mal. Dicho de otra forma, no va buscando tobillos por el pasillo.<\/p>\n\n\n\n<p class=\"wp-block-paragraph\">\u00bfQu\u00e9 significa esto en la pr\u00e1ctica? Que no conviene tocarla con la mano, sobre todo si es adulta. Si aparece en casa, lo m\u00e1s sensato es usar un recipiente amplio y sacarla al exterior con cuidado. Nada heroico. Solo sentido com\u00fan.<\/p>\n\n\n\n<h2 class=\"wp-block-heading\">Por qu\u00e9 se expande<\/h2>\n\n\n\n<p class=\"wp-block-paragraph\">La gran pregunta es por qu\u00e9 una especie asociada al Mediterr\u00e1neo est\u00e1 avanzando hacia el norte. El estudio publicado en <em>Frontiers in Arachnid Science<\/em> explica que la ara\u00f1a es introducida en Alemania y probablemente sinantr\u00f3pica, es decir, que vive muy ligada a los entornos humanos. En solo cinco semanas de campa\u00f1a ciudadana se reunieron m\u00e1s de 15 000 registros, una cifra que aument\u00f3 2,3 veces el territorio ocupado respecto a lo conocido antes.<\/p>\n\n\n\n<p class=\"wp-block-paragraph\">El transporte humano parece tener un papel importante. Maletas, coches, bicicletas, mercanc\u00edas o desplazamientos por carretera pueden convertir a una ara\u00f1a en pasajera invisible. Basta imaginar el maletero despu\u00e9s de unas vacaciones o una caja que ha viajado cientos de kil\u00f3metros.<\/p>\n\n\n\n<p class=\"wp-block-paragraph\">El clima tambi\u00e9n aparece en el debate, pero aqu\u00ed hay que afinar. Los autores del estudio se\u00f1alan que se habla a menudo del cambio clim\u00e1tico como posible causa, aunque no hay una prueba directa de que sea el motor principal de su expansi\u00f3n. Lo que s\u00ed sugieren los datos es que los espacios humanos templados pueden facilitar su reproducci\u00f3n y supervivencia.<\/p>\n\n\n\n<h2 class=\"wp-block-heading\">Casas, jardines y fotos<\/h2>\n\n\n\n<p class=\"wp-block-paragraph\">Una de las claves de esta historia es que no la han seguido solo los cient\u00edficos con redes y lupas. La han seguido miles de personas desde sus casas, jardines, balcones y garajes. NABU|naturgucker mantiene abierto el proyecto de observaci\u00f3n durante todo el a\u00f1o, porque la ara\u00f1a puede aparecer en cualquier estaci\u00f3n.<\/p>\n\n\n\n<p class=\"wp-block-paragraph\">Los n\u00fameros explican por qu\u00e9 esta especie se ha convertido en un caso especial de ciencia ciudadana. NABU indica que, tras el gran boom medi\u00e1tico de 2022, siguieron llegando entre 3000 y 5000 fotos al a\u00f1o. En la primavera de 2026 se registr\u00f3 un nuevo pico, con m\u00e1s de 2500 im\u00e1genes entre enero y mayo.<\/p>\n\n\n\n<p class=\"wp-block-paragraph\">Eso tambi\u00e9n tiene una lectura ambiental. A veces, para entender c\u00f3mo cambia la naturaleza urbana, no basta con mirar grandes bosques o parques nacionales. Hay que mirar la pared del garaje, la ventana del sal\u00f3n o ese rinc\u00f3n del trastero donde nadie quiere meter la mano.<\/p>\n\n\n\n<h2 class=\"wp-block-heading\">Qu\u00e9 tener en cuenta<\/h2>\n\n\n\n<p class=\"wp-block-paragraph\">La ara\u00f1a Nosferatu no debe presentarse como una amenaza descontrolada, pero tampoco como una simple an\u00e9cdota. Su avance muestra c\u00f3mo algunas especies aprovechan los viajes humanos, las ciudades y los espacios c\u00e1lidos para moverse por Europa. Es una peque\u00f1a historia de biodiversidad en movimiento.<\/p>\n\n\n\n<p class=\"wp-block-paragraph\">Para Espa\u00f1a, donde esta especie resulta mucho m\u00e1s familiar por su origen mediterr\u00e1neo, la noticia sirve como recordatorio. Lo que aqu\u00ed puede parecer normal, en el norte de Europa puede convertirse en se\u00f1al de cambio ecol\u00f3gico. Y cuando una ara\u00f1a acaba dando pistas sobre transporte, clima y vida urbana, conviene mirar dos veces.<\/p>\n\n\n\n<p class=\"wp-block-paragraph\">La actualizaci\u00f3n oficial con los nuevos datos de 2026 ha sido publicada por <a href=\"https:\/\/nabu-naturgucker.de\/forschung\/artenwissen-und-wissen-ueber-arten\/nosferatu-spinne-in-deutschland\/\" target=\"_blank\" rel=\"noreferrer noopener\"><em>NABU|naturgucker<\/em><\/a>.<\/p>\n","protected":false},"excerpt":{"rendered":"<p>Mientras Alemania registra miles de avistamientos de la ara\u00f1a Nosferatu, en Espa\u00f1a lleva d\u00e9cadas pasando desapercibida.<\/p>\n","protected":false},"author":18,"featured_media":37350,"comment_status":"closed","ping_status":"closed","sticky":false,"template":"","format":"standard","meta":{"footnotes":""},"categories":[8],"tags":[],"class_list":["post-37348","post","type-post","status-publish","format-standard","has-post-thumbnail","hentry","category-ciencia","resize-featured-image"],"_links":{"self":[{"href":"https:\/\/www.ecoticias.com\/hoyeco\/wp-json\/wp\/v2\/posts\/37348","targetHints":{"allow":["GET"]}}],"collection":[{"href":"https:\/\/www.ecoticias.com\/hoyeco\/wp-json\/wp\/v2\/posts"}],"about":[{"href":"https:\/\/www.ecoticias.com\/hoyeco\/wp-json\/wp\/v2\/types\/post"}],"author":[{"embeddable":true,"href":"https:\/\/www.ecoticias.com\/hoyeco\/wp-json\/wp\/v2\/users\/18"}],"replies":[{"embeddable":true,"href":"https:\/\/www.ecoticias.com\/hoyeco\/wp-json\/wp\/v2\/comments?post=37348"}],"version-history":[{"count":1,"href":"https:\/\/www.ecoticias.com\/hoyeco\/wp-json\/wp\/v2\/posts\/37348\/revisions"}],"predecessor-version":[{"id":37351,"href":"https:\/\/www.ecoticias.com\/hoyeco\/wp-json\/wp\/v2\/posts\/37348\/revisions\/37351"}],"wp:featuredmedia":[{"embeddable":true,"href":"https:\/\/www.ecoticias.com\/hoyeco\/wp-json\/wp\/v2\/media\/37350"}],"wp:attachment":[{"href":"https:\/\/www.ecoticias.com\/hoyeco\/wp-json\/wp\/v2\/media?parent=37348"}],"wp:term":[{"taxonomy":"category","embeddable":true,"href":"https:\/\/www.ecoticias.com\/hoyeco\/wp-json\/wp\/v2\/categories?post=37348"},{"taxonomy":"post_tag","embeddable":true,"href":"https:\/\/www.ecoticias.com\/hoyeco\/wp-json\/wp\/v2\/tags?post=37348"}],"curies":[{"name":"wp","href":"https:\/\/api.w.org\/{rel}","templated":true}]}}