{"id":37429,"date":"2026-07-14T22:07:00","date_gmt":"2026-07-14T20:07:00","guid":{"rendered":"https:\/\/www.ecoticias.com\/hoyeco\/?p=37429"},"modified":"2026-07-14T22:07:00","modified_gmt":"2026-07-14T20:07:00","slug":"el-megaproyecto-hidrico-sin-precedentes-en-america-latina-brasil-construye-un-rio-artificial-de-145-km-que-transformara-para-siempre-el-acceso-al-agua-en-el-noreste-del-pais","status":"publish","type":"post","link":"https:\/\/www.ecoticias.com\/hoyeco\/el-megaproyecto-hidrico-sin-precedentes-en-america-latina-brasil-construye-un-rio-artificial-de-145-km-que-transformara-para-siempre-el-acceso-al-agua-en-el-noreste-del-pais\/37429\/","title":{"rendered":"El megaproyecto h\u00eddrico sin precedentes en Am\u00e9rica Latina: Brasil construye un r\u00edo artificial de 145 km que transformar\u00e1 para siempre el acceso al agua en el noreste del pa\u00eds"},"content":{"rendered":"\n<p class=\"wp-block-paragraph\">En el noreste de Brasil, el agua no es una comodidad. En muchos municipios del sert\u00f3n, la <a href=\"https:\/\/www.ecoticias.com\/hoyeco\/el-apocalipsis-del-agua-ya-tiene-fecha-y-millones-de-personas-lo-viviran-antes-de-lo-imaginado\/33001\/\" target=\"_blank\" rel=\"noreferrer noopener\">sequ\u00eda<\/a> marca las cosechas, los embalses y hasta la vida diaria, con familias pendientes de si llega o no llega agua suficiente. Por eso el avance del <a href=\"https:\/\/www.srh.ce.gov.br\/cinturao-das-aguas-do-ceara\/\" target=\"_blank\" rel=\"noreferrer noopener\">Cintur\u00f3n de las Aguas de Cear\u00e1<\/a> ha llamado tanto la atenci\u00f3n.<\/p>\n\n\n\n<p class=\"wp-block-paragraph\">La obra, descrita a menudo como un \u201c<a href=\"https:\/\/www.ecoticias.com\/hoyeco\/brasil-construye-el-rio-artificial-mas-largo-de-america-latina-con-145-km-capaz-de-fluir-por-gravedad-sin-bombeo-a-561-000-personas-en-una-obra-de-ingenieria-sin-precedentes-en-la-historia\/36502\/\" target=\"_blank\" rel=\"noreferrer noopener\">r\u00edo artificial<\/a>\u201d, ya alcanza el 92 % de ejecuci\u00f3n y mantiene su previsi\u00f3n de cierre dentro de 2026, seg\u00fan la actualizaci\u00f3n oficial de la Secretar\u00eda de Recursos H\u00eddricos de Cear\u00e1. Su objetivo es llevar agua del sistema del r\u00edo S\u00e3o Francisco hacia zonas donde la escasez no es una noticia puntual, sino un problema repetido durante generaciones.<\/p>\n\n\n\n<h2 class=\"wp-block-heading\">Una obra casi terminada<\/h2>\n\n\n\n<p class=\"wp-block-paragraph\">El Cintur\u00f3n de las Aguas de Cear\u00e1 suma 145,3 kil\u00f3metros de recorrido. La infraestructura combina <a href=\"https:\/\/www.ecoticias.com\/hoyeco\/india-se-prepara-para-construir-un-canal-de-221-kilometros-para-unir-dos-rios-para-acabar-con-la-sequia-extrema-de-una-de-las-regiones-mas-secas-de-la-tierra\/36461\/\" target=\"_blank\" rel=\"noreferrer noopener\">canales<\/a> a cielo abierto, t\u00faneles y sifones para mover el agua por un territorio donde la geograf\u00eda y la falta de lluvias han puesto l\u00edmites muy duros.<\/p>\n\n\n\n<p class=\"wp-block-paragraph\">A finales de 2025, el Gobierno de Cear\u00e1 inform\u00f3 un avance del 91 % y lo present\u00f3 como la mayor obra de transferencia h\u00eddrica estatal de Brasil. En marzo de 2026, la SRH actualiz\u00f3 el dato al 92 % despu\u00e9s de liberar otros 15 kil\u00f3metros para recibir agua del S\u00e3o Francisco.<\/p>\n\n\n\n<p class=\"wp-block-paragraph\">\u00bfQu\u00e9 significa esto en la pr\u00e1ctica? Que el proyecto ya no est\u00e1 solo en los planos. Hay tramos construidos, pruebas en marcha y una red que empieza a comportarse como una gran arteria de agua.<\/p>\n\n\n\n<h2 class=\"wp-block-heading\">De d\u00f3nde sale el agua<\/h2>\n\n\n\n<p class=\"wp-block-paragraph\">La ruta comienza en la presa de Jati, conectada al Eje Norte del Proyecto de Integraci\u00f3n del R\u00edo S\u00e3o Francisco, conocido como <a href=\"https:\/\/www.gov.br\/mdr\/pt-br\/assuntos\/seguranca-hidrica\/projeto-sao-francisco\" target=\"_blank\" rel=\"noreferrer noopener\">PISF<\/a>. Desde all\u00ed, el sistema conduce el agua hasta las nacientes del r\u00edo Cari\u00fas, en Nova Olinda, dentro del Alto Jaguaribe.<\/p>\n\n\n\n<p class=\"wp-block-paragraph\">Aqu\u00ed conviene hacer una traducci\u00f3n sencilla. El CAC no fabrica agua. Lo que hace es moverla por canales revestidos, sifones y t\u00faneles para repartir mejor los caudales disponibles. Es, en el fondo, una carretera hidr\u00e1ulica.<\/p>\n\n\n\n<p class=\"wp-block-paragraph\">El PISF es todav\u00eda mayor. El Ministerio de Integraci\u00f3n y Desarrollo Regional de Brasil lo define como la mayor obra de infraestructura h\u00eddrica del pa\u00eds, con 477 kil\u00f3metros divididos entre los ejes Norte y Este, y capacidad para garantizar agua a unos 12 millones de personas en 390 municipios.<\/p>\n\n\n\n<h2 class=\"wp-block-heading\">Por qu\u00e9 Cear\u00e1 lo necesita<\/h2>\n\n\n\n<p class=\"wp-block-paragraph\">Cear\u00e1 convive con un territorio muy desigual desde el punto de vista h\u00eddrico. Hay zonas que dependen de <a href=\"https:\/\/www.ecoticias.com\/hoyeco\/los-embalses-en-espana-estan-a-niveles-historicos-y-aunque-parezca-una-paradoja-los-agricultores-no-lo-celebran-el-efecto-rebote-puede-arruinar-los-cultivos\/36336\/\" target=\"_blank\" rel=\"noreferrer noopener\">embalses<\/a>, acu\u00edferos y sistemas aductores, pero las <a href=\"https:\/\/www.ecoticias.com\/hoyeco\/cientificos-confirman-que-el-fenomeno-el-nino-esta-a-punto-de-llegar-y-los-modelos-climaticos-coinciden-en-que-el-impacto-en-la-agricultura-va-a-ser-profundo\/35669\/\" target=\"_blank\" rel=\"noreferrer noopener\">lluvias<\/a> no siempre llegan cuando hacen falta. Y cuando falla el agua, falla casi todo.<\/p>\n\n\n\n<p class=\"wp-block-paragraph\">La propia SRH se\u00f1ala que el Cariri es la segunda regi\u00f3n en densidad demogr\u00e1fica e importancia econ\u00f3mica del estado. Tambi\u00e9n advierte de que el acu\u00edfero Miss\u00e3o Velha, uno de sus manantiales clave, muestra se\u00f1ales de haber llegado al l\u00edmite de explotaci\u00f3n.<\/p>\n\n\n\n<p class=\"wp-block-paragraph\">El proyecto busca reforzar el Cariri y el Alto Jaguaribe, pero tambi\u00e9n puede integrarse con otros sistemas. El Gobierno de Cear\u00e1 habla de 24 municipios en el \u00e1rea de influencia directa, cerca de 561000 personas, y de una posible ayuda al abastecimiento de la Regi\u00f3n Metropolitana de Fortaleza.<\/p>\n\n\n\n<h2 class=\"wp-block-heading\">No es una varita m\u00e1gica<\/h2>\n\n\n\n<p class=\"wp-block-paragraph\">Llamarlo \u201cr\u00edo artificial\u201d ayuda a imaginar la escala, pero tambi\u00e9n puede confundir. Una obra as\u00ed no elimina por s\u00ed sola las sequ\u00edas, ni sustituye el ahorro de agua, el saneamiento, el control de fugas y la protecci\u00f3n de las cuencas. El reloj clim\u00e1tico corre m\u00e1s deprisa que muchas pol\u00edticas.<\/p>\n\n\n\n<p class=\"wp-block-paragraph\">Los grandes trasvases suelen despertar esperanza, pero tambi\u00e9n debates. Un estudio publicado en Water Alternatives sobre la transferencia del S\u00e3o Francisco recuerda que el proyecto naci\u00f3 entre din\u00e1micas sociales, pol\u00edticas y econ\u00f3micas complejas, y que ha sido uno de los grandes conflictos socioambientales de Brasil.<\/p>\n\n\n\n<p class=\"wp-block-paragraph\">Esto no significa que el CAC sea in\u00fatil. Significa que su \u00e9xito depender\u00e1 de algo m\u00e1s que el hormig\u00f3n. Har\u00e1 falta operaci\u00f3n t\u00e9cnica, reglas claras y una gesti\u00f3n que priorice el consumo humano cuando lleguen a\u00f1os secos.<\/p>\n\n\n\n<h2 class=\"wp-block-heading\">El reto de repartir bien<\/h2>\n\n\n\n<p class=\"wp-block-paragraph\">El Gobierno de Cear\u00e1 afirma que, cuando est\u00e9 concluido, el sistema priorizar\u00e1 el abastecimiento humano. Despu\u00e9s atender\u00e1 industria, turismo, animales y agricultura irrigada. Es una jerarqu\u00eda importante, porque en los periodos de escasez todos los usos compiten.<\/p>\n\n\n\n<p class=\"wp-block-paragraph\">Fernando Santana, entonces secretario de Recursos H\u00eddricos, destac\u00f3 en diciembre que la obra hab\u00eda superado la previsi\u00f3n inicial de avance. \u201cLa expectativa era cerrar el a\u00f1o con 85 % de ejecuci\u00f3n, pero ya alcanzamos el 91 % antes del fin de a\u00f1o\u201d, afirm\u00f3 durante la visita al lote 03 en Barbalha.<\/p>\n\n\n\n<p class=\"wp-block-paragraph\">Aun as\u00ed, el dato m\u00e1s reciente disponible de la SRH coloca la ejecuci\u00f3n en el 92 %. En infraestructuras de este tama\u00f1o, cada tramo liberado supone m\u00e1s pruebas, m\u00e1s conexiones y menos distancia hasta la operaci\u00f3n completa.<\/p>\n\n\n\n<h2 class=\"wp-block-heading\">Millones pendientes del canal<\/h2>\n\n\n\n<p class=\"wp-block-paragraph\">En junio de 2026, la SRH present\u00f3 el CAC en la Universidad Federal de Cear\u00e1 como el mayor eje de integraci\u00f3n h\u00eddrica estadual de Brasil. Tambi\u00e9n se\u00f1al\u00f3 que, una vez concluido, el sistema tendr\u00e1 potencial para beneficiar a unos 6 millones de habitantes.<\/p>\n\n\n\n<p class=\"wp-block-paragraph\">La promesa es enorme. M\u00e1s estabilidad en a\u00f1os secos, m\u00e1s capacidad para llevar agua donde antes era m\u00e1s dif\u00edcil y una red mejor conectada. Pero tendr\u00e1 que demostrarlo funcionando, d\u00eda tras d\u00eda.<\/p>\n\n\n\n<h2 class=\"wp-block-heading\">Lo que viene ahora<\/h2>\n\n\n\n<p class=\"wp-block-paragraph\">La fase final no consiste solo en acabar cemento y tuber\u00edas. Despu\u00e9s llega una parte menos vistosa, pero igual de decisiva, que es operar, mantener y vigilar el sistema. El Gobierno de Cear\u00e1 ya se\u00f1al\u00f3 que la Cogerh ser\u00e1 responsable de esa operaci\u00f3n y del seguimiento del volumen de agua bruta entregado cada mes.<\/p>\n\n\n\n<p class=\"wp-block-paragraph\">En la pr\u00e1ctica, el \u201cr\u00edo artificial\u201d de Cear\u00e1 ser\u00e1 \u00fatil si funciona como una red p\u00fablica bien gestionada. Si llega a quien m\u00e1s lo necesita, si no dispara conflictos por el uso del agua y si se combina con medidas menos espectaculares, pero igual de necesarias. Ahorrar, <a href=\"https:\/\/www.ecoticias.com\/hoyeco\/ee-uu-lleva-casi-tres-anos-bombeando-enormes-volumenes-de-agua-marina-hacia-el-interior-la-apuesta-por-la-desalinizacion-y-el-reciclaje-hidrico-para-sostener-el-campo-californiano\/32354\/\" target=\"_blank\" rel=\"noreferrer noopener\">reutilizar<\/a>, reducir p\u00e9rdidas y cuidar las fuentes. Suena b\u00e1sico. Y lo es.<\/p>\n\n\n\n<p class=\"wp-block-paragraph\">La obra no cambia la realidad clim\u00e1tica del sert\u00f3n brasile\u00f1o. Pero s\u00ed puede cambiar la manera en que muchas ciudades afrontan la pr\u00f3xima sequ\u00eda. En una regi\u00f3n donde el agua siempre ha sido frontera, que esa frontera se mueva unos kil\u00f3metros puede ser una noticia enorme.<\/p>\n\n\n\n<p class=\"wp-block-paragraph\">La nota oficial m\u00e1s reciente sobre la liberaci\u00f3n de nuevos tramos del Cintur\u00f3n de las Aguas de Cear\u00e1 ha sido publicada por la <i><a href=\"https:\/\/www.srh.ce.gov.br\/mais-15-km-do-cinturao-das-aguas-sao-liberados-para-receber-agua-do-sao-francisco\/\" target=\"_blank\" rel=\"noreferrer noopener\">Secretar\u00eda<\/a><\/i> de Recursos H\u00eddricos de Cear\u00e1.<\/p>\n","protected":false},"excerpt":{"rendered":"<p>Brasil culmina un r\u00edo artificial de 145 km que cambiar\u00e1 el acceso al agua para millones de personas en el noreste del pa\u00eds.<\/p>\n","protected":false},"author":19,"featured_media":37430,"comment_status":"closed","ping_status":"closed","sticky":false,"template":"","format":"standard","meta":{"footnotes":""},"categories":[9],"tags":[],"class_list":["post-37429","post","type-post","status-publish","format-standard","has-post-thumbnail","hentry","category-construccion","resize-featured-image"],"_links":{"self":[{"href":"https:\/\/www.ecoticias.com\/hoyeco\/wp-json\/wp\/v2\/posts\/37429","targetHints":{"allow":["GET"]}}],"collection":[{"href":"https:\/\/www.ecoticias.com\/hoyeco\/wp-json\/wp\/v2\/posts"}],"about":[{"href":"https:\/\/www.ecoticias.com\/hoyeco\/wp-json\/wp\/v2\/types\/post"}],"author":[{"embeddable":true,"href":"https:\/\/www.ecoticias.com\/hoyeco\/wp-json\/wp\/v2\/users\/19"}],"replies":[{"embeddable":true,"href":"https:\/\/www.ecoticias.com\/hoyeco\/wp-json\/wp\/v2\/comments?post=37429"}],"version-history":[{"count":1,"href":"https:\/\/www.ecoticias.com\/hoyeco\/wp-json\/wp\/v2\/posts\/37429\/revisions"}],"predecessor-version":[{"id":37431,"href":"https:\/\/www.ecoticias.com\/hoyeco\/wp-json\/wp\/v2\/posts\/37429\/revisions\/37431"}],"wp:featuredmedia":[{"embeddable":true,"href":"https:\/\/www.ecoticias.com\/hoyeco\/wp-json\/wp\/v2\/media\/37430"}],"wp:attachment":[{"href":"https:\/\/www.ecoticias.com\/hoyeco\/wp-json\/wp\/v2\/media?parent=37429"}],"wp:term":[{"taxonomy":"category","embeddable":true,"href":"https:\/\/www.ecoticias.com\/hoyeco\/wp-json\/wp\/v2\/categories?post=37429"},{"taxonomy":"post_tag","embeddable":true,"href":"https:\/\/www.ecoticias.com\/hoyeco\/wp-json\/wp\/v2\/tags?post=37429"}],"curies":[{"name":"wp","href":"https:\/\/api.w.org\/{rel}","templated":true}]}}