{"id":37451,"date":"2026-07-15T20:44:00","date_gmt":"2026-07-15T18:44:00","guid":{"rendered":"https:\/\/www.ecoticias.com\/hoyeco\/?p=37451"},"modified":"2026-07-15T20:44:00","modified_gmt":"2026-07-15T18:44:00","slug":"mientras-todo-el-mundo-mira-al-cinturon-de-fuego-en-espana-hay-una-zona-en-riesgo-por-fuertes-terremotos-y-los-expertos-avisan-magnitud-superior-a-7","status":"publish","type":"post","link":"https:\/\/www.ecoticias.com\/hoyeco\/mientras-todo-el-mundo-mira-al-cinturon-de-fuego-en-espana-hay-una-zona-en-riesgo-por-fuertes-terremotos-y-los-expertos-avisan-magnitud-superior-a-7\/37451\/","title":{"rendered":"Mientras todo el mundo mira al Cintur\u00f3n de Fuego, en Espa\u00f1a hay una zona en riesgo por fuertes terremotos y los expertos avisan: magnitud superior a 7"},"content":{"rendered":"\n<p class=\"wp-block-paragraph\">Los dos terremotos de magnitud 7,2 y 7,5 registrados en Venezuela han vuelto a abrir una pregunta inc\u00f3moda en Espa\u00f1a. \u00bfPuede pasar algo parecido aqu\u00ed? La respuesta no invita al alarmismo, pero tampoco permite mirar hacia otro lado. Espa\u00f1a tiene una sismicidad moderada, aunque hay una franja concreta donde el peligro es claramente mayor.<\/p>\n\n\n<p class=\"wp-block-paragraph\">Esa zona se concentra en el sur y el sureste peninsular. En especial, Andaluc\u00eda oriental, Murcia y el sur de la Comunidad Valenciana. El <a href=\"https:\/\/www.ign.es\/web\/ign\/portal\/plan-nacional-de-vigilancia-sismica\" target=\"_blank\" rel=\"noreferrer noopener\">Instituto Geogr\u00e1fico Nacional<\/a> sit\u00faa a Espa\u00f1a en una zona de colisi\u00f3n entre las placas africana y euroasi\u00e1tica, y se\u00f1ala el sur y sureste peninsular como las \u00e1reas m\u00e1s propensas a terremotos, por delante de los Pirineos. No es poca cosa.<\/p>\n\n\n<h2 class=\"wp-block-heading\">El punto rojo de Espa\u00f1a<\/h2>\n\n\n<p class=\"wp-block-paragraph\">El ge\u00f3grafo Samuel Biener, experto en planificaci\u00f3n y gesti\u00f3n de riesgos naturales, sit\u00faa \u201cla zona con mayor probabilidad\u201d en la franja que va desde el sur de la Comunidad Valenciana hasta la provincia de M\u00e1laga. Dentro de ese corredor, el riesgo destaca m\u00e1s en Granada, Almer\u00eda, la Regi\u00f3n de Murcia y la Vega Baja alicantina.<\/p>\n\n\n<p class=\"wp-block-paragraph\">En la pr\u00e1ctica, esto significa que no toda Espa\u00f1a parte del mismo nivel de peligro. No es lo mismo vivir en una zona con <a href=\"https:\/\/www.ecoticias.com\/hoyeco\/espana-y-marruecos-llevan-45-anos-intentando-construir-un-tunel-submarino-en-el-estrecho-de-gibraltar-pero-una-falla-de-900-metros-pone-fin-al-proyecto\/34947\/\" target=\"_blank\" rel=\"noreferrer noopener\">fallas<\/a> activas cercanas que en un territorio donde los temblores son m\u00e1s escasos o menos intensos. Y eso se nota cuando se mira la historia s\u00edsmica.<\/p>\n\n\n<p class=\"wp-block-paragraph\">El Plan Nacional de Vigilancia S\u00edsmica tambi\u00e9n apunta a la cordillera B\u00e9tica como una de las regiones clave. All\u00ed aparecen fallas como las de Crevillente, Bajo Segura, Carrascoy, Alhama de Murcia, Palomares y Carboneras, nombres poco conocidos por la mayor\u00eda, pero muy importantes para los ge\u00f3logos.<\/p>\n\n\n<h2 class=\"wp-block-heading\">Por qu\u00e9 tiembla el sureste<\/h2>\n\n\n<p class=\"wp-block-paragraph\">La explicaci\u00f3n est\u00e1 bajo nuestros pies. La <a href=\"https:\/\/www.ecoticias.com\/hoyeco\/investigadores-espanoles-descubren-que-la-corteza-terrestre-de-la-peninsula-iberica-gira-en-la-direccion-de-las-agujas-del-reloj-tras-un-giro-geologico-nunca-antes-visto-en-el-mundo\/36238\/\" target=\"_blank\" rel=\"noreferrer noopener\">Pen\u00ednsula Ib\u00e9rica<\/a> se encuentra en una zona geol\u00f3gica compleja, donde la presi\u00f3n entre <a href=\"https:\/\/www.ecoticias.com\/hoyeco\/los-geologos-no-dan-credito-espana-y-portugal-estan-rotando-sobre-su-propio-eje-y-puede-alterar-los-modelos\/34222\/\" target=\"_blank\" rel=\"noreferrer noopener\">placas<\/a> acumula tensiones durante a\u00f1os, d\u00e9cadas o siglos. Cuando esa energ\u00eda se libera de golpe, llega el terremoto.<\/p>\n\n\n<p class=\"wp-block-paragraph\">No hablamos de una l\u00ednea perfecta sobre un mapa, sino de una zona amplia y desigual. En algunos puntos la actividad es m\u00e1s frecuente, en otros se deja notar menos, y a veces el problema aparece donde la poblaci\u00f3n ya casi se ha olvidado del riesgo.<\/p>\n\n\n<p class=\"wp-block-paragraph\">El IGN destaca que en el sector central de la cordillera B\u00e9tica la sismicidad se concentra en cuencas como Baza, Dal\u00edas y Granada. En el sector oriental aparecen fallas activas que recorren parte de Alicante, Murcia y Almer\u00eda. Ah\u00ed est\u00e1 una de las claves.<\/p>\n\n\n<h2 class=\"wp-block-heading\">Un terremoto de 7<\/h2>\n\n\n<p class=\"wp-block-paragraph\">\u00bfPuede Espa\u00f1a sufrir un terremoto de magnitud 7? Seg\u00fan el ge\u00f3logo Lorenzo Pasqualini, \u201cson posibles, aunque muy poco frecuentes\u201d. Esa frase resume bien el escenario. No es lo habitual, pero tampoco es imposible.<\/p>\n\n\n<p class=\"wp-block-paragraph\">La historia ayuda a poner los pies en el suelo. El terremoto de Lisboa de 1755, con una magnitud estimada entre 8,5 y 8,7, tuvo un impacto importante en Espa\u00f1a, sobre todo en C\u00e1diz, Huelva y Sevilla. Adem\u00e1s, provoc\u00f3 un <a href=\"https:\/\/www.ecoticias.com\/hoyeco\/japon-perfora-el-epicentro-del-tsunami-de-2011-y-lo-que-busca-bajo-el-mar-es-clave-para-evitar-una-catastrofe-mundial\/33551\/\" target=\"_blank\" rel=\"noreferrer noopener\">tsunami<\/a> con da\u00f1os en varias ciudades costeras.<\/p>\n\n\n<p class=\"wp-block-paragraph\">M\u00e1s cerca del sureste, el terremoto de Torrevieja de 1829 alcanz\u00f3 una magnitud aproximada de 6,6 y dej\u00f3 cerca de 400 v\u00edctimas mortales. El de Arenas del Rey, en Granada, en 1884, se estima en magnitud 6,5 y destruy\u00f3 miles de edificios. Son episodios antiguos, s\u00ed, pero siguen contando una historia muy clara.<\/p>\n\n\n<h2 class=\"wp-block-heading\">La magnitud no lo es todo<\/h2>\n\n\n<p class=\"wp-block-paragraph\">Un n\u00famero alto impresiona, pero no explica todo el da\u00f1o. Protecci\u00f3n Civil recuerda que la magnitud mide el tama\u00f1o del terremoto y no cambia con la distancia al epicentro. La intensidad, en cambio, describe c\u00f3mo se siente y qu\u00e9 da\u00f1os causa en cada lugar.<\/p>\n\n\n<p class=\"wp-block-paragraph\">Esto es importante porque un terremoto m\u00e1s peque\u00f1o puede ser muy da\u00f1ino si ocurre cerca de una ciudad, a poca profundidad y con edificios vulnerables. El caso de Lorca lo demostr\u00f3 de forma dolorosa. En 2011, un se\u00edsmo de magnitud 5,1 caus\u00f3 nueve v\u00edctimas mortales y severos da\u00f1os estructurales.<\/p>\n\n\n<p class=\"wp-block-paragraph\">La diferencia entre susto y desastre puede estar en detalles que parecen aburridos hasta que llega el temblor. La calidad de los edificios, el tipo de suelo, la distancia al epicentro o la hora del d\u00eda importan mucho. A veces, m\u00e1s de lo que imaginamos.<\/p>\n\n\n<h2 class=\"wp-block-heading\">No se puede predecir<\/h2>\n\n\n<p class=\"wp-block-paragraph\">Aqu\u00ed conviene ser muy claro. Protecci\u00f3n Civil se\u00f1ala que no existe actualmente ning\u00fan m\u00e9todo capaz de predecir el tiempo, el lugar y la magnitud de un terremoto. Por eso la prevenci\u00f3n no va de adivinar el d\u00eda exacto, sino de construir mejor y reducir la vulnerabilidad.<\/p>\n\n\n<p class=\"wp-block-paragraph\">En Espa\u00f1a sigue siendo clave cumplir la Norma de Construcci\u00f3n Sismorresistente, conocida como NCSE-02. Puede sonar a tr\u00e1mite t\u00e9cnico, pero en realidad es una de las barreras m\u00e1s importantes entre un temblor fuerte y una cat\u00e1strofe mayor. No se ve en el d\u00eda a d\u00eda, pero est\u00e1 ah\u00ed.<\/p>\n\n\n<p class=\"wp-block-paragraph\">Tambi\u00e9n cuenta la educaci\u00f3n de la poblaci\u00f3n. Saber c\u00f3mo actuar, evitar el p\u00e1nico y seguir las indicaciones oficiales puede marcar la diferencia. En un terremoto, los segundos pesan mucho.<\/p>\n\n\n<h2 class=\"wp-block-heading\">La lecci\u00f3n de Venezuela<\/h2>\n\n\n<p class=\"wp-block-paragraph\">Los terremotos de Venezuela han recordado algo que a veces se olvida. La Tierra no avisa como nos gustar\u00eda. El <a href=\"https:\/\/www.usgs.gov\/programs\/landslide-hazards\/science\/2026-venezuela-sequence-earthquake-triggered-landslide-hazards\" target=\"_blank\" rel=\"noreferrer noopener\">USGS<\/a> registr\u00f3 dos grandes se\u00edsmos el 24 de junio de 2026 al oeste de Caracas, de magnitud 7,2 y 7,5, separados por menos de un minuto.<\/p>\n\n\n<p class=\"wp-block-paragraph\">Espa\u00f1a no est\u00e1 en la misma situaci\u00f3n s\u00edsmica que Venezuela, pero la ense\u00f1anza sirve igual. El riesgo no depende solo de la fuerza del terremoto, sino de d\u00f3nde golpea y de c\u00f3mo est\u00e1n preparadas las ciudades, los edificios y los servicios de emergencia.<\/p>\n\n\n<p class=\"wp-block-paragraph\">El Consejo de Ministros aprob\u00f3 en 2025 el Plan Nacional de Vigilancia S\u00edsmica, Volc\u00e1nica y de Otros Fen\u00f3menos Geof\u00edsicos, con 58 medidas para reforzar la vigilancia, la detecci\u00f3n y la comunicaci\u00f3n ante fen\u00f3menos como terremotos, tsunamis o erupciones volc\u00e1nicas.&nbsp;<\/p>\n\n\n<p class=\"wp-block-paragraph\">El comunicado oficial ha sido publicado en <i><a href=\"https:\/\/www.lamoncloa.gob.es\/consejodeministros\/referencias\/paginas\/2025\/20250304-referencia-rueda-de-prensa-ministros.aspx\" target=\"_blank\" rel=\"noreferrer noopener\">La Moncloa<\/a><\/i>,<\/p>\n","protected":false},"excerpt":{"rendered":"<p>El mapa del IGN revela la zona de Espa\u00f1a donde los expertos alertan del mayor riesgo de terremotos de magnitud superior a 7.<\/p>\n","protected":false},"author":19,"featured_media":37452,"comment_status":"closed","ping_status":"closed","sticky":false,"template":"","format":"standard","meta":{"footnotes":""},"categories":[8],"tags":[],"class_list":["post-37451","post","type-post","status-publish","format-standard","has-post-thumbnail","hentry","category-ciencia","resize-featured-image"],"_links":{"self":[{"href":"https:\/\/www.ecoticias.com\/hoyeco\/wp-json\/wp\/v2\/posts\/37451","targetHints":{"allow":["GET"]}}],"collection":[{"href":"https:\/\/www.ecoticias.com\/hoyeco\/wp-json\/wp\/v2\/posts"}],"about":[{"href":"https:\/\/www.ecoticias.com\/hoyeco\/wp-json\/wp\/v2\/types\/post"}],"author":[{"embeddable":true,"href":"https:\/\/www.ecoticias.com\/hoyeco\/wp-json\/wp\/v2\/users\/19"}],"replies":[{"embeddable":true,"href":"https:\/\/www.ecoticias.com\/hoyeco\/wp-json\/wp\/v2\/comments?post=37451"}],"version-history":[{"count":1,"href":"https:\/\/www.ecoticias.com\/hoyeco\/wp-json\/wp\/v2\/posts\/37451\/revisions"}],"predecessor-version":[{"id":37453,"href":"https:\/\/www.ecoticias.com\/hoyeco\/wp-json\/wp\/v2\/posts\/37451\/revisions\/37453"}],"wp:featuredmedia":[{"embeddable":true,"href":"https:\/\/www.ecoticias.com\/hoyeco\/wp-json\/wp\/v2\/media\/37452"}],"wp:attachment":[{"href":"https:\/\/www.ecoticias.com\/hoyeco\/wp-json\/wp\/v2\/media?parent=37451"}],"wp:term":[{"taxonomy":"category","embeddable":true,"href":"https:\/\/www.ecoticias.com\/hoyeco\/wp-json\/wp\/v2\/categories?post=37451"},{"taxonomy":"post_tag","embeddable":true,"href":"https:\/\/www.ecoticias.com\/hoyeco\/wp-json\/wp\/v2\/tags?post=37451"}],"curies":[{"name":"wp","href":"https:\/\/api.w.org\/{rel}","templated":true}]}}