{"id":37502,"date":"2026-07-17T12:43:00","date_gmt":"2026-07-17T10:43:00","guid":{"rendered":"https:\/\/www.ecoticias.com\/hoyeco\/?p=37502"},"modified":"2026-07-17T12:43:00","modified_gmt":"2026-07-17T10:43:00","slug":"la-nasa-lo-ha-confirmado-el-fenomeno-el-nino-ya-ha-comenzado-tras-una-subida-sin-precedentes-del-nivel-del-mar-y-los-expertos-avisan-de-que-sera-el-episodio-mas-fuerte-jamas-registrado","status":"publish","type":"post","link":"https:\/\/www.ecoticias.com\/hoyeco\/la-nasa-lo-ha-confirmado-el-fenomeno-el-nino-ya-ha-comenzado-tras-una-subida-sin-precedentes-del-nivel-del-mar-y-los-expertos-avisan-de-que-sera-el-episodio-mas-fuerte-jamas-registrado\/37502\/","title":{"rendered":"La NASA lo ha confirmado: el fen\u00f3meno El Ni\u00f1o ya ha comenzado tras una subida sin precedentes del nivel del mar, y los expertos avisan de que ser\u00e1 el episodio m\u00e1s fuerte jam\u00e1s registrado"},"content":{"rendered":"\n<p class=\"wp-block-paragraph\">La NASA ha confirmado el regreso de El Ni\u00f1o en junio de 2026 despu\u00e9s de detectar, mediante el sat\u00e9lite <a href=\"https:\/\/www.jpl.nasa.gov\/news\/nasa-european-sea-level-mission-homes-in-on-el-nino\/\" target=\"_blank\" rel=\"noreferrer noopener\"> Sentinel-6 Michael Freilich<\/a>, zonas de altura del mar por encima de lo normal en el Pac\u00edfico ecuatorial. No es un detalle menor. Cuando el agua se calienta, se expande, sube ligeramente el nivel de la superficie marina y deja una huella clara para los sat\u00e9lites.<\/p>\n\n\n\n<p class=\"wp-block-paragraph\">La <a href=\"https:\/\/www.cpc.ncep.noaa.gov\/products\/analysis_monitoring\/enso_advisory\/ensodisc_Sp.shtml\" target=\"_blank\" rel=\"noreferrer noopener\"> NOAA<\/a> declar\u00f3 oficialmente las condiciones de El Ni\u00f1o el 11 de junio, tras observar temperaturas del mar al menos 0,5 \u00baC por encima de la media durante varios meses en el Pac\u00edfico central y oriental. La advertencia para Europa existe, pero debe leerse con cuidado. No significa que Espa\u00f1a vaya a tener un tiempo concreto por decreto, sino que entra en juego un gran motor clim\u00e1tico capaz de inclinar la balanza del calor, la lluvia y los temporales en muchas zonas del planeta.<\/p>\n\n\n\n<h2 class=\"wp-block-heading\">La se\u00f1al est\u00e1 en el Pac\u00edfico<\/h2>\n\n\n\n<p class=\"wp-block-paragraph\">El Ni\u00f1o nace lejos de Europa, frente al Pac\u00edfico tropical, pero su influencia puede viajar miles de kil\u00f3metros. La NASA explica que las aguas c\u00e1lidas se han acumulado en el centro y este del Pac\u00edfico, mientras varias ondas Kelvin han avanzado hacia Sudam\u00e9rica durante la primavera.<\/p>\n\n\n\n<p class=\"wp-block-paragraph\">Estas ondas son grandes masas de agua c\u00e1lida que se desplazan bajo la superficie. A simple vista no las vemos, pero los sat\u00e9lites s\u00ed. En mayo, el Sentinel-6 ya hab\u00eda observado niveles del mar cerca de Per\u00fa m\u00e1s de 15 cent\u00edmetros por encima de los valores medios a largo plazo.<\/p>\n\n\n\n<p class=\"wp-block-paragraph\">Josh Willis, investigador del Jet Propulsion Laboratory de la NASA, resumi\u00f3 la situaci\u00f3n con una frase sencilla, \u201cveremos lo grande que se hace\u201d. Y ah\u00ed est\u00e1 la clave. El fen\u00f3meno ha empezado, pero su intensidad final a\u00fan depende de c\u00f3mo evolucionen el oc\u00e9ano y los vientos durante los pr\u00f3ximos meses.<\/p>\n\n\n\n<h2 class=\"wp-block-heading\">Por qu\u00e9 inquieta ahora<\/h2>\n\n\n\n<p class=\"wp-block-paragraph\">El Ni\u00f1o no es nuevo. Es una fase natural del sistema clim\u00e1tico conocido como ENSO, que alterna periodos c\u00e1lidos, fr\u00edos y neutros en el Pac\u00edfico ecuatorial. Pero esta vez aparece en un planeta que ya viene de a\u00f1os de temperaturas muy altas. Eso cambia el marco de fondo.<\/p>\n\n\n\n<p class=\"wp-block-paragraph\">La Organizaci\u00f3n Meteorol\u00f3gica Mundial avis\u00f3 el 2 de junio de que hab\u00eda un 80 % de probabilidad de El Ni\u00f1o entre junio y agosto de 2026, con opciones cercanas o superiores al 90 % de que continuara al menos hasta noviembre. Tambi\u00e9n se\u00f1al\u00f3 que la mayor\u00eda de <a href=\"https:\/\/www.ecoticias.com\/hoyeco\/el-modelo-europeo-activa-las-alarmas-y-pone-fecha-para-la-llegada-del-super-nino-con-un-100-de-probabilidad\/35967\/\" target=\"_blank\" rel=\"noreferrer noopener\"> modelos<\/a> apuntaban a un episodio al menos moderado y posiblemente fuerte.<\/p>\n\n\n\n<p class=\"wp-block-paragraph\">La NOAA fue incluso m\u00e1s concreta en su discusi\u00f3n del 11 de junio. Seg\u00fan su informe, las condiciones de <a href=\"https:\/\/www.ecoticias.com\/hoyeco\/hace-149-anos-el-fenomeno-super-nino-acabo-con-el-4-de-la-poblacion-del-mundo-ahora-se-espera-que-sea-mas-violento-y-tenemos-hasta-2027-para-prepararnos\/36161\/\" target=\"_blank\" rel=\"noreferrer noopener\"> El Ni\u00f1o<\/a> ya est\u00e1n presentes y se espera que se refuercen durante el invierno del hemisferio norte de 2026 a 2027. Adem\u00e1s, estim\u00f3 una probabilidad del 63 % de que sea muy fuerte entre noviembre y enero. No es poca cosa.<\/p>\n\n\n\n<h2 class=\"wp-block-heading\">Europa recibe el golpe de lejos<\/h2>\n\n\n\n<p class=\"wp-block-paragraph\">La conexi\u00f3n entre El Ni\u00f1o y Europa no funciona como un interruptor. No basta con que el Pac\u00edfico se caliente para saber si llover\u00e1 m\u00e1s en Madrid, har\u00e1 m\u00e1s viento en Galicia o habr\u00e1 un invierno suave en Berl\u00edn. La atm\u00f3sfera es bastante m\u00e1s caprichosa.<\/p>\n\n\n\n<p class=\"wp-block-paragraph\">El Met Office brit\u00e1nico recuerda que El Ni\u00f1o puede alterar la circulaci\u00f3n atmosf\u00e9rica, mover la corriente en chorro y cambiar las rutas de las borrascas. En Reino Unido y el norte de Europa, sus efectos suelen ser indirectos, aunque puede aumentar la posibilidad de un oto\u00f1o y comienzo de invierno m\u00e1s templados, h\u00famedos y ventosos.<\/p>\n\n\n\n<p class=\"wp-block-paragraph\">El Centro Com\u00fan de Investigaci\u00f3n de la Comisi\u00f3n Europea tambi\u00e9n ha puesto el foco en Europa. Seg\u00fan su an\u00e1lisis de junio, si el episodio alcanza mucha fuerza, podr\u00eda favorecer condiciones m\u00e1s c\u00e1lidas de lo normal en el continente, con una se\u00f1al que se reforzar\u00eda hacia la primavera de 2027. Pero no habla de una receta exacta para cada pa\u00eds. Y eso conviene recordarlo.<\/p>\n\n\n\n<h2 class=\"wp-block-heading\">El Mediterr\u00e1neo mira al agua<\/h2>\n\n\n\n<p class=\"wp-block-paragraph\">Para el sur de Europa, la preocupaci\u00f3n tiene otra cara. El Mediterr\u00e1neo ya vive con veranos duros, <a href=\"https:\/\/www.ecoticias.com\/hoyeco\/el-apocalipsis-del-agua-ya-tiene-fecha-y-millones-de-personas-lo-viviran-antes-de-lo-imaginado\/33001\/\" target=\"_blank\" rel=\"noreferrer noopener\"> sequ\u00edas<\/a> recurrentes, noches tropicales y episodios de lluvias torrenciales que descargan en pocas horas. Quien haya pasado una ola de <a href=\"https:\/\/www.ecoticias.com\/hoyeco\/poner-el-ventilador-esta-bien-pero-los-expertos-coinciden-en-que-encenderlos-cuando-hay-mas-de-35oc-no-ayuda-a-bajar-la-temperatura-corporal\/36970\/\" target=\"_blank\" rel=\"noreferrer noopener\"> calor<\/a> pegajosa en julio sabe que no hace falta mucha explicaci\u00f3n.<\/p>\n\n\n\n<p class=\"wp-block-paragraph\">La OMM advierte de que El Ni\u00f1o suele aumentar las temperaturas globales y alterar los patrones de lluvia. Tambi\u00e9n matiza algo importante. No hay pruebas de que el cambio clim\u00e1tico haga m\u00e1s frecuentes o m\u00e1s intensos estos episodios por s\u00ed solo, pero un oc\u00e9ano y una atm\u00f3sfera m\u00e1s c\u00e1lidos pueden amplificar sus impactos.<\/p>\n\n\n\n<p class=\"wp-block-paragraph\">En la pr\u00e1ctica, esto obliga a mirar m\u00e1s all\u00e1 del mapa del tiempo de ma\u00f1ana. <a href=\"https:\/\/www.ecoticias.com\/hoyeco\/los-embalses-en-espana-estan-a-niveles-historicos-y-aunque-parezca-una-paradoja-los-agricultores-no-lo-celebran-el-efecto-rebote-puede-arruinar-los-cultivos\/36336\/\" target=\"_blank\" rel=\"noreferrer noopener\"> Embalses<\/a>, <a href=\"https:\/\/www.ecoticias.com\/hoyeco\/cientificos-confirman-que-el-fenomeno-el-nino-esta-a-punto-de-llegar-y-los-modelos-climaticos-coinciden-en-que-el-impacto-en-la-agricultura-va-a-ser-profundo\/35669\/\" target=\"_blank\" rel=\"noreferrer noopener\"> agricultura<\/a>, incendios forestales, salud p\u00fablica y demanda el\u00e9ctrica pueden notar el efecto combinado de un episodio c\u00e1lido global y un clima europeo ya tensionado. No es alarmismo. Es gesti\u00f3n del riesgo.<\/p>\n\n\n\n<h2 class=\"wp-block-heading\">Lo que habr\u00e1 que vigilar<\/h2>\n\n\n\n<p class=\"wp-block-paragraph\">Los pr\u00f3ximos meses ser\u00e1n decisivos. La NASA se\u00f1ala que El Ni\u00f1o suele alcanzar su punto m\u00e1ximo entre noviembre y enero, por lo que todav\u00eda queda margen para saber hasta d\u00f3nde llegar\u00e1 el episodio actual. Esa espera no es c\u00f3moda, pero es normal en este tipo de fen\u00f3menos.<\/p>\n\n\n\n<p class=\"wp-block-paragraph\">El ECMWF, el centro europeo de predicci\u00f3n a medio plazo, pide prudencia con los titulares demasiado rotundos. Sus expertos recuerdan que los modelos estacionales muestran escenarios probables, no certezas absolutas, y que la intensidad final de El Ni\u00f1o a\u00fan tiene incertidumbre.<\/p>\n\n\n\n<p class=\"wp-block-paragraph\">Aun as\u00ed, la se\u00f1al es lo bastante seria como para prepararse. El Met Office advierte de que este episodio podr\u00eda provocar un repunte temporal de la temperatura global y dejar calor residual suficiente para que el pr\u00f3ximo a\u00f1o entre en la pelea por los registros m\u00e1s c\u00e1lidos desde 1850.<\/p>\n\n\n\n<h2 class=\"wp-block-heading\">Un aviso sin alarmismo<\/h2>\n\n\n\n<p class=\"wp-block-paragraph\">La lectura m\u00e1s sensata es esta. El Ni\u00f1o ya est\u00e1 activo, los sat\u00e9lites lo ven y las agencias meteorol\u00f3gicas lo est\u00e1n siguiendo de cerca. Pero sus efectos no ser\u00e1n iguales en todos los lugares ni llegar\u00e1n al mismo tiempo.<\/p>\n\n\n\n<p class=\"wp-block-paragraph\">Celeste Saulo, secretaria general de la OMM, lo expres\u00f3 de forma clara al pedir preparaci\u00f3n ante un episodio potencialmente fuerte. Prepararse no significa entrar en p\u00e1nico. Significa reforzar avisos tempranos, revisar planes contra sequ\u00edas e inundaciones y tomarse en serio la informaci\u00f3n cient\u00edfica antes de que lleguen los problemas.<\/p>\n\n\n\n<p class=\"wp-block-paragraph\">El comunicado oficial sobre el regreso de El Ni\u00f1o ha sido publicado por <em><a href=\"https:\/\/science.nasa.gov\/earth\/earth-observatory\/el-nino-is-underway\/\" target=\"_blank\" rel=\"noreferrer noopener\">NASA Earth Observatory<\/a><\/em>.<\/p>\n","protected":false},"excerpt":{"rendered":"<p>La NASA confirma el inicio de El Ni\u00f1o tras detectar un aumento in\u00e9dito del nivel del mar en el Pac\u00edfico.<\/p>\n","protected":false},"author":19,"featured_media":37503,"comment_status":"closed","ping_status":"closed","sticky":false,"template":"","format":"standard","meta":{"footnotes":""},"categories":[8],"tags":[],"class_list":["post-37502","post","type-post","status-publish","format-standard","has-post-thumbnail","hentry","category-ciencia","resize-featured-image"],"_links":{"self":[{"href":"https:\/\/www.ecoticias.com\/hoyeco\/wp-json\/wp\/v2\/posts\/37502","targetHints":{"allow":["GET"]}}],"collection":[{"href":"https:\/\/www.ecoticias.com\/hoyeco\/wp-json\/wp\/v2\/posts"}],"about":[{"href":"https:\/\/www.ecoticias.com\/hoyeco\/wp-json\/wp\/v2\/types\/post"}],"author":[{"embeddable":true,"href":"https:\/\/www.ecoticias.com\/hoyeco\/wp-json\/wp\/v2\/users\/19"}],"replies":[{"embeddable":true,"href":"https:\/\/www.ecoticias.com\/hoyeco\/wp-json\/wp\/v2\/comments?post=37502"}],"version-history":[{"count":1,"href":"https:\/\/www.ecoticias.com\/hoyeco\/wp-json\/wp\/v2\/posts\/37502\/revisions"}],"predecessor-version":[{"id":37504,"href":"https:\/\/www.ecoticias.com\/hoyeco\/wp-json\/wp\/v2\/posts\/37502\/revisions\/37504"}],"wp:featuredmedia":[{"embeddable":true,"href":"https:\/\/www.ecoticias.com\/hoyeco\/wp-json\/wp\/v2\/media\/37503"}],"wp:attachment":[{"href":"https:\/\/www.ecoticias.com\/hoyeco\/wp-json\/wp\/v2\/media?parent=37502"}],"wp:term":[{"taxonomy":"category","embeddable":true,"href":"https:\/\/www.ecoticias.com\/hoyeco\/wp-json\/wp\/v2\/categories?post=37502"},{"taxonomy":"post_tag","embeddable":true,"href":"https:\/\/www.ecoticias.com\/hoyeco\/wp-json\/wp\/v2\/tags?post=37502"}],"curies":[{"name":"wp","href":"https:\/\/api.w.org\/{rel}","templated":true}]}}