{"id":37529,"date":"2026-07-18T15:43:00","date_gmt":"2026-07-18T13:43:00","guid":{"rendered":"https:\/\/www.ecoticias.com\/hoyeco\/?p=37529"},"modified":"2026-07-18T15:43:00","modified_gmt":"2026-07-18T13:43:00","slug":"nadie-lo-vio-venir-bulgaria-acaba-de-instalar-la-mayor-bateria-de-almacenamiento-energetico-de-toda-europa-con-602-mwh-que-cambian-el-mapa-de-la-energia-del-continente","status":"publish","type":"post","link":"https:\/\/www.ecoticias.com\/hoyeco\/nadie-lo-vio-venir-bulgaria-acaba-de-instalar-la-mayor-bateria-de-almacenamiento-energetico-de-toda-europa-con-602-mwh-que-cambian-el-mapa-de-la-energia-del-continente\/37529\/","title":{"rendered":"Nadie lo vio venir: Bulgaria acaba de instalar la mayor bater\u00eda de almacenamiento energ\u00e9tico de toda Europa con 602 MWh que cambian el mapa de la energ\u00eda del continente"},"content":{"rendered":"\n<p class=\"wp-block-paragraph\">Bulgaria acaba de conectar a la red una instalaci\u00f3n de almacenamiento en <a href=\"https:\/\/www.ecoticias.com\/hoyeco\/espana-da-un-golpe-en-la-mesa-y-construye-el-mayor-almacenamiento-de-baterias-conectado-a-la-red-pasando-de-una-capacidad-de-25-000-a-221-000-kw\/36406\/\" target=\"_blank\" rel=\"noreferrer noopener\">bater\u00edas<\/a> de 602 MWh en Burgas, una ciudad clave junto al mar Negro. El proyecto ha sido desarrollado por <a href=\"https:\/\/solarpro.bg\/\" target=\"_blank\" rel=\"noreferrer noopener\">Solarpro Technology AD<\/a> en colaboraci\u00f3n con CATL y la compa\u00f1\u00eda lo presenta como la mayor bater\u00eda operativa de Europa del Este. No es poca cosa.<\/p>\n\n\n\n<p class=\"wp-block-paragraph\">La noticia importa porque la transici\u00f3n energ\u00e9tica ya no va solo de poner m\u00e1s placas solares o m\u00e1s aerogeneradores. Tambi\u00e9n va de guardar esa <a href=\"https:\/\/www.ecoticias.com\/hoyeco\/el-gobierno-lo-confirma-espana-va-a-transformar-una-pequena-presa-en-una-megabateria-de-280-mw-clave-en-los-apagones\/35092\/\" target=\"_blank\" rel=\"noreferrer noopener\">electricidad<\/a> para cuando haga falta, como cuando cae la tarde, baja el viento o la red necesita apoyo. En el fondo, esta bater\u00eda habla de algo muy sencillo para cualquier hogar europeo, que la luz no dependa tanto del momento exacto en el que se produce.<\/p>\n\n\n\n<h2 class=\"wp-block-heading\">Qu\u00e9 ha instalado Bulgaria<\/h2>\n\n\n\n<p class=\"wp-block-paragraph\">La nueva instalaci\u00f3n est\u00e1 situada en Burgas y tiene una capacidad de 602 MWh. Para entenderlo bien, MWh significa megavatios hora y se refiere a la cantidad de energ\u00eda que puede almacenar una bater\u00eda. No es lo mismo que MW, que mide la potencia que puede entregar en un momento concreto.<\/p>\n\n\n\n<p class=\"wp-block-paragraph\">Este detalle parece t\u00e9cnico, pero es importante. En energ\u00eda se mezclan mucho ambas cifras y eso puede confundir. Una bater\u00eda no solo debe ser grande en potencia, tambi\u00e9n debe guardar suficiente electricidad para resultar \u00fatil cuando la red la necesita de verdad.<\/p>\n\n\n\n<p class=\"wp-block-paragraph\">Solarpro se encarg\u00f3 de la ingenier\u00eda, la compra de equipos, la construcci\u00f3n y la integraci\u00f3n completa del sistema. Adelin Antonov, director ejecutivo y miembro del consejo de Solarpro Technology AD, explic\u00f3 que \u201cla combinaci\u00f3n de la tecnolog\u00eda avanzada de almacenamiento de CATL con la integraci\u00f3n eficiente de Solarpro hizo posible poner la instalaci\u00f3n en funcionamiento de forma r\u00e1pida y fiable\u201d.<\/p>\n\n\n\n<h2 class=\"wp-block-heading\">Por qu\u00e9 es un salto importante<\/h2>\n\n\n\n<p class=\"wp-block-paragraph\">La propia CATL asegura que la bater\u00eda aumenta en un 10 % la capacidad total de almacenamiento energ\u00e9tico de Bulgaria. Dicho de forma sencilla, un solo proyecto ha movido la aguja de todo un pa\u00eds. Eso no ocurre todos los d\u00edas.<\/p>\n\n\n\n<p class=\"wp-block-paragraph\">La clave est\u00e1 en la flexibilidad. Cuando hay mucho sol o mucho viento, el sistema puede guardar parte de esa electricidad. Despu\u00e9s puede devolverla cuando la producci\u00f3n renovable baja o cuando la demanda sube, por ejemplo al final del d\u00eda, cuando todo el mundo vuelve a casa, enciende luces, cocina y pone lavadoras.<\/p>\n\n\n\n<p class=\"wp-block-paragraph\">La Comisi\u00f3n Europea lleva tiempo insistiendo en esa idea. El almacenamiento es una tecnolog\u00eda crucial para dar flexibilidad, estabilidad y fiabilidad al sistema el\u00e9ctrico del futuro. Sin bater\u00edas, la energ\u00eda renovable avanza, pero lo hace con m\u00e1s dificultad.<\/p>\n\n\n\n<h2 class=\"wp-block-heading\">La tecnolog\u00eda que hay detr\u00e1s<\/h2>\n\n\n\n<p class=\"wp-block-paragraph\">El proyecto utiliza el sistema <a href=\"https:\/\/www.catl.com\/en\/news\/6232.html\" target=\"_blank\" rel=\"noreferrer noopener\">TENER<\/a> de CATL, una soluci\u00f3n de almacenamiento de clase 6 MWh. Seg\u00fan el fabricante chino, esta tecnolog\u00eda est\u00e1 dise\u00f1ada para no sufrir degradaci\u00f3n de capacidad ni de potencia durante su primer a\u00f1o de operaci\u00f3n. Aqu\u00ed conviene matizar algo importante. No significa que la bater\u00eda de Burgas ya haya demostrado un a\u00f1o completo sin desgaste, sino que esa es la prestaci\u00f3n que CATL atribuye a su sistema.<\/p>\n\n\n\n<p class=\"wp-block-paragraph\">La empresa tambi\u00e9n afirma que TENER reduce el uso de suelo en un 20 % y que ofrece resistencia avanzada frente a la corrosi\u00f3n y los sismos. En una instalaci\u00f3n de este tama\u00f1o, cada metro cuenta. Menos superficie puede facilitar la implantaci\u00f3n de proyectos, aunque luego siempre entran en juego permisos, conexi\u00f3n a red y aceptaci\u00f3n local.<\/p>\n\n\n\n<p class=\"wp-block-paragraph\">Amanda Xu, directora de tecnolog\u00eda de almacenamiento energ\u00e9tico y presidenta de ESS Europa en CATL, resumi\u00f3 el mensaje con una frase muy clara. \u201cEste proyecto muestra lo que es posible cuando la innovaci\u00f3n mundial en bater\u00edas se une a una ejecuci\u00f3n local excepcional\u201d, se\u00f1al\u00f3 la directiva.<\/p>\n\n\n\n<h2 class=\"wp-block-heading\">Un r\u00e9cord ajustado<\/h2>\n\n\n\n<p class=\"wp-block-paragraph\">La bater\u00eda de Burgas supera por muy poco el r\u00e9cord anterior en la regi\u00f3n. Hasta ahora, la referencia era un sistema de 601,8 MWh en Nova Zagora, tambi\u00e9n en Bulgaria, puesto en marcha este a\u00f1o por la empresa Enery. La diferencia es m\u00ednima, pero suficiente para marcar un nuevo hito regional.<\/p>\n\n\n\n<p class=\"wp-block-paragraph\">Eso dice mucho de lo r\u00e1pido que se est\u00e1 moviendo el mercado. Bulgaria no ha pasado de cero a 602 MWh de la noche a la ma\u00f1ana. Lo que vemos ahora es una carrera por a\u00f1adir almacenamiento a gran escala para acompa\u00f1ar el crecimiento solar y e\u00f3lico.<\/p>\n\n\n\n<p class=\"wp-block-paragraph\">Tambi\u00e9n ayuda a explicar por qu\u00e9 otros pa\u00edses de la zona miran de reojo. En Ruman\u00eda, por ejemplo, el mayor sistema operativo comunicado ronda los 400 MWh en el condado de Cluj, desarrollado por Nova Power &amp; Gas. Bulgaria, al menos en estos grandes proyectos recientes, parece estar tomando ventaja.<\/p>\n\n\n\n<h2 class=\"wp-block-heading\">Lo que puede cambiar en la red<\/h2>\n\n\n\n<p class=\"wp-block-paragraph\">Una bater\u00eda as\u00ed no produce energ\u00eda por s\u00ed sola. La guarda. Puede parecer una diferencia peque\u00f1a, pero cambia mucho la forma de gestionar una red el\u00e9ctrica moderna.<\/p>\n\n\n\n<p class=\"wp-block-paragraph\">Si un parque solar genera m\u00e1s electricidad de la que se consume a mediod\u00eda, parte de esa energ\u00eda puede acabar desperdici\u00e1ndose o vendi\u00e9ndose a precios muy bajos. Con almacenamiento, hay m\u00e1s margen para mover esa electricidad a horas en las que hace m\u00e1s falta. Para el consumidor, la traducci\u00f3n puede ser una red m\u00e1s estable y, en algunos casos, menos presi\u00f3n sobre los precios en momentos de pico.<\/p>\n\n\n\n<p class=\"wp-block-paragraph\">La Agencia Internacional de la Energ\u00eda se\u00f1ala que el almacenamiento en bater\u00edas es ya la tecnolog\u00eda el\u00e9ctrica de crecimiento m\u00e1s r\u00e1pido. En 2025 se desplegaron 108 GW de nueva capacidad de almacenamiento en bater\u00edas en todo el mundo, un 40 % m\u00e1s que en 2024. El ritmo se est\u00e1 acelerando. Y eso se nota.<\/p>\n\n\n\n<h2 class=\"wp-block-heading\">Lo que falta por comprobar<\/h2>\n\n\n\n<p class=\"wp-block-paragraph\">El anuncio es relevante, pero no conviene convertirlo en una varita m\u00e1gica. Una bater\u00eda de 602 MWh ayuda a integrar renovables y a estabilizar la red, pero no resuelve por s\u00ed sola todos los problemas del sistema el\u00e9ctrico. Hacen falta redes fuertes, buenos mercados, permisos \u00e1giles y proyectos bien mantenidos.<\/p>\n\n\n\n<p class=\"wp-block-paragraph\">Tambi\u00e9n habr\u00e1 que observar c\u00f3mo se comporta la instalaci\u00f3n con el paso de los meses. Las cifras de degradaci\u00f3n, disponibilidad real, <a href=\"https:\/\/www.ecoticias.com\/hoyeco\/china-vuelve-a-desafiar-al-mundo-y-se-pone-pone-delante-en-la-fabricacion-de-baterias-de-iones-de-litio-construyendo-un-modelo-capaz-de-soportar-mas-de-6-000-ciclos-de-carga-y-descarga-sin-perdida-de\/36235\/\" target=\"_blank\" rel=\"noreferrer noopener\">ciclos<\/a> de carga y descarga, y rendimiento econ\u00f3mico son las que terminan separando un gran anuncio de una gran infraestructura.<\/p>\n\n\n\n<p class=\"wp-block-paragraph\">Aun as\u00ed, el mensaje de Bulgaria es claro. La transici\u00f3n energ\u00e9tica ya no se mide solo por cu\u00e1nta energ\u00eda limpia se instala, sino tambi\u00e9n por cu\u00e1nta se puede guardar y usar en el momento adecuado. Ah\u00ed est\u00e1 la verdadera lecci\u00f3n.<\/p>\n\n\n\n<p class=\"wp-block-paragraph\">El comunicado oficial sobre la puesta en marcha de esta bater\u00eda ha sido publicado por <em><a href=\"https:\/\/www.catl.com\/en\/news\/6851.html\" target=\"_blank\" rel=\"noreferrer noopener\">CATL<\/a><\/em>.<\/p>\n","protected":false},"excerpt":{"rendered":"<p>Bulgaria inaugura una bater\u00eda de 602 MWh que redefine el almacenamiento energ\u00e9tico y acelera la transici\u00f3n europea.<\/p>\n","protected":false},"author":17,"featured_media":37530,"comment_status":"closed","ping_status":"closed","sticky":false,"template":"","format":"standard","meta":{"footnotes":""},"categories":[6],"tags":[],"class_list":["post-37529","post","type-post","status-publish","format-standard","has-post-thumbnail","hentry","category-energia","resize-featured-image"],"_links":{"self":[{"href":"https:\/\/www.ecoticias.com\/hoyeco\/wp-json\/wp\/v2\/posts\/37529","targetHints":{"allow":["GET"]}}],"collection":[{"href":"https:\/\/www.ecoticias.com\/hoyeco\/wp-json\/wp\/v2\/posts"}],"about":[{"href":"https:\/\/www.ecoticias.com\/hoyeco\/wp-json\/wp\/v2\/types\/post"}],"author":[{"embeddable":true,"href":"https:\/\/www.ecoticias.com\/hoyeco\/wp-json\/wp\/v2\/users\/17"}],"replies":[{"embeddable":true,"href":"https:\/\/www.ecoticias.com\/hoyeco\/wp-json\/wp\/v2\/comments?post=37529"}],"version-history":[{"count":1,"href":"https:\/\/www.ecoticias.com\/hoyeco\/wp-json\/wp\/v2\/posts\/37529\/revisions"}],"predecessor-version":[{"id":37531,"href":"https:\/\/www.ecoticias.com\/hoyeco\/wp-json\/wp\/v2\/posts\/37529\/revisions\/37531"}],"wp:featuredmedia":[{"embeddable":true,"href":"https:\/\/www.ecoticias.com\/hoyeco\/wp-json\/wp\/v2\/media\/37530"}],"wp:attachment":[{"href":"https:\/\/www.ecoticias.com\/hoyeco\/wp-json\/wp\/v2\/media?parent=37529"}],"wp:term":[{"taxonomy":"category","embeddable":true,"href":"https:\/\/www.ecoticias.com\/hoyeco\/wp-json\/wp\/v2\/categories?post=37529"},{"taxonomy":"post_tag","embeddable":true,"href":"https:\/\/www.ecoticias.com\/hoyeco\/wp-json\/wp\/v2\/tags?post=37529"}],"curies":[{"name":"wp","href":"https:\/\/api.w.org\/{rel}","templated":true}]}}