{"id":37535,"date":"2026-07-18T20:42:00","date_gmt":"2026-07-18T18:42:00","guid":{"rendered":"https:\/\/www.ecoticias.com\/hoyeco\/?p=37535"},"modified":"2026-07-18T20:42:00","modified_gmt":"2026-07-18T18:42:00","slug":"la-orca-mas-famosa-del-estrecho-de-gibraltar-acusada-de-hundir-barcos-entierra-el-hacha-de-guerra-y-lleva-un-regalo-en-forma-de-atun-a-una-embarcacion","status":"publish","type":"post","link":"https:\/\/www.ecoticias.com\/hoyeco\/la-orca-mas-famosa-del-estrecho-de-gibraltar-acusada-de-hundir-barcos-entierra-el-hacha-de-guerra-y-lleva-un-regalo-en-forma-de-atun-a-una-embarcacion\/37535\/","title":{"rendered":"La orca m\u00e1s famosa del Estrecho de Gibraltar, acusada de hundir barcos, entierra el hacha de guerra y lleva un regalo en forma de at\u00fan a una embarcaci\u00f3n"},"content":{"rendered":"\n<p class=\"wp-block-paragraph\">Estrella, la <a href=\"https:\/\/www.ecoticias.com\/naturaleza\/la-orca-iberica-que-lucha-por-sobrevivir\" target=\"_blank\" rel=\"noreferrer noopener\">orca ib\u00e9rica<\/a> a la que durante a\u00f1os se ha vinculado con choques a embarcaciones en el Estrecho de Gibraltar, acaba de protagonizar una escena muy distinta. En vez de golpear un tim\u00f3n, apareci\u00f3 junto a una embarcaci\u00f3n con una cabeza de at\u00fan y la dej\u00f3 cerca del casco, como si esperara una reacci\u00f3n humana.<\/p>\n\n\n\n<p class=\"wp-block-paragraph\">La imagen no borra los da\u00f1os sufridos por algunos navegantes. Pero s\u00ed obliga a mirar con m\u00e1s cuidado a una poblaci\u00f3n de orcas extremadamente peque\u00f1a, social e inteligente, cuya relaci\u00f3n con los barcos parece mucho m\u00e1s compleja que una simple historia de \u201cataques\u201d.<\/p>\n\n\n\n<h2 class=\"wp-block-heading\">Una escena inesperada en el Estrecho<\/h2>\n\n\n\n<p class=\"wp-block-paragraph\">Las im\u00e1genes se grabaron este mes de junio durante una jornada de la campa\u00f1a <a href=\"https:\/\/wewhale.org\/save-the-iberian-orca\/\" target=\"_blank\" rel=\"noreferrer noopener\">Save The Iberian Orca<\/a>, impulsada por WeWhale con autorizaci\u00f3n del MITECO. El objetivo del proyecto es conocer mejor a la orca ib\u00e9rica y reducir incidentes con embarcaciones a partir de informaci\u00f3n real, no de miedo.<\/p>\n\n\n\n<p class=\"wp-block-paragraph\">Janek Andre, fundador de WeWhale, resumi\u00f3 el momento con una frase que pesa. Estrella dej\u00f3 el at\u00fan junto al casco y, seg\u00fan explic\u00f3, all\u00ed no se ve\u00eda \u201cun monstruo\u201d, sino \u201ccuriosidad, inteligencia\u201d y una conducta social que merece ser estudiada.<\/p>\n\n\n\n<h2 class=\"wp-block-heading\">Un gesto que la ciencia ya hab\u00eda visto<\/h2>\n\n\n\n<p class=\"wp-block-paragraph\">Lo llamativo es que este comportamiento no aparece de la nada. Un estudio publicado en 2025 reuni\u00f3 34 casos, repartidos durante dos d\u00e9cadas, en los que orcas salvajes ofrecieron alimento u otros objetos a personas en distintos oc\u00e9anos, desde California hasta Nueva Zelanda, Noruega o Patagonia.<\/p>\n\n\n\n<p class=\"wp-block-paragraph\">Los investigadores solo incluyeron episodios con criterios estrictos. Las orcas ten\u00edan que acercarse por iniciativa propia, dejar el objeto frente a las personas y, en casi todos los casos, esperar a ver qu\u00e9 ocurr\u00eda despu\u00e9s. En siete ocasiones incluso repitieron el ofrecimiento tras una primera negativa.<\/p>\n\n\n\n<h2 class=\"wp-block-heading\">Estrella no es solo White Gladis<\/h2>\n\n\n\n<p class=\"wp-block-paragraph\">El apodo White Gladis se ha hecho famoso porque encaja bien en titulares r\u00e1pidos. Pero Estrella es algo m\u00e1s que ese nombre, es una madre, una cazadora y un individuo conocido por d\u00e9cadas de <a href=\"https:\/\/www.ecoticias.com\/naturaleza\/analizan-28-000-fotografias-a-lo-largo-de-20-anos-y-descubren-comportamientos-nunca-vistos-en-la-orca-mas-rara-del-mundo-solo-existen-207-ejemplares-identificados-en-todo-el-planeta\" target=\"_blank\" rel=\"noreferrer noopener\">fotoidentificaci\u00f3n<\/a> dentro de una poblaci\u00f3n con muy pocos ejemplares.<\/p>\n\n\n\n<p class=\"wp-block-paragraph\">Un <a href=\"https:\/\/onlinelibrary.wiley.com\/doi\/10.1111\/mms.70088\" target=\"_blank\" rel=\"noreferrer noopener\">estudio<\/a> demogr\u00e1fico reciente situ\u00f3 la abundancia de la subpoblaci\u00f3n de orca ib\u00e9rica en 37 <a href=\"https:\/\/www.ecoticias.com\/naturaleza\/las-ultimas-orcas-ibericas-se-acercan-al-colapso-y-su-supervivencia-pende-de-un-hilo\" target=\"_blank\" rel=\"noreferrer noopener\">individuos<\/a> en 2023. El trabajo analiz\u00f3 18.554 im\u00e1genes de identificaci\u00f3n y 26 varamientos entre 2011 y 2023, y concluy\u00f3 que el grupo sigue encajando en la categor\u00eda de peligro cr\u00edtico de la UICN. No es poca cosa.<\/p>\n\n\n\n<h2 class=\"wp-block-heading\">Una poblaci\u00f3n protegida y fr\u00e1gil<\/h2>\n\n\n\n<p class=\"wp-block-paragraph\">El MITECO recuerda que la orca es un mam\u00edfero marino social e inteligente, presente de forma regular en aguas espa\u00f1olas del Estrecho, Golfo de C\u00e1diz, Galicia y Cant\u00e1brico. Sus movimientos est\u00e1n ligados al <a href=\"https:\/\/www.ecoticias.com\/naturaleza\/ceuta-impulsa-el-estudio-cientifico-del-atun-rojo\" target=\"_blank\" rel=\"noreferrer noopener\">at\u00fan rojo<\/a>, que marca en gran medida su alimentaci\u00f3n y su ruta estacional.<\/p>\n\n\n\n<p class=\"wp-block-paragraph\">En Espa\u00f1a, esta poblaci\u00f3n est\u00e1 catalogada como vulnerable en el Cat\u00e1logo Espa\u00f1ol de Especies Amenazadas. La ley proh\u00edbe matarlas, capturarlas, perseguirlas o molestarlas de forma intencionada, y tambi\u00e9n impide acercarse a menos de 500 metros, alimentarlas o interferir en su movimiento.<\/p>\n\n\n\n<h2 class=\"wp-block-heading\">Ataques o interacciones<\/h2>\n\n\n\n<p class=\"wp-block-paragraph\">Para quien va en un velero y se queda sin tim\u00f3n, el susto es real. Hay da\u00f1os materiales, embarcaciones a la deriva y decisiones complicadas en mitad del mar. Conviene no maquillarlo.<\/p>\n\n\n\n<p class=\"wp-block-paragraph\">Pero llamar a todo \u201cataque\u201d puede cerrar la puerta a entender qu\u00e9 ocurre. El propio MITECO habla de interacciones desde el verano de 2020 y recuerda que el fen\u00f3meno ha sido tratado por el Comit\u00e9 Cient\u00edfico de la Comisi\u00f3n Ballenera Internacional, que impuls\u00f3 un taller con expertos y autoridades de Espa\u00f1a, Portugal y Marruecos.<\/p>\n\n\n\n<h2 class=\"wp-block-heading\">Qu\u00e9 deben hacer los navegantes<\/h2>\n\n\n\n<p class=\"wp-block-paragraph\">La parte pr\u00e1ctica importa tanto como el v\u00eddeo. Las recomendaciones oficiales piden evitar las zonas de alto riesgo, planificar rutas cercanas a la costa dentro de la seguridad y extremar la precauci\u00f3n entre abril y octubre, cuando la presencia de orcas es m\u00e1s probable.<\/p>\n\n\n\n<p class=\"wp-block-paragraph\">Si hay interacci\u00f3n, no se recomienda detener la embarcaci\u00f3n. La pauta oficial es navegar hacia la costa o hacia aguas menos profundas, mantener a la tripulaci\u00f3n lejos de las bandas y no usar medidas disuasorias que puedan da\u00f1ar, molestar o alterar a los <a href=\"https:\/\/www.ecoticias.com\/naturaleza\/los-cetaceos-regresan-a-la-comunitat-valenciana\" target=\"_blank\" rel=\"noreferrer noopener\">cet\u00e1ceos<\/a>.<\/p>\n\n\n\n<p class=\"wp-block-paragraph\">Tambi\u00e9n se pide avisar al Centro de Coordinaci\u00f3n de Salvamento Mar\u00edtimo m\u00e1s cercano por el canal 16 de VHF. Si no supone un riesgo, las fotograf\u00edas ayudan a identificar ejemplares y a seguir mejor su comportamiento.<\/p>\n\n\n\n<h2 class=\"wp-block-heading\">La coexistencia empieza por mirar mejor<\/h2>\n\n\n\n<p class=\"wp-block-paragraph\">Cristina Otero Sabio, bi\u00f3loga marina de WeWhale e Iberian Orca Guardians, recuerda que compartir alimento y ofrecer presas puede estar relacionado con el aprendizaje social, los v\u00ednculos, la curiosidad o la comunicaci\u00f3n. Tambi\u00e9n subraya un matiz clave, no se puede afirmar con certeza cu\u00e1l era la intenci\u00f3n de Estrella.<\/p>\n\n\n\n<p class=\"wp-block-paragraph\">Ese matiz es importante. Un at\u00fan junto al casco no convierte a la orca en mascota ni elimina el riesgo de navegar en una zona sensible. Pero s\u00ed demuestra que el relato necesita menos caricatura y m\u00e1s ciencia.<\/p>\n\n\n\n<p class=\"wp-block-paragraph\">Alexandra Johnston, experta en orcas, lo resumi\u00f3 con una idea sencilla. Comprender su comportamiento es mejor que demonizar a individuos concretos, porque \u201cel miedo\u201d no basta para proteger a navegantes ni a orcas.<\/p>\n\n\n\n<p class=\"wp-block-paragraph\">El estudio cient\u00edfico principal sobre el ofrecimiento de presas por orcas salvajes ha sido publicado en el <a href=\"https:\/\/doi.org\/10.1037\/com0000422\" target=\"_blank\" rel=\"noreferrer noopener\"><em>Journal of Comparative Psychology<\/em><\/a>.<\/p>\n","protected":false},"excerpt":{"rendered":"<p>La orca Estrella sorprende al dejar un at\u00fan junto a un barco y cambia la imagen de una especie rodeada de pol\u00e9mica.<\/p>\n","protected":false},"author":19,"featured_media":37536,"comment_status":"closed","ping_status":"closed","sticky":false,"template":"","format":"standard","meta":{"footnotes":""},"categories":[8],"tags":[],"class_list":["post-37535","post","type-post","status-publish","format-standard","has-post-thumbnail","hentry","category-ciencia","resize-featured-image"],"_links":{"self":[{"href":"https:\/\/www.ecoticias.com\/hoyeco\/wp-json\/wp\/v2\/posts\/37535","targetHints":{"allow":["GET"]}}],"collection":[{"href":"https:\/\/www.ecoticias.com\/hoyeco\/wp-json\/wp\/v2\/posts"}],"about":[{"href":"https:\/\/www.ecoticias.com\/hoyeco\/wp-json\/wp\/v2\/types\/post"}],"author":[{"embeddable":true,"href":"https:\/\/www.ecoticias.com\/hoyeco\/wp-json\/wp\/v2\/users\/19"}],"replies":[{"embeddable":true,"href":"https:\/\/www.ecoticias.com\/hoyeco\/wp-json\/wp\/v2\/comments?post=37535"}],"version-history":[{"count":1,"href":"https:\/\/www.ecoticias.com\/hoyeco\/wp-json\/wp\/v2\/posts\/37535\/revisions"}],"predecessor-version":[{"id":37537,"href":"https:\/\/www.ecoticias.com\/hoyeco\/wp-json\/wp\/v2\/posts\/37535\/revisions\/37537"}],"wp:featuredmedia":[{"embeddable":true,"href":"https:\/\/www.ecoticias.com\/hoyeco\/wp-json\/wp\/v2\/media\/37536"}],"wp:attachment":[{"href":"https:\/\/www.ecoticias.com\/hoyeco\/wp-json\/wp\/v2\/media?parent=37535"}],"wp:term":[{"taxonomy":"category","embeddable":true,"href":"https:\/\/www.ecoticias.com\/hoyeco\/wp-json\/wp\/v2\/categories?post=37535"},{"taxonomy":"post_tag","embeddable":true,"href":"https:\/\/www.ecoticias.com\/hoyeco\/wp-json\/wp\/v2\/tags?post=37535"}],"curies":[{"name":"wp","href":"https:\/\/api.w.org\/{rel}","templated":true}]}}