{"id":37546,"date":"2026-07-19T08:02:00","date_gmt":"2026-07-19T06:02:00","guid":{"rendered":"https:\/\/www.ecoticias.com\/hoyeco\/?p=37546"},"modified":"2026-07-19T08:02:00","modified_gmt":"2026-07-19T06:02:00","slug":"la-onu-avisa-de-que-el-nino-se-intensificara-entre-julio-y-septiembre-y-avisa-de-que-se-avecinan-fenomenos-meteorologicos-extremos-en-todo-el-mundo","status":"publish","type":"post","link":"https:\/\/www.ecoticias.com\/hoyeco\/la-onu-avisa-de-que-el-nino-se-intensificara-entre-julio-y-septiembre-y-avisa-de-que-se-avecinan-fenomenos-meteorologicos-extremos-en-todo-el-mundo\/37546\/","title":{"rendered":"La ONU avisa de que El Ni\u00f1o se intensificar\u00e1 entre julio y septiembre y avisa de que se avecinan fen\u00f3menos meteorol\u00f3gicos extremos en todo el mundo"},"content":{"rendered":"\n<p class=\"wp-block-paragraph\">La <a href=\"https:\/\/wmo.int\/es\" target=\"_blank\" rel=\"noreferrer noopener\">Organizaci\u00f3n Meteorol\u00f3gica Mundial<\/a> ha confirmado que ya se han instaurado condiciones de El Ni\u00f1o en el Pac\u00edfico tropical. El organismo, que forma parte del sistema de Naciones Unidas, advierte de que el fen\u00f3meno se intensificar\u00e1 con rapidez durante los pr\u00f3ximos meses y aumentar\u00e1 la probabilidad de <a href=\"https:\/\/www.ecoticias.com\/cambio-climatico\/la-crisis-climatica-dispara-las-olas-de-calor-en-europa\" target=\"_blank\" rel=\"noreferrer noopener\">olas de calor<\/a>, sequ\u00edas, lluvias intensas y otros episodios extremos en muchas regiones del planeta.<\/p>\n\n\n\n<p class=\"wp-block-paragraph\">No es una se\u00f1al menor. Seg\u00fan la OMM, su \u00faltimo bolet\u00edn sobre el clima estacional mundial apunta a una r\u00e1pida evoluci\u00f3n hacia un episodio intenso entre julio y septiembre de 2026. En la pr\u00e1ctica, esto significa que el oc\u00e9ano est\u00e1 empezando a mover una pieza enorme del tablero clim\u00e1tico mundial. Y cuando el Pac\u00edfico cambia, muchos lugares lo acaban notando.<\/p>\n\n\n\n<h2 class=\"wp-block-heading\">El Ni\u00f1o ya est\u00e1 activo<\/h2>\n\n\n\n<p class=\"wp-block-paragraph\"><a href=\"https:\/\/wmo.int\/es\/topics\/el-nino-la-nina\" target=\"_blank\" rel=\"noreferrer noopener\">El Ni\u00f1o<\/a> es una fase del fen\u00f3meno conocido como El Ni\u00f1o-Oscilaci\u00f3n del Sur. Se produce cuando las aguas superficiales del Pac\u00edfico ecuatorial central y oriental se calientan por encima de lo normal, alterando la circulaci\u00f3n atmosf\u00e9rica y los patrones de lluvia en distintas partes del mundo.<\/p>\n\n\n\n<p class=\"wp-block-paragraph\">La OMM explica que estos episodios suelen aparecer cada dos a siete a\u00f1os y durar entre 9 y 12 meses. Normalmente empiezan a formarse entre marzo y junio, alcanzan su mayor intensidad entre noviembre y febrero y dejan su huella m\u00e1s clara en las temperaturas mundiales durante el a\u00f1o siguiente.<\/p>\n\n\n\n<p class=\"wp-block-paragraph\">\u00bfQu\u00e9 cambia ahora? Que los modelos coinciden de forma notable en el calentamiento del Pac\u00edfico ecuatorial. La OMM prev\u00e9 anomal\u00edas medias estacionales de la temperatura de la superficie del mar superiores a 2 \u00b0C en regiones clave de vigilancia entre julio y septiembre.<\/p>\n\n\n\n<h2 class=\"wp-block-heading\">Por qu\u00e9 preocupa tanto<\/h2>\n\n\n\n<p class=\"wp-block-paragraph\">El Ni\u00f1o no crea por s\u00ed solo todos los extremos meteorol\u00f3gicos, pero s\u00ed puede inclinar la balanza. En un planeta ya m\u00e1s c\u00e1lido, esa peque\u00f1a ayuda extra puede traducirse en m\u00e1s calor, m\u00e1s sequedad en unas zonas y lluvias m\u00e1s intensas en otras.<\/p>\n\n\n\n<p class=\"wp-block-paragraph\">Celeste Saulo, secretaria general de la OMM, se\u00f1al\u00f3 que las condiciones actuales apuntan a un \u201cepisodio fuerte\u201d. Seg\u00fan explic\u00f3, esto elevar\u00e1 el riesgo de <a href=\"https:\/\/www.ecoticias.com\/medio-ambiente\/dia-internacional-de-la-lucha-contra-la-desertificacion-y-la-sequia-2026\" target=\"_blank\" rel=\"noreferrer noopener\">sequ\u00edas<\/a>, lluvias intensas y olas de calor, tanto en tierra como en el oc\u00e9ano.<\/p>\n\n\n\n<p class=\"wp-block-paragraph\">Aqu\u00ed conviene no confundir los t\u00e9rminos. La OMM clasifica los episodios como d\u00e9biles, moderados, fuertes o muy fuertes. En cambio, no utiliza la expresi\u00f3n \u201csuper El Ni\u00f1o\u201d porque no forma parte de su sistema oficial. Parece un detalle, pero importa. Las palabras tambi\u00e9n pueden exagerar una amenaza real.<\/p>\n\n\n\n<h2 class=\"wp-block-heading\">Calor, lluvias y sequ\u00edas<\/h2>\n\n\n\n<p class=\"wp-block-paragraph\">Las consecuencias no ser\u00e1n iguales en todo el mundo. La propia OMM insiste en que cada episodio de El Ni\u00f1o depende de su intensidad, su duraci\u00f3n, la \u00e9poca del a\u00f1o en que se desarrolla y su interacci\u00f3n con otros factores clim\u00e1ticos, como el dipolo del oc\u00e9ano \u00cdndico o las condiciones del Atl\u00e1ntico.<\/p>\n\n\n\n<p class=\"wp-block-paragraph\">Para julio, agosto y septiembre de 2026, el bolet\u00edn apunta a temperaturas superiores a la media en la mayor\u00eda de las zonas continentales entre los 60 grados sur y los 60 grados norte. Es decir, pr\u00e1cticamente todas las regiones pobladas fuera de las zonas polares.<\/p>\n\n\n\n<p class=\"wp-block-paragraph\">En cuanto a la lluvia, se prev\u00e9n precipitaciones por encima de lo normal en el Pac\u00edfico ecuatorial central y oriental. A cambio, partes del oc\u00e9ano \u00cdndico tropical, el subcontinente indio y gran parte de Australia tienen m\u00e1s opciones de registrar lluvias inferiores a lo habitual. Para quien vive del campo, del agua embalsada o de una cosecha que no espera, no es poca cosa.<\/p>\n\n\n\n<h2 class=\"wp-block-heading\">Europa mira con cautela<\/h2>\n\n\n\n<p class=\"wp-block-paragraph\">En <a href=\"https:\/\/www.ecoticias.com\/medio-ambiente\/europa-debera-acostumbrarse-a-las-olas-de-calor\" target=\"_blank\" rel=\"noreferrer noopener\">Europa<\/a>, la se\u00f1al es menos clara que en otras zonas. La OMM habla de un posible contraste entre el norte y el sur, con m\u00e1s probabilidad de lluvias por encima de lo normal en el sur y por debajo de lo normal en el norte. Pero a\u00f1ade un matiz importante. La confianza en las predicciones para Europa sigue siendo inferior a la de muchas otras regiones.<\/p>\n\n\n\n<p class=\"wp-block-paragraph\">Esto significa que no conviene leer la alerta como una previsi\u00f3n autom\u00e1tica para <a href=\"https:\/\/www.ecoticias.com\/cambio-climatico\/las-olas-de-calor-llegan-antes-en-espana\" target=\"_blank\" rel=\"noreferrer noopener\">Espa\u00f1a<\/a>. El Ni\u00f1o es una pieza grande del clima mundial, pero no la \u00fanica. En la pen\u00ednsula tambi\u00e9n cuentan el Atl\u00e1ntico, el Mediterr\u00e1neo, las masas de aire africano, la circulaci\u00f3n atmosf\u00e9rica europea y, por supuesto, el calentamiento de fondo.<\/p>\n\n\n\n<p class=\"wp-block-paragraph\">En la pr\u00e1ctica, lo m\u00e1s sensato es seguir los avisos de los servicios meteorol\u00f3gicos nacionales y no quedarse solo con el titular global. Una alerta de la OMM marca el contexto. El aviso local dice qu\u00e9 puede pasar en tu ciudad, en tu comarca o en tu zona agr\u00edcola. Y eso cambia mucho las decisiones del d\u00eda a d\u00eda.<\/p>\n\n\n\n<h2 class=\"wp-block-heading\">Alertas tempranas<\/h2>\n\n\n\n<p class=\"wp-block-paragraph\">La OMM ha explicado que est\u00e1 reforzando la coordinaci\u00f3n, los servicios de informaci\u00f3n clim\u00e1tica y el apoyo a las alertas tempranas. El objetivo es ayudar a gobiernos, organismos humanitarios, sectores sensibles al clima y comunidades vulnerables a prepararse antes de que lleguen los impactos.<\/p>\n\n\n\n<p class=\"wp-block-paragraph\">La agricultura, la salud, la energ\u00eda y la gesti\u00f3n del agua son algunos de los sectores m\u00e1s expuestos. Una ola de calor no solo se nota en la calle o en la factura de la luz. Tambi\u00e9n puede afectar a los cultivos, al ganado, a los hospitales, a los incendios forestales y al consumo el\u00e9ctrico.<\/p>\n\n\n\n<p class=\"wp-block-paragraph\">Por eso la OMM insiste en que las predicciones estacionales y las \u201calertas tempranas\u201d son claves para reducir da\u00f1os. No eliminan el riesgo, pero dan margen. A veces, unos d\u00edas o unas semanas de preparaci\u00f3n marcan la diferencia entre reaccionar tarde o proteger vidas y medios de subsistencia.<\/p>\n\n\n\n<h2 class=\"wp-block-heading\">Un aviso para prepararse<\/h2>\n\n\n\n<p class=\"wp-block-paragraph\">El mensaje de fondo no es que todo el planeta vaya a sufrir el mismo golpe clim\u00e1tico al mismo tiempo. Es m\u00e1s sencillo y, a la vez, m\u00e1s inc\u00f3modo. El Ni\u00f1o ya est\u00e1 en marcha, se est\u00e1 intensificando y puede aumentar la probabilidad de fen\u00f3menos extremos durante los pr\u00f3ximos meses.<\/p>\n\n\n\n<p class=\"wp-block-paragraph\">La OMM tambi\u00e9n recuerda que pueden producirse episodios extremos incluso cuando El Ni\u00f1o o La Ni\u00f1a no est\u00e1n activos. Pero cuando el Pac\u00edfico ecuatorial se calienta de forma marcada, los riesgos cambian y los gobiernos tienen menos excusas para mirar hacia otro lado.<\/p>\n\n\n\n<p class=\"wp-block-paragraph\">El reloj clim\u00e1tico vuelve a correr deprisa. La buena noticia es que los modelos permiten anticipar parte del riesgo. La mala es que anticipar no sirve de mucho si no se traduce en planificaci\u00f3n, prevenci\u00f3n y avisos \u00fatiles para la gente.<\/p>\n\n\n\n<p class=\"wp-block-paragraph\">El <a href=\"https:\/\/wmo.int\/es\/news\/media-centre\/se-preve-una-intensificacion-de-el-nino-lo-que-aumenta-la-probabilidad-de-fenomenos-meteorologicos\" target=\"_blank\" rel=\"noreferrer noopener\"><em>comunicado oficial<\/em><\/a> sobre la intensificaci\u00f3n de El Ni\u00f1o ha sido publicado por la Organizaci\u00f3n Meteorol\u00f3gica Mundial.<\/p>\n","protected":false},"excerpt":{"rendered":"<p>La ONU alerta de un intenso episodio de El Ni\u00f1o que disparar\u00e1 el riesgo de olas de calor, lluvias extremas y sequ\u00edas.<\/p>\n","protected":false},"author":18,"featured_media":37547,"comment_status":"closed","ping_status":"closed","sticky":false,"template":"","format":"standard","meta":{"footnotes":""},"categories":[8],"tags":[],"class_list":["post-37546","post","type-post","status-publish","format-standard","has-post-thumbnail","hentry","category-ciencia","resize-featured-image"],"_links":{"self":[{"href":"https:\/\/www.ecoticias.com\/hoyeco\/wp-json\/wp\/v2\/posts\/37546","targetHints":{"allow":["GET"]}}],"collection":[{"href":"https:\/\/www.ecoticias.com\/hoyeco\/wp-json\/wp\/v2\/posts"}],"about":[{"href":"https:\/\/www.ecoticias.com\/hoyeco\/wp-json\/wp\/v2\/types\/post"}],"author":[{"embeddable":true,"href":"https:\/\/www.ecoticias.com\/hoyeco\/wp-json\/wp\/v2\/users\/18"}],"replies":[{"embeddable":true,"href":"https:\/\/www.ecoticias.com\/hoyeco\/wp-json\/wp\/v2\/comments?post=37546"}],"version-history":[{"count":1,"href":"https:\/\/www.ecoticias.com\/hoyeco\/wp-json\/wp\/v2\/posts\/37546\/revisions"}],"predecessor-version":[{"id":37548,"href":"https:\/\/www.ecoticias.com\/hoyeco\/wp-json\/wp\/v2\/posts\/37546\/revisions\/37548"}],"wp:featuredmedia":[{"embeddable":true,"href":"https:\/\/www.ecoticias.com\/hoyeco\/wp-json\/wp\/v2\/media\/37547"}],"wp:attachment":[{"href":"https:\/\/www.ecoticias.com\/hoyeco\/wp-json\/wp\/v2\/media?parent=37546"}],"wp:term":[{"taxonomy":"category","embeddable":true,"href":"https:\/\/www.ecoticias.com\/hoyeco\/wp-json\/wp\/v2\/categories?post=37546"},{"taxonomy":"post_tag","embeddable":true,"href":"https:\/\/www.ecoticias.com\/hoyeco\/wp-json\/wp\/v2\/tags?post=37546"}],"curies":[{"name":"wp","href":"https:\/\/api.w.org\/{rel}","templated":true}]}}