{"id":37564,"date":"2026-07-19T22:03:00","date_gmt":"2026-07-19T20:03:00","guid":{"rendered":"https:\/\/www.ecoticias.com\/hoyeco\/?p=37564"},"modified":"2026-07-19T22:03:00","modified_gmt":"2026-07-19T20:03:00","slug":"nuevos-datos-confirman-que-la-corriente-oceanica-que-mantiene-el-clima-templado-en-europa-se-esta-debilitando-y-un-estudio-avisa-podria-perder-mas-de-la-mitad-de-su-fuerza-antes-de-que-acabe-el","status":"publish","type":"post","link":"https:\/\/www.ecoticias.com\/hoyeco\/nuevos-datos-confirman-que-la-corriente-oceanica-que-mantiene-el-clima-templado-en-europa-se-esta-debilitando-y-un-estudio-avisa-podria-perder-mas-de-la-mitad-de-su-fuerza-antes-de-que-acabe-el\/37564\/","title":{"rendered":"Nuevos datos confirman que la corriente\u00a0oce\u00e1nica que mantiene el clima templado en Europa se est\u00e1 debilitando y un estudio avisa: podr\u00eda perder m\u00e1s de la mitad de su fuerza antes de que acabe el siglo y Espa\u00f1a ya empieza a notar los efectos"},"content":{"rendered":"\n<p class=\"wp-block-paragraph\">La gran corriente del Atl\u00e1ntico que lleva calor hacia el norte podr\u00eda perder mucha m\u00e1s fuerza de la que indicaba el promedio de los modelos clim\u00e1ticos. Dos estudios recientes aportan nuevas pistas desde \u00e1ngulos distintos y refuerzan una conclusi\u00f3n inc\u00f3moda, la AMOC se habr\u00eda debilitado y podr\u00eda perder todav\u00eda m\u00e1s intensidad durante este siglo.<\/p>\n\n\n\n<p class=\"wp-block-paragraph\">Eso no significa que Europa vaya a congelarse de repente, como ocurre en la pel\u00edcula \u00abEl d\u00eda de ma\u00f1ana\u00bb. Los cambios se desarrollar\u00edan durante a\u00f1os o d\u00e9cadas, pero podr\u00edan modificar temperaturas, lluvias, tormentas y ecosistemas. Es menos cinematogr\u00e1fico. Tambi\u00e9n es m\u00e1s real.<\/p>\n\n\n\n<h2 class=\"wp-block-heading\">Qu\u00e9 es la AMOC<\/h2>\n\n\n\n<p class=\"wp-block-paragraph\">La Circulaci\u00f3n Meridional de Retorno del Atl\u00e1ntico, conocida como <a href=\"https:\/\/oceanservice.noaa.gov\/facts\/amoc.html\" target=\"_blank\" rel=\"noreferrer noopener\">AMOC<\/a> por sus siglas en ingl\u00e9s, es un enorme sistema de corrientes. Transporta agua c\u00e1lida y salada hacia el Atl\u00e1ntico Norte y devuelve agua fr\u00eda hacia el sur por las capas profundas del oc\u00e9ano.<\/p>\n\n\n\n<p class=\"wp-block-paragraph\">La <a href=\"https:\/\/www.metoffice.gov.uk\/blog\/2025\/what-is-the-gulf-stream-and-how-does-it-affect-uk-weather\" target=\"_blank\" rel=\"noreferrer noopener\">corriente del Golfo<\/a> forma parte de este sistema, aunque no son exactamente lo mismo. Cuando el agua llega a latitudes altas, libera calor, se enfr\u00eda, gana densidad y se hunde. Ese movimiento ayuda a que Europa occidental tenga un clima m\u00e1s suave de lo que corresponder\u00eda por su latitud.<\/p>\n\n\n\n<h2 class=\"wp-block-heading\">La burbuja fr\u00eda<\/h2>\n\n\n\n<p class=\"wp-block-paragraph\">Al sur de Groenlandia e Islandia existe una zona que se ha enfriado desde el siglo XIX mientras casi todo el planeta se calentaba. Los cient\u00edficos la llaman \u00ab<a href=\"https:\/\/www.ecoticias.com\/hoyeco\/en-medio-del-oceano-atlantico-los-cientificos-han-descubierto-un-lugar-que-se-esta-enfriando-mientras-el-resto-del-mundo-sigue-calentandose-y-ahora-saben-por-que\/36785\/\" target=\"_blank\" rel=\"noreferrer noopener\">burbuja fr\u00eda<\/a>\u00bb o \u00abagujero de calentamiento\u00bb, y lleva a\u00f1os apareciendo en mapas clim\u00e1ticos que a veces circulan sin suficiente contexto.<\/p>\n\n\n\n<p class=\"wp-block-paragraph\">El equipo de Stefan Rahmstorf analiz\u00f3 reconstrucciones basadas en observaciones del contenido de calor del oc\u00e9ano y de los intercambios de energ\u00eda con la atm\u00f3sfera. Sus resultados indican que el enfriamiento alcanza distintas profundidades y no puede explicarse solo porque la superficie pierda m\u00e1s calor.<\/p>\n\n\n\n<p class=\"wp-block-paragraph\">En el fondo, la explicaci\u00f3n que mejor encaja es que llega menos energ\u00eda transportada por el oc\u00e9ano. El trabajo apoya as\u00ed la interpretaci\u00f3n de la burbuja fr\u00eda como una se\u00f1al de una AMOC debilitada, aunque reconoce que desde 1955 las tendencias estudiadas no alcanzan significaci\u00f3n estad\u00edstica por la gran variabilidad natural y la falta de datos profundos m\u00e1s antiguos.<\/p>\n\n\n\n<h2 class=\"wp-block-heading\">Una ca\u00edda del 51%<\/h2>\n\n\n\n<p class=\"wp-block-paragraph\">El segundo estudio, dirigido por Valentin Portmann, compar\u00f3 cuatro m\u00e9todos para combinar observaciones reales con modelos clim\u00e1ticos. Bajo el escenario intermedio SSP2-4.5, el promedio sin corregir proyectaba un debilitamiento del 32% con una incertidumbre muy amplia para finales de siglo.<\/p>\n\n\n\n<p class=\"wp-block-paragraph\">Al ajustar los modelos seg\u00fan su capacidad para reproducir variables observadas, la estimaci\u00f3n subi\u00f3 al 51% con un margen de ocho puntos porcentuales dentro de un intervalo del 90%. La comparaci\u00f3n toma como referencia el periodo 1850-1900 y calcula el estado medio de la AMOC entre 2091 y 2100.<\/p>\n\n\n\n<p class=\"wp-block-paragraph\">Conviene detenerse aqu\u00ed. Ese 51% no es la probabilidad de que la corriente colapse, sino la reducci\u00f3n estimada de su fuerza. \u00abLa AMOC va a disminuir m\u00e1s de lo esperado\u00bb, explic\u00f3 Portmann, pero el estudio no fija ni el umbral exacto de un posible <a href=\"https:\/\/www.ecoticias.com\/hoyeco\/cientificos-holandeses-planean-construir-una-represa-de-82-km-de-largo-a-traves-del-estrecho-de-bering-para-evitar-el-colapso-de-las-corrientes-oceanicas\/36824\/\" target=\"_blank\" rel=\"noreferrer noopener\">punto de inflexi\u00f3n<\/a> ni la fecha en que podr\u00eda alcanzarse.<\/p>\n\n\n\n<h2 class=\"wp-block-heading\">Qu\u00e9 cambiar\u00eda en Europa<\/h2>\n\n\n\n<p class=\"wp-block-paragraph\">Una AMOC m\u00e1s d\u00e9bil transportar\u00eda menos calor hacia el Atl\u00e1ntico Norte. Eso podr\u00eda enfriar esa regi\u00f3n respecto al resto del planeta, alterar los recorridos de las borrascas y cambiar los patrones de lluvia, sobre todo durante el invierno.<\/p>\n\n\n\n<p class=\"wp-block-paragraph\">\u00bfSignifica que Europa dejar\u00e1 de calentarse? No necesariamente. El calentamiento global seguir\u00eda actuando, pero algunas zonas podr\u00edan calentarse menos de lo previsto, sufrir <a href=\"https:\/\/www.ecoticias.com\/hoyeco\/alerta-mundial-el-colapso-de-las-corrientes-del-golfo-es-inminente-y-va-a-alterar-el-sistema-climatico\/34967\/\" target=\"_blank\" rel=\"noreferrer noopener\">inviernos m\u00e1s duros<\/a> o experimentar contrastes estacionales distintos. Y eso se nota en el campo, la gesti\u00f3n del agua y la demanda de energ\u00eda.<\/p>\n\n\n\n<p class=\"wp-block-paragraph\">Para Espa\u00f1a, el resultado concreto todav\u00eda es dif\u00edcil de precisar. Los cambios en la circulaci\u00f3n atmosf\u00e9rica del Atl\u00e1ntico pueden influir en las lluvias y las sequ\u00edas, pero la intensidad y la distribuci\u00f3n regional siguen teniendo una incertidumbre considerable. No hay un \u00fanico mapa del futuro.<\/p>\n\n\n\n<h2 class=\"wp-block-heading\">No ser\u00e1 de un d\u00eda para otro<\/h2>\n\n\n\n<p class=\"wp-block-paragraph\">La AMOC mueve cantidades enormes de agua y posee una gran inercia. Una <a href=\"https:\/\/www.ecoticias.com\/hoyeco\/cientificos-franceses-piden-a-espana-y-otros-paises-de-europa-que-se-preparen-porque-la-corriente-del-atlantico-esta-a-punto-de-colapsar-y-las-consecuencias-son-desastrosas\/35537\/\" target=\"_blank\" rel=\"noreferrer noopener\">ralentizaci\u00f3n importante<\/a> no apagar\u00eda el sistema como quien pulsa un interruptor, sino que se desarrollar\u00eda durante a\u00f1os o d\u00e9cadas y sus efectos se ir\u00edan acumulando.<\/p>\n\n\n\n<p class=\"wp-block-paragraph\">Santiago Giralt, investigador de Geoscience Barcelona-CSIC, lo resume con una frase sencilla sobre \u00abEl d\u00eda de ma\u00f1ana\u00bb. \u00abLa f\u00edsica es correcta, pero los tiempos no\u00bb. La pel\u00edcula comprime en d\u00edas procesos que, en el mundo real, necesitar\u00edan mucho m\u00e1s tiempo.<\/p>\n\n\n\n<p class=\"wp-block-paragraph\">El \u00faltimo gran informe del IPCC concluy\u00f3 que la AMOC se debilitar\u00e1 muy probablemente durante este siglo. Tambi\u00e9n indic\u00f3 una confianza media en que no se producir\u00e1 un colapso abrupto antes de 2100. Los nuevos trabajos elevan la preocupaci\u00f3n, pero no convierten una ralentizaci\u00f3n del 51% en una cat\u00e1strofe inmediata.<\/p>\n\n\n\n<h2 class=\"wp-block-heading\">El debate sigue abierto<\/h2>\n\n\n\n<p class=\"wp-block-paragraph\">La cifra de Portmann no es la \u00fanica estimaci\u00f3n disponible. Un estudio publicado en 2025 aplic\u00f3 otro tipo de restricci\u00f3n observacional y calcul\u00f3 una reducci\u00f3n de entre el 18% y el 43% antes de finales de siglo, bastante menor que el 51%.<\/p>\n\n\n\n<p class=\"wp-block-paragraph\">\u00bfC\u00f3mo pueden surgir resultados distintos con observaciones parecidas? Cada m\u00e9todo decide qu\u00e9 variables son m\u00e1s \u00fatiles para corregir los modelos. Unos dan m\u00e1s peso a la salinidad del Atl\u00e1ntico Sur y otros a la profundidad y la estructura actual de la circulaci\u00f3n.<\/p>\n\n\n\n<p class=\"wp-block-paragraph\">Los propios autores del trabajo de Portmann piden cautela. Su c\u00e1lculo reduce mucho la incertidumbre, pero depende de supuestos estad\u00edsticos fuertes y de la selecci\u00f3n de variables. Adem\u00e1s, las principales series de vigilancia directa y continua apenas abarcan unas dos d\u00e9cadas, muy poco frente a un sistema con cambios naturales lentos.<\/p>\n\n\n\n<h2 class=\"wp-block-heading\">Qu\u00e9 debemos vigilar ahora<\/h2>\n\n\n\n<p class=\"wp-block-paragraph\">Los pr\u00f3ximos a\u00f1os ser\u00e1n decisivos para ampliar las series de temperatura, salinidad, densidad y transporte de calor. Las boyas, los barcos, los sat\u00e9lites y las redes de instrumentos que cruzan el Atl\u00e1ntico permitir\u00e1n separar mejor una tendencia causada por el calentamiento de las oscilaciones naturales.<\/p>\n\n\n\n<p class=\"wp-block-paragraph\">No hay motivos para esperar una glaciaci\u00f3n ma\u00f1ana, pero tampoco para restar importancia a una corriente que influye en el clima del Atl\u00e1ntico y de regiones conectadas. Reducir las emisiones limita la presi\u00f3n sobre el sistema, mientras que mejorar la adaptaci\u00f3n ayuda a preparar la agricultura, las costas, la energ\u00eda y las infraestructuras para escenarios que ya no parecen tan lejanos.<\/p>\n\n\n\n<p class=\"wp-block-paragraph\">La ciencia todav\u00eda debe afinar la magnitud y el calendario del riesgo.&nbsp;<\/p>\n\n\n\n<p class=\"wp-block-paragraph\">El estudio m\u00e1s reciente sobre la \u00abburbuja fr\u00eda\u00bb puede consultarse en <em><a href=\"https:\/\/doi.org\/10.1126\/sciadv.adx4298\" target=\"_blank\" rel=\"noreferrer noopener\">Science Advances<\/a><\/em>.<\/p>\n","protected":false},"excerpt":{"rendered":"<p>Nuevos estudios alertan de que la AMOC pierde fuerza y Espa\u00f1a podr\u00eda empezar a notar cambios en el clima este siglo.<\/p>\n","protected":false},"author":18,"featured_media":37565,"comment_status":"closed","ping_status":"closed","sticky":false,"template":"","format":"standard","meta":{"footnotes":""},"categories":[8],"tags":[],"class_list":["post-37564","post","type-post","status-publish","format-standard","has-post-thumbnail","hentry","category-ciencia","resize-featured-image"],"_links":{"self":[{"href":"https:\/\/www.ecoticias.com\/hoyeco\/wp-json\/wp\/v2\/posts\/37564","targetHints":{"allow":["GET"]}}],"collection":[{"href":"https:\/\/www.ecoticias.com\/hoyeco\/wp-json\/wp\/v2\/posts"}],"about":[{"href":"https:\/\/www.ecoticias.com\/hoyeco\/wp-json\/wp\/v2\/types\/post"}],"author":[{"embeddable":true,"href":"https:\/\/www.ecoticias.com\/hoyeco\/wp-json\/wp\/v2\/users\/18"}],"replies":[{"embeddable":true,"href":"https:\/\/www.ecoticias.com\/hoyeco\/wp-json\/wp\/v2\/comments?post=37564"}],"version-history":[{"count":1,"href":"https:\/\/www.ecoticias.com\/hoyeco\/wp-json\/wp\/v2\/posts\/37564\/revisions"}],"predecessor-version":[{"id":37566,"href":"https:\/\/www.ecoticias.com\/hoyeco\/wp-json\/wp\/v2\/posts\/37564\/revisions\/37566"}],"wp:featuredmedia":[{"embeddable":true,"href":"https:\/\/www.ecoticias.com\/hoyeco\/wp-json\/wp\/v2\/media\/37565"}],"wp:attachment":[{"href":"https:\/\/www.ecoticias.com\/hoyeco\/wp-json\/wp\/v2\/media?parent=37564"}],"wp:term":[{"taxonomy":"category","embeddable":true,"href":"https:\/\/www.ecoticias.com\/hoyeco\/wp-json\/wp\/v2\/categories?post=37564"},{"taxonomy":"post_tag","embeddable":true,"href":"https:\/\/www.ecoticias.com\/hoyeco\/wp-json\/wp\/v2\/tags?post=37564"}],"curies":[{"name":"wp","href":"https:\/\/api.w.org\/{rel}","templated":true}]}}