{"id":37567,"date":"2026-07-19T23:33:00","date_gmt":"2026-07-19T21:33:00","guid":{"rendered":"https:\/\/www.ecoticias.com\/hoyeco\/?p=37567"},"modified":"2026-07-19T23:33:00","modified_gmt":"2026-07-19T21:33:00","slug":"los-expertos-coinciden-el-aparato-que-mas-luz-gasta-en-tu-casa-no-es-ni-la-nevera-ni-la-lavadora-y-puedes-bajar-su-consumo-con-un-simple-gesto","status":"publish","type":"post","link":"https:\/\/www.ecoticias.com\/hoyeco\/los-expertos-coinciden-el-aparato-que-mas-luz-gasta-en-tu-casa-no-es-ni-la-nevera-ni-la-lavadora-y-puedes-bajar-su-consumo-con-un-simple-gesto\/37567\/","title":{"rendered":"Los expertos coinciden: el aparato que m\u00e1s luz gasta en tu casa no es ni la nevera ni la lavadora y puedes bajar su consumo con un simple gesto"},"content":{"rendered":"<p>Cuando llega una <a href=\"https:\/\/www.ecoticias.com\/hoyeco\/el-electrodomestico-que-consume-tanta-electricidad-como-65-frigorificos-encendidos-a-la-vez-apagalo-inmediatamente\/36902\/\" target=\"_blank\" rel=\"noreferrer noopener\">factura<\/a> de la luz m\u00e1s alta de lo esperado, las sospechas suelen caer sobre la nevera, la <a href=\"https:\/\/energy-efficient-products.ec.europa.eu\/product-list\/washing-machines_en\" target=\"_blank\" rel=\"noreferrer noopener\">lavadora<\/a> o la secadora. Sin embargo, en las viviendas que calientan el agua con electricidad, el gran consumidor puede estar colgado en una pared y pasar casi desapercibido. Es el termo el\u00e9ctrico, tambi\u00e9n llamado acumulador.<\/p>\n<p>La clave est\u00e1 en que no solo calienta el agua de las duchas. Tambi\u00e9n mantiene decenas de litros a una <a href=\"https:\/\/www.ecoticias.com\/hoyeco\/mucha-gente-usa-sus-calefactores-incorrectamente-los-expertos-revelan-la-temperatura-correcta-para-ahorrar-electricidad-tan-solo-un-kilovatio-hora-extra-puede-aumentar-la-factura-de-la-luz-un-15\/32321\/\" target=\"_blank\" rel=\"noreferrer noopener\">temperatura<\/a> elevada durante horas, incluso cuando nadie abre un grifo. Por eso, revisar este aparato puede dar m\u00e1s resultado que obsesionarse con apagar luces durante unos minutos.<\/p>\n<h2>Por qu\u00e9 gasta tanto<\/h2>\n<p>Un <a href=\"https:\/\/www.ecoticias.com\/hoyeco\/el-aparato-electrico-que-tenemos-en-todas-nuestras-casas-y-es-el-que-mas-energia-consume-despues-de-la-calefaccion\/33131\/\" target=\"_blank\" rel=\"noreferrer noopener\">termo<\/a> con dep\u00f3sito utiliza una resistencia para elevar la temperatura del agua. Cada vez que sale agua caliente entra agua fr\u00eda, y el equipo debe volver a calentarla. Adem\u00e1s, el dep\u00f3sito pierde calor hacia la habitaci\u00f3n y se enciende de nuevo para compensarlo.<\/p>\n<p>La Comisi\u00f3n Europea calcula que los calentadores de agua representan hasta el 6 % del consumo de energ\u00eda primaria de la Uni\u00f3n Europea. Cerca de tres cuartas partes del volumen de agua caliente se utiliza en los hogares, por lo que el ecodise\u00f1o europeo regula la eficiencia y las p\u00e9rdidas t\u00e9rmicas de estos equipos.<\/p>\n<p>En Espa\u00f1a, el estudio <a href=\"https:\/\/www.idae.es\/sites\/default\/files\/estudios_informes_y_estadisticas\/Informe_SPAHOUSEC_Basico_logo_Eurostat_negro_FINAL.pdf\" target=\"_blank\" rel=\"noreferrer noopener\">SPAHOUSEC<\/a>, una referencia hist\u00f3rica del IDAE, situ\u00f3 el agua caliente sanitaria en el 18,9 % del consumo final de energ\u00eda dom\u00e9stica. Es una fotograf\u00eda anterior a los aparatos actuales y no sirve para calcular una factura de hoy. Pero muestra el peso que puede tener este servicio en casa.<\/p>\n<h2>La comparaci\u00f3n que sorprende<\/h2>\n<p>La Comisi\u00f3n Europea estima que un hogar de la UE utilizaba de media unos 72 litros diarios de agua caliente a 60 \u00b0C en 2020. Si el agua entra a 15 \u00b0C, un c\u00e1lculo orientativo sit\u00faa la energ\u00eda necesaria para calentarla en unos 1375 kWh al a\u00f1o. En un termo de resistencia, esa demanda se cubre casi por completo con electricidad, antes de sumar las p\u00e9rdidas del dep\u00f3sito y las tuber\u00edas.<\/p>\n<p>Aun as\u00ed, no todas las familias consumen lo mismo. La comparaci\u00f3n sirve para entender la escala. En 2020, los frigor\u00edficos con congelador vendidos en la UE promediaban 181 kWh anuales y las lavadoras vendidas ese mismo a\u00f1o unos 96 kWh.<\/p>\n<h2>El tama\u00f1o importa<\/h2>\n<p>Un dep\u00f3sito demasiado grande mantiene caliente m\u00e1s agua de la que una casa necesita. Eso puede elevar las p\u00e9rdidas, sobre todo si el aislamiento es pobre o el termo est\u00e1 en un garaje fr\u00edo. Uno muy peque\u00f1o puede quedarse sin reserva en las horas de mayor uso y reducir el confort.<\/p>\n<p>Conviene aclarar algo. Un termo peque\u00f1o no consume m\u00e1s solo porque se encienda m\u00e1s veces, ya que la energ\u00eda depende sobre todo del agua utilizada, del salto de temperatura y de las p\u00e9rdidas. Al comprar uno nuevo, hay que mirar el perfil de carga y el consumo anual de la etiqueta, no \u00fanicamente los litros.<\/p>\n<h2>La temperatura correcta<\/h2>\n<p>El IDAE recomienda entre 55 y 60 \u00b0C para los sistemas con acumulaci\u00f3n, aunque el agua se utilice despu\u00e9s a unos 40 \u00b0C. Tambi\u00e9n aconseja la grifer\u00eda termost\u00e1tica, que mezcla el agua antes de que llegue a la piel y mejora el control.<\/p>\n<p>\u00bfSer\u00eda buena idea dejar el termo a 40 \u00b0C para ahorrar m\u00e1s? No necesariamente. Una temperatura demasiado baja puede crear problemas de higiene en determinadas instalaciones, mientras que una consigna excesiva aumenta las p\u00e9rdidas y el riesgo de quemaduras. Lo prudente es respetar el manual y las recomendaciones sanitarias aplicables.<\/p>\n<h2>Los h\u00e1bitos que s\u00ed ahorran<\/h2>\n<p>El ahorro m\u00e1s directo consiste en usar menos <a href=\"https:\/\/www.ecoticias.com\/hoyeco\/alemania-da-una-leccion-a-espana-e-instala-masivamente-en-los-tejados-paneles-solares-con-eficiencia-del-90-y-capaces-de-cubrir-el-65-de-la-calefaccion-del-hogar\/36735\/\" target=\"_blank\" rel=\"noreferrer noopener\">agua caliente<\/a> sin perder comodidad. Una ducha algo m\u00e1s corta, un cabezal de bajo caudal o cerrar el grifo mientras uno se enjabona reducen el consumo de agua y de electricidad. Y eso se nota.<\/p>\n<p>Tambi\u00e9n conviene vigilar el grifo monomando. El IDAE advierte de que abrirlo en la posici\u00f3n central durante unos segundos puede pedir agua caliente aunque no haga falta. Para lavarse las manos r\u00e1pidamente o aclarar un vaso, la posici\u00f3n de agua fr\u00eda evita ese peque\u00f1o gasto.<\/p>\n<p>Programar el equipo puede ayudar cuando la <a href=\"https:\/\/www.ecoticias.com\/hoyeco\/golpe-de-la-ue-a-espana-pide-acabar-con-la-tarifa-regulada-de-luz-y-podria-costar-240e-mas-al-ano-a-8-millones-de-espanoles\/35961\/\" target=\"_blank\" rel=\"noreferrer noopener\">tarifa<\/a> ofrece horas m\u00e1s baratas. Pero desplazar el calentamiento no siempre reduce los kWh, a veces solo cambia el momento en que se pagan. El mayor ahorro aparece cuando se reducen las p\u00e9rdidas y el agua calentada sin necesidad.<\/p>\n<h2>El estado del equipo<\/h2>\n<p>Un termo antiguo puede tener peor aislamiento que uno moderno. Si tarda m\u00e1s de lo habitual en calentar, la temperatura fluct\u00faa o aparecen se\u00f1ales de corrosi\u00f3n, conviene pedir una revisi\u00f3n. El mantenimiento debe seguir el manual y cualquier intervenci\u00f3n interna debe realizarla un profesional cualificado.<\/p>\n<p>La ubicaci\u00f3n tambi\u00e9n importa. Un dep\u00f3sito instalado en un espacio fr\u00edo pierde m\u00e1s calor, y una tuber\u00eda larga con poco aislamiento deja parte de la energ\u00eda por el camino. A veces el problema no est\u00e1 en cu\u00e1nto agua usamos, sino en todo lo que se enfr\u00eda antes de llegar a la ducha.<\/p>\n<h2>C\u00f3mo comprobar el consumo<\/h2>\n<p>La factura no separa el gasto de cada aparato. Se puede consultar la curva horaria del contador inteligente y observar qu\u00e9 ocurre despu\u00e9s de varias duchas o cuando el termo recupera la temperatura. Una medici\u00f3n por circuito debe hacerla un electricista si el equipo est\u00e1 conectado de forma fija.<\/p>\n<p>Tambi\u00e9n sirve revisar la placa de potencia. Un termo de 2000 W que calienta durante dos horas consume 4 kWh en ese periodo. Repetido casi a diario, el resultado deja de parecer peque\u00f1o.<\/p>\n<h2>No ocurre igual en todas las casas<\/h2>\n<p>El termo el\u00e9ctrico no es siempre el mayor gasto. En una vivienda con calefacci\u00f3n el\u00e9ctrica, aire acondicionado intensivo, piscina o coche el\u00e9ctrico, otros equipos pueden estar por encima. Tampoco ser\u00e1 el culpable si el agua se calienta con gas, energ\u00eda solar t\u00e9rmica o una bomba de calor eficiente.<\/p>\n<p>Pero en una casa con acumulador el\u00e9ctrico de resistencia, varias personas y duchas diarias, merece estar entre los primeros sospechosos. Antes de apagar la nevera o renunciar a una lavadora, tiene m\u00e1s sentido revisar la temperatura, el tama\u00f1o, el aislamiento y los h\u00e1bitos de agua caliente. No es poca cosa.<\/p>\n<p>La referencia m\u00e1s reciente procede de la <a href=\"https:\/\/energy-efficient-products.ec.europa.eu\/product-list\/water-heaters_en\" target=\"_blank\" rel=\"noreferrer noopener\"><em>Comisi\u00f3n Europea<\/em><\/a>.<\/p>\n","protected":false},"excerpt":{"rendered":"<p>El termo el\u00e9ctrico puede disparar tu factura de la luz y un sencillo cambio de h\u00e1bito ayuda a reducir su consumo.<\/p>\n","protected":false},"author":19,"featured_media":37568,"comment_status":"closed","ping_status":"closed","sticky":false,"template":"","format":"standard","meta":{"footnotes":""},"categories":[6],"tags":[],"class_list":["post-37567","post","type-post","status-publish","format-standard","has-post-thumbnail","hentry","category-energia","resize-featured-image"],"_links":{"self":[{"href":"https:\/\/www.ecoticias.com\/hoyeco\/wp-json\/wp\/v2\/posts\/37567","targetHints":{"allow":["GET"]}}],"collection":[{"href":"https:\/\/www.ecoticias.com\/hoyeco\/wp-json\/wp\/v2\/posts"}],"about":[{"href":"https:\/\/www.ecoticias.com\/hoyeco\/wp-json\/wp\/v2\/types\/post"}],"author":[{"embeddable":true,"href":"https:\/\/www.ecoticias.com\/hoyeco\/wp-json\/wp\/v2\/users\/19"}],"replies":[{"embeddable":true,"href":"https:\/\/www.ecoticias.com\/hoyeco\/wp-json\/wp\/v2\/comments?post=37567"}],"version-history":[{"count":1,"href":"https:\/\/www.ecoticias.com\/hoyeco\/wp-json\/wp\/v2\/posts\/37567\/revisions"}],"predecessor-version":[{"id":37569,"href":"https:\/\/www.ecoticias.com\/hoyeco\/wp-json\/wp\/v2\/posts\/37567\/revisions\/37569"}],"wp:featuredmedia":[{"embeddable":true,"href":"https:\/\/www.ecoticias.com\/hoyeco\/wp-json\/wp\/v2\/media\/37568"}],"wp:attachment":[{"href":"https:\/\/www.ecoticias.com\/hoyeco\/wp-json\/wp\/v2\/media?parent=37567"}],"wp:term":[{"taxonomy":"category","embeddable":true,"href":"https:\/\/www.ecoticias.com\/hoyeco\/wp-json\/wp\/v2\/categories?post=37567"},{"taxonomy":"post_tag","embeddable":true,"href":"https:\/\/www.ecoticias.com\/hoyeco\/wp-json\/wp\/v2\/tags?post=37567"}],"curies":[{"name":"wp","href":"https:\/\/api.w.org\/{rel}","templated":true}]}}