{"id":37577,"date":"2026-07-20T12:47:00","date_gmt":"2026-07-20T10:47:00","guid":{"rendered":"https:\/\/www.ecoticias.com\/hoyeco\/?p=37577"},"modified":"2026-07-20T12:47:00","modified_gmt":"2026-07-20T10:47:00","slug":"una-zanja-de-30-metros-bajo-la-catedral-de-notre-dame-revela-2-000-anos-de-historia-encuentran-una-moneda-romana-del-siglo-iv-acunada-por-constantino","status":"publish","type":"post","link":"https:\/\/www.ecoticias.com\/hoyeco\/una-zanja-de-30-metros-bajo-la-catedral-de-notre-dame-revela-2-000-anos-de-historia-encuentran-una-moneda-romana-del-siglo-iv-acunada-por-constantino\/37577\/","title":{"rendered":"Una zanja de 30 metros bajo la catedral de notre-Dame revela 2.000 a\u00f1os de historia: encuentran una moneda romana del siglo IV acu\u00f1ada por Constantino"},"content":{"rendered":"\n<p class=\"wp-block-paragraph\">Una moneda romana del siglo IV con el rostro del emperador <a href=\"https:\/\/apnews.com\/article\/notre-dame-dig-treasures-paris-archaeology-roman-dae41f792c1402faf32a87c154cc9a77\" target=\"_blank\" rel=\"noreferrer noopener\">Constantino<\/a> ha aparecido bajo la plaza situada frente a Notre-Dame de Par\u00eds. La pieza forma parte de cientos de objetos y estructuras que est\u00e1n revelando, capa a capa, c\u00f3mo cambi\u00f3 la \u00cele de la Cit\u00e9 desde la antigua Lutecia hasta la ciudad medieval.<\/p>\n\n\n\n<p class=\"wp-block-paragraph\">No se trata de una excavaci\u00f3n dentro de la catedral, sino de una intervenci\u00f3n <a href=\"https:\/\/www.inrap.fr\/l-archeologie-preventive-9838\" target=\"_blank\" rel=\"noreferrer noopener\">preventiva<\/a> en su parvis, la plaza exterior por la que hoy pasan miles de visitantes. El valor principal de la moneda no est\u00e1 en el metal, sino en la fecha que aporta y en el contexto que la rodea. Bajo apenas cuatro metros de tierra se acumulan casi veinte siglos de historia.<\/p>\n\n\n\n<h2 class=\"wp-block-heading\">Una obra urbana abri\u00f3 la puerta<\/h2>\n\n\n\n<p class=\"wp-block-paragraph\">Las excavaciones comenzaron en enero de 2026, despu\u00e9s de retirar la losa de hormig\u00f3n que cubr\u00eda parte de la plaza. La intervenci\u00f3n, de unos 30 metros de longitud y hasta cuatro metros de profundidad, est\u00e1 prevista para ocho meses y cuenta con la direcci\u00f3n cient\u00edfica de la arque\u00f3loga Camille Colonna.<\/p>\n\n\n\n<p class=\"wp-block-paragraph\">Los trabajos fueron prescritos por la Direcci\u00f3n Regional de Asuntos Culturales de \u00cele-de-France antes de remodelar los alrededores de Notre-Dame. En la pr\u00e1ctica, los arque\u00f3logos deben documentar lo que puede quedar afectado por las obras antes de que entren las m\u00e1quinas. No es una b\u00fasqueda de tesoros.<\/p>\n\n\n\n<h2 class=\"wp-block-heading\">La moneda que devuelve un rostro<\/h2>\n\n\n\n<p class=\"wp-block-paragraph\">La moneda apareci\u00f3 como un peque\u00f1o disco oscuro, muy castigado por la corrosi\u00f3n. Las im\u00e1genes obtenidas con rayos X permitieron reconocer el rostro de Constantino, emperador romano de comienzos del siglo IV, y situar la pieza hace unos <a href=\"https:\/\/www.ecoticias.com\/hoyeco\/un-camionero-aficionado-a-los-metales-deja-sin-palabras-a-los-arqueologos-descubre-un-anillo-romano-de-oro-de-38-gramos-con-incrustaciones-de-joyas-valorado-en-90-000-euros\/36773\/\" target=\"_blank\" rel=\"noreferrer noopener\">1.700 a\u00f1os<\/a>.<\/p>\n\n\n\n<p class=\"wp-block-paragraph\">\u00bfQu\u00e9 significa esto para los investigadores? Las monedas ayudan a acotar la fecha de una capa del terreno y permiten relacionarla con muros, calles u otros objetos encontrados alrededor. Aun as\u00ed, el contexto completo manda, porque una sola pieza no explica por s\u00ed misma toda la historia del lugar.<\/p>\n\n\n\n<h2 class=\"wp-block-heading\">Par\u00eds estaba all\u00ed antes de Notre-Dame<\/h2>\n\n\n\n<p class=\"wp-block-paragraph\">Cuando comenz\u00f3 la construcci\u00f3n de Notre-Dame en el siglo XII, la plaza actual no era un espacio abierto como el que conocemos. Estaba ocupada por casas medievales, s\u00f3tanos y una calle que atravesaba la zona, restos que el equipo ha vuelto a localizar bajo el suelo moderno.<\/p>\n\n\n\n<p class=\"wp-block-paragraph\">M\u00e1s abajo aparecieron fosas para guardar grano de \u00e9poca merovingia y carolingia, utilizadas entre los siglos VI y X. Debajo de ellas se extiende un <a href=\"https:\/\/www.ecoticias.com\/hoyeco\/abren-un-sarcofago-romano-de-hace-1-700-anos-y-no-dan-credito-a-lo-que-encuentran-dentro-una-capsula-del-tiempo-intacta\/35004\/\" target=\"_blank\" rel=\"noreferrer noopener\">sector romano<\/a> m\u00e1s antiguo, fechado en buena parte entre los siglos IV y V. Una ciudad sobre otra, y eso se nota.<\/p>\n\n\n\n<h2 class=\"wp-block-heading\">Las letrinas guardaron lo cotidiano<\/h2>\n\n\n\n<p class=\"wp-block-paragraph\">Algunos de los objetos mejor conservados proceden de antiguas letrinas medievales que tambi\u00e9n funcionaron como basureros. All\u00ed han aparecido jarras y vasos casi enteros, adem\u00e1s de platos rotos, huesos de animales y otros restos vinculados a la comida y a la vida dom\u00e9stica.<\/p>\n\n\n\n<p class=\"wp-block-paragraph\">Puede sonar poco atractivo, pero estos pozos son una mina de informaci\u00f3n. Los residuos blandos amortiguaron golpes y protegieron recipientes que, en otros suelos, habr\u00edan terminado hechos a\u00f1icos. La arque\u00f3loga Valentine Breloux reconoce que es \u00abraro encontrar cer\u00e1micas completas\u00bb.<\/p>\n\n\n\n<h2 class=\"wp-block-heading\">Unos signos a\u00fan sin descifrar<\/h2>\n\n\n\n<p class=\"wp-block-paragraph\">La sorpresa lleg\u00f3 al limpiar varios fragmentos de cer\u00e1mica medieval. En su interior aparecieron se\u00f1ales rojizas, repetidas en distintas piezas y pintadas de una forma que todav\u00eda no ha podido <a href=\"https:\/\/www.ecoticias.com\/hoyeco\/hallazgo-inaudito-que-reescribe-la-historia-arqueologos-descifran-tablillas-de-hace-4000-anos-y-revelan-rituales-de-brujeria-magia-antigua-y-recetas-de-hechizos\/35380\/\" target=\"_blank\" rel=\"noreferrer noopener\">descifrarse<\/a>.<\/p>\n\n\n\n<p class=\"wp-block-paragraph\">Los especialistas no han determinado qu\u00e9 representan ni para qu\u00e9 serv\u00edan. Por ahora, atribuirles un significado ser\u00eda especular. El misterio existe, pero la respuesta a\u00fan no.<\/p>\n\n\n\n<h2 class=\"wp-block-heading\">Piedras romanas reutilizadas<\/h2>\n\n\n\n<p class=\"wp-block-paragraph\">El equipo tambi\u00e9n ha recuperado un umbral romano que tuvo una segunda vida. Proced\u00eda de un edificio mucho mayor, pero fue trasladado, colocado boca abajo y utilizado como pavimento de una v\u00eda.<\/p>\n\n\n\n<p class=\"wp-block-paragraph\">Este detalle muestra que la <a href=\"https:\/\/www.ecoticias.com\/hoyeco\/un-rover-terrestre-recorrio-kilometros-de-tuneles-etruscos-perdidos-bajo-la-antigua-ciudad-de-veies-revelando-una-red-subterranea-intacta-desde-hace-mas-de-2-000-anos\/32458\/\" target=\"_blank\" rel=\"noreferrer noopener\">ciudad antigua<\/a> no desapareci\u00f3 de un d\u00eda para otro. Sus habitantes desmontaban edificios y adaptaban materiales a nuevas necesidades, una pr\u00e1ctica que hoy llamar\u00edamos reutilizaci\u00f3n. La econom\u00eda de recursos tambi\u00e9n deja huella.<\/p>\n\n\n\n<h2 class=\"wp-block-heading\">Lo que ocurre despu\u00e9s del hallazgo<\/h2>\n\n\n\n<p class=\"wp-block-paragraph\">Cada objeto sale de la excavaci\u00f3n con un n\u00famero y una posici\u00f3n exacta. Despu\u00e9s viaja al centro arqueol\u00f3gico de la ciudad, donde se limpia, fotograf\u00eda, clasifica y estudia junto con las capas, los planos y las estructuras de las que procede.<\/p>\n\n\n\n<p class=\"wp-block-paragraph\">Ese trabajo puede cambiar las primeras interpretaciones. Una jarra ayuda a conocer h\u00e1bitos cotidianos, una moneda ofrece una referencia temporal y los huesos de animales hablan de alimentaci\u00f3n. La informaci\u00f3n aparece al unir las piezas, no al contemplarlas por separado.<\/p>\n\n\n\n<h2 class=\"wp-block-heading\">La b\u00fasqueda de un Par\u00eds a\u00fan m\u00e1s antiguo<\/h2>\n\n\n\n<p class=\"wp-block-paragraph\">Los niveles romanos son especialmente valiosos porque siguen siendo menos conocidos que muchas etapas medievales. El equipo espera profundizar hasta encontrar indicios anteriores, quiz\u00e1 relacionados con las poblaciones galas que ocuparon la regi\u00f3n antes del dominio romano.<\/p>\n\n\n\n<p class=\"wp-block-paragraph\">Pero conviene mantener la prudencia. La ciudad de Par\u00eds ha recuperado monedas y enterramientos galos en distintas intervenciones, aunque todav\u00eda no dispone de una prueba clara de un asentamiento galo en la propia \u00cele de la Cit\u00e9. El suelo tendr\u00e1 la \u00faltima palabra.<\/p>\n\n\n\n<h2 class=\"wp-block-heading\">La arqueolog\u00eda tambi\u00e9n habla del clima<\/h2>\n\n\n\n<p class=\"wp-block-paragraph\">La excavaci\u00f3n existe porque Par\u00eds quiere transformar los alrededores de Notre-Dame en un espacio m\u00e1s verde y soportable durante el verano. El proyecto prev\u00e9 plantar 160 \u00e1rboles nuevos, sumar 1.800 metros cuadrados de vegetaci\u00f3n y hacer circular una fina l\u00e1mina de agua de cinco mil\u00edmetros para refrescar la plaza en los d\u00edas de m\u00e1s calor.<\/p>\n\n\n\n<p class=\"wp-block-paragraph\">En unos a\u00f1os, las personas que hoy esperan bajo el sol podr\u00e1n hacerlo a la sombra, mientras el antiguo aparcamiento subterr\u00e1neo se convierte en un espacio de acogida y <a href=\"https:\/\/www.ecoticias.com\/hoyeco\/sevilla-encontro-la-solucion-al-calor-extremo-donde-nadie-la-buscaba-en-la-edad-del-bronce-con-galerias-subterraneas-de-agua-y-barro-poroso-que-enfrian-las-calles-10-grados-sin-un-solo-vatio-de-elec\/36927\/\" target=\"_blank\" rel=\"noreferrer noopener\">refugio clim\u00e1tico<\/a>. En el fondo, una obra pensada para aliviar ese calor pegajoso que ya conocemos ha abierto una ventana inesperada al pasado.<\/p>\n\n\n\n<p class=\"wp-block-paragraph\">El proyecto muestra que patrimonio y <a href=\"https:\/\/www.ecoticias.com\/hoyeco\/barcelona-lo-hace-oficial-va-a-construir-un-gran-pulmon-verde-de-10-000-m2-que-transformara-la-ciudad-con-huertos-terrazas-y-un-gran-recorrido-bajo-el-viaducto\/36179\/\" target=\"_blank\" rel=\"noreferrer noopener\">adaptaci\u00f3n clim\u00e1tica<\/a> no tienen por qu\u00e9 avanzar por caminos separados.<\/p>\n\n\n\n<p class=\"wp-block-paragraph\">La informaci\u00f3n oficial m\u00e1s reciente sobre esta intervenci\u00f3n ha sido publicada por la <a href=\"https:\/\/www.paris.fr\/pages\/2026-l-annee-de-l-archeologie-a-paris-33758\" target=\"_blank\" rel=\"noreferrer noopener\"><em>Ville de Paris<\/em><\/a>.<\/p>\n","protected":false},"excerpt":{"rendered":"<p>Una moneda de Constantino emerge bajo Notre-Dame y revela casi 2.000 a\u00f1os de historia ocultos bajo la plaza de Par\u00eds.<\/p>\n","protected":false},"author":19,"featured_media":37578,"comment_status":"closed","ping_status":"closed","sticky":false,"template":"","format":"standard","meta":{"footnotes":""},"categories":[8],"tags":[],"class_list":["post-37577","post","type-post","status-publish","format-standard","has-post-thumbnail","hentry","category-ciencia","resize-featured-image"],"_links":{"self":[{"href":"https:\/\/www.ecoticias.com\/hoyeco\/wp-json\/wp\/v2\/posts\/37577","targetHints":{"allow":["GET"]}}],"collection":[{"href":"https:\/\/www.ecoticias.com\/hoyeco\/wp-json\/wp\/v2\/posts"}],"about":[{"href":"https:\/\/www.ecoticias.com\/hoyeco\/wp-json\/wp\/v2\/types\/post"}],"author":[{"embeddable":true,"href":"https:\/\/www.ecoticias.com\/hoyeco\/wp-json\/wp\/v2\/users\/19"}],"replies":[{"embeddable":true,"href":"https:\/\/www.ecoticias.com\/hoyeco\/wp-json\/wp\/v2\/comments?post=37577"}],"version-history":[{"count":1,"href":"https:\/\/www.ecoticias.com\/hoyeco\/wp-json\/wp\/v2\/posts\/37577\/revisions"}],"predecessor-version":[{"id":37579,"href":"https:\/\/www.ecoticias.com\/hoyeco\/wp-json\/wp\/v2\/posts\/37577\/revisions\/37579"}],"wp:featuredmedia":[{"embeddable":true,"href":"https:\/\/www.ecoticias.com\/hoyeco\/wp-json\/wp\/v2\/media\/37578"}],"wp:attachment":[{"href":"https:\/\/www.ecoticias.com\/hoyeco\/wp-json\/wp\/v2\/media?parent=37577"}],"wp:term":[{"taxonomy":"category","embeddable":true,"href":"https:\/\/www.ecoticias.com\/hoyeco\/wp-json\/wp\/v2\/categories?post=37577"},{"taxonomy":"post_tag","embeddable":true,"href":"https:\/\/www.ecoticias.com\/hoyeco\/wp-json\/wp\/v2\/tags?post=37577"}],"curies":[{"name":"wp","href":"https:\/\/api.w.org\/{rel}","templated":true}]}}