{"id":37611,"date":"2026-07-21T18:44:00","date_gmt":"2026-07-21T16:44:00","guid":{"rendered":"https:\/\/www.ecoticias.com\/hoyeco\/?p=37611"},"modified":"2026-07-21T18:44:00","modified_gmt":"2026-07-21T16:44:00","slug":"un-exfrancotirador-frances-aplica-su-experiencia-en-supervivencia-para-resolver-uno-de-los-grandes-retos-de-la-energia-eolica-disena-una-turbina-de-tubos-de-aluminio-que-se-monta-sin-obra-y-puede-lle","status":"publish","type":"post","link":"https:\/\/www.ecoticias.com\/hoyeco\/un-exfrancotirador-frances-aplica-su-experiencia-en-supervivencia-para-resolver-uno-de-los-grandes-retos-de-la-energia-eolica-disena-una-turbina-de-tubos-de-aluminio-que-se-monta-sin-obra-y-puede-lle\/37611\/","title":{"rendered":"Un exfrancotirador franc\u00e9s aplica su experiencia en supervivencia para resolver uno de los grandes retos de la energ\u00eda e\u00f3lica: dise\u00f1a una turbina de tubos de aluminio que se monta sin obra y puede llevar energ\u00eda a zonas remotas"},"content":{"rendered":"\n<p class=\"wp-block-paragraph\">Fabien Brun pas\u00f3 a\u00f1os aprendiendo a interpretar el viento como tirador de \u00e9lite del Ej\u00e9rcito franc\u00e9s. Ahora utiliza parte de aquella experiencia para desarrollar <a href=\"https:\/\/www.windtowatt.com\/index-en.html\" target=\"_blank\" rel=\"noreferrer noopener\">Wind To Watt<\/a>, una turbina e\u00f3lica modular que puede montarse en menos de tres horas, sin gr\u00faas, grandes cimentaciones ni obras complejas.<\/p>\n\n\n\n<p class=\"wp-block-paragraph\">La propuesta busca acercar la energ\u00eda e\u00f3lica a viviendas, explotaciones agr\u00edcolas y lugares aislados donde instalar un aerogenerador convencional resulta demasiado caro o dif\u00edcil. Sin embargo, el proyecto todav\u00eda se encuentra en fase de industrializaci\u00f3n y deber\u00e1 demostrar su producci\u00f3n real fuera de las simulaciones y los primeros prototipos. Ah\u00ed est\u00e1 la clave.<\/p>\n\n\n\n<h2 class=\"wp-block-heading\">Una turbina como un juego de construcci\u00f3n<\/h2>\n\n\n\n<p class=\"wp-block-paragraph\">A primera vista, Wind To Watt tiene poco que ver con los enormes aerogeneradores que vemos desde la carretera. Su estructura utiliza tubos de aluminio y lonas o superficies pl\u00e1sticas tensadas que pueden transportarse por piezas y ensamblarse en el lugar de instalaci\u00f3n.<\/p>\n\n\n\n<p class=\"wp-block-paragraph\">En la pr\u00e1ctica, funciona como una construcci\u00f3n <a href=\"https:\/\/www.ecoticias.com\/hoyeco\/china-prueba-un-dirigible-eolico-de-3-megavatios-que-ya-inyecta-electricidad-a-la-red\/32597\/\" target=\"_blank\" rel=\"noreferrer noopener\">modular<\/a>. Los diferentes componentes se unen sin necesidad de levantar una gran torre, utilizar una gr\u00faa o verter una base permanente de hormig\u00f3n. Seg\u00fan sus responsables, el montaje puede completarse en menos de tres horas y no exige conocimientos t\u00e9cnicos especializados.<\/p>\n\n\n\n<p class=\"wp-block-paragraph\">Esto podr\u00eda resultar \u00fatil en una finca, una obra temporal o una zona alejada de la red el\u00e9ctrica. Tambi\u00e9n permitir\u00eda desmontar el equipo y trasladarlo cuando cambien las necesidades, algo pr\u00e1cticamente imposible con una instalaci\u00f3n e\u00f3lica tradicional.<\/p>\n\n\n\n<h2 class=\"wp-block-heading\">Del Ej\u00e9rcito a las energ\u00edas renovables<\/h2>\n\n\n\n<p class=\"wp-block-paragraph\">Detr\u00e1s del proyecto est\u00e1 Fabien Brun, fundador y director ejecutivo de Wind To Watt. Brun fue tirador de \u00e9lite del Ej\u00e9rcito franc\u00e9s y recibi\u00f3 una condecoraci\u00f3n por una misi\u00f3n en Afganist\u00e1n, seg\u00fan la informaci\u00f3n publicada sobre su trayectoria.<\/p>\n\n\n\n<p class=\"wp-block-paragraph\">Su antiguo trabajo le obligaba a estudiar la direcci\u00f3n, la velocidad y el comportamiento del viento. A\u00f1os despu\u00e9s, ese conocimiento termin\u00f3 influyendo en una idea muy distinta: construir un sistema sencillo capaz de transformar una corriente de aire en electricidad.<\/p>\n\n\n\n<p class=\"wp-block-paragraph\">\u201cQuer\u00eda una soluci\u00f3n que no requiriera obras. Sobre todo, era necesario poder fabricarla a gran escala para acelerar la transici\u00f3n\u201d, explic\u00f3 Brun. El inventor asegura que decidi\u00f3 actuar despu\u00e9s de cansarse de escuchar los mismos problemas relacionados con la contaminaci\u00f3n y la energ\u00eda sin encontrar una alternativa suficientemente accesible.<\/p>\n\n\n\n<h2 class=\"wp-block-heading\">Potencias para distintos usos<\/h2>\n\n\n\n<p class=\"wp-block-paragraph\">La turbina puede configurarse con diferentes tama\u00f1os. La web oficial ofrece actualmente un modelo de 300 W, otro de 1 kW y una futura versi\u00f3n de 10 kW, aunque tambi\u00e9n muestra c\u00e1lculos te\u00f3ricos para estructuras de mayor superficie.<\/p>\n\n\n\n<p class=\"wp-block-paragraph\">Conviene aclarar una diferencia importante. Los vatios y los kilovatios indican la potencia m\u00e1xima del equipo, mientras que los kilovatios hora miden la energ\u00eda producida durante un periodo determinado. No son lo mismo.<\/p>\n\n\n\n<p class=\"wp-block-paragraph\">Por tanto, una turbina de 1 kW no genera autom\u00e1ticamente 1.000 kWh. Su producci\u00f3n anual depender\u00e1 de cu\u00e1ntas horas sople el viento, de su velocidad, de las turbulencias y de la ubicaci\u00f3n. \u00bfQu\u00e9 significa esto para una familia? Que antes de instalarla habr\u00eda que estudiar bien el terreno, igual que ocurre con los paneles solares y las horas de sol.<\/p>\n\n\n\n<h2 class=\"wp-block-heading\">Energ\u00eda cuando no hay sol<\/h2>\n\n\n\n<p class=\"wp-block-paragraph\">Uno de los argumentos de Wind To Watt es que la energ\u00eda e\u00f3lica puede complementar a la <a href=\"https:\/\/www.ecoticias.com\/hoyeco\/expertos-en-energia-desmienten-el-mito-sobre-la-eficiencia-de-los-paneles-solares-no-duraran-mucho\/32281\/\" target=\"_blank\" rel=\"noreferrer noopener\">fotovoltaica<\/a>. Los paneles dejan de producir durante la noche y reducen su rendimiento cuando hay poca radiaci\u00f3n, mientras que una turbina puede seguir generando electricidad si el viento contin\u00faa soplando.<\/p>\n\n\n\n<p class=\"wp-block-paragraph\">Esa combinaci\u00f3n podr\u00eda ser especialmente interesante en instalaciones sin conexi\u00f3n a la red. Una explotaci\u00f3n agr\u00edcola, por ejemplo, podr\u00eda utilizar electricidad para iluminaci\u00f3n, bombeo de agua, sistemas de riego o peque\u00f1os equipos, siempre que las condiciones de viento sean adecuadas.<\/p>\n\n\n\n<p class=\"wp-block-paragraph\">El proyecto no pretende sustituir por s\u00ed solo a todas las fuentes existentes. En el fondo, busca formar parte de <a href=\"https:\/\/clean-energy-islands.ec.europa.eu\/news\/battery-storage-leading-clean-energy-transition-europes-islands\" target=\"_blank\" rel=\"noreferrer noopener\">sistemas h\u00edbridos<\/a> junto con paneles solares, bater\u00edas u otras tecnolog\u00edas. Una fuente cubre parcialmente las carencias de la otra. Y eso se nota cuando la electricidad debe estar disponible durante todo el d\u00eda.<\/p>\n\n\n\n<h2 class=\"wp-block-heading\">Una alternativa al generador di\u00e9sel<\/h2>\n\n\n\n<p class=\"wp-block-paragraph\">Los responsables de la iniciativa se\u00f1alan como posible mercado los lugares que todav\u00eda dependen de generadores de combustible. Estos equipos pueden suministrar electricidad con rapidez, pero producen ruido, emiten gases contaminantes y necesitan recibir di\u00e9sel de forma peri\u00f3dica.<\/p>\n\n\n\n<p class=\"wp-block-paragraph\">Una turbina desmontable podr\u00eda reducir parte de ese consumo en obras aisladas, explotaciones agr\u00edcolas, operaciones humanitarias o peque\u00f1as comunidades sin una red estable. Tambi\u00e9n evitar\u00eda transportar tanto combustible por carreteras complicadas o hasta lugares remotos.<\/p>\n\n\n\n<p class=\"wp-block-paragraph\">Pero el viento no siempre sopla cuando se necesita. Por eso, una instalaci\u00f3n de este tipo probablemente tendr\u00eda que acompa\u00f1arse de <a href=\"https:\/\/www.ecoticias.com\/hoyeco\/espana-da-un-golpe-en-la-mesa-y-construye-el-mayor-almacenamiento-de-baterias-conectado-a-la-red-pasando-de-una-capacidad-de-25-000-a-221-000-kw\/36406\/\" target=\"_blank\" rel=\"noreferrer noopener\">bater\u00edas<\/a> o de otra fuente de respaldo. La autonom\u00eda energ\u00e9tica rara vez depende de una \u00fanica m\u00e1quina.<\/p>\n\n\n\n<h2 class=\"wp-block-heading\">Materiales reciclables y poco impacto<\/h2>\n\n\n\n<p class=\"wp-block-paragraph\">Wind To Watt afirma que su sistema emplea aluminio y pl\u00e1sticos reciclables. La empresa tambi\u00e9n asegura que la instalaci\u00f3n no modifica de forma permanente el terreno y que sus componentes pueden repararse o reemplazarse con relativa facilidad.<\/p>\n\n\n\n<p class=\"wp-block-paragraph\">La ausencia de grandes cimentaciones podr\u00eda disminuir el uso de hormig\u00f3n y facilitar la recuperaci\u00f3n del espacio cuando se retire el equipo. Adem\u00e1s, el reducido tama\u00f1o de los primeros modelos limitar\u00eda su impacto visual frente a un aerogenerador convencional.<\/p>\n\n\n\n<p class=\"wp-block-paragraph\">Aun as\u00ed, afirmaciones como \u201ccero impacto\u201d deben entenderse con cautela. Fabricar aluminio, pl\u00e1sticos, generadores y componentes el\u00e9ctricos consume materias primas y energ\u00eda. El verdadero <a href=\"https:\/\/www.ecoticias.com\/hoyeco\/han-creado-un-material-que-se-repara-a-si-mismo-mas-de-mil-veces-y-promete-maquinas-que-durarian-siglos-desde-aviones-hasta-turbinas-eolicas-y-naves-espaciales-el-truco-esta-en-unos-microcanales-int\/34093\/\" target=\"_blank\" rel=\"noreferrer noopener\">balance ambiental<\/a> tendr\u00e1 que calcularse durante todo el ciclo de vida del producto, desde su fabricaci\u00f3n hasta su reciclaje.<\/p>\n\n\n\n<h2 class=\"wp-block-heading\">Cu\u00e1nto podr\u00eda costar<\/h2>\n\n\n\n<p class=\"wp-block-paragraph\">La p\u00e1gina oficial abre la posibilidad de reservar un modelo de 300 W por un precio indicativo de 990 euros sin IVA. La versi\u00f3n de 1 kW aparece por 4.900 euros, mientras que el futuro modelo de 10 kW se anuncia por 9.990 euros.<\/p>\n\n\n\n<p class=\"wp-block-paragraph\">Son cifras orientativas y pueden cambiar en funci\u00f3n del transporte, las opciones elegidas y el volumen de producci\u00f3n. Tampoco incluyen necesariamente bater\u00edas, inversores, instalaci\u00f3n el\u00e9ctrica u otros equipos necesarios para aprovechar la electricidad en una vivienda o negocio.<\/p>\n\n\n\n<p class=\"wp-block-paragraph\">La empresa calcula para su modelo de referencia un mantenimiento de unos 50 euros anuales y un plazo de amortizaci\u00f3n de cinco a\u00f1os. Sin embargo, son estimaciones comerciales del propio fabricante. La factura final y el ahorro depender\u00e1n, una vez m\u00e1s, de la producci\u00f3n obtenida en cada emplazamiento.<\/p>\n\n\n\n<h2 class=\"wp-block-heading\">El rendimiento todav\u00eda debe demostrarse<\/h2>\n\n\n\n<p class=\"wp-block-paragraph\">La empresa afirma haber validado el dise\u00f1o mediante simulaciones de din\u00e1mica de fluidos realizadas con OpenFOAM y se\u00f1ala un coeficiente de potencia de 0,32. Estas pruebas inform\u00e1ticas son \u00fatiles para optimizar la aerodin\u00e1mica, pero no sustituyen a varios a\u00f1os de mediciones independientes sobre el terreno.<\/p>\n\n\n\n<p class=\"wp-block-paragraph\">Adem\u00e1s, una turbina instalada cerca del suelo suele recibir un viento m\u00e1s irregular y turbulento que un aerogenerador colocado sobre una torre elevada. Edificios, \u00e1rboles y relieves pueden reducir considerablemente su <a href=\"https:\/\/www.ecoticias.com\/hoyeco\/ingenieros-alemanes-crean-el-aerogenerador-domestico-que-amenaza-a-las-placas-solares-porque-produce-energia-todo-el-ano\/34233\/\" target=\"_blank\" rel=\"noreferrer noopener\">rendimiento<\/a>.<\/p>\n\n\n\n<p class=\"wp-block-paragraph\">La hoja de ruta de Wind To Watt contempla desplegar instalaciones piloto durante 2026 y avanzar posteriormente hacia los primeros contratos y la producci\u00f3n a mayor escala. Hasta que se publiquen curvas de potencia verificadas, datos anuales y ensayos independientes, conviene considerar las cifras de generaci\u00f3n como previsiones, no como resultados garantizados.<\/p>\n\n\n\n<p class=\"wp-block-paragraph\">La propuesta tiene elementos interesantes: es modular, transportable y pretende llevar energ\u00eda renovable a lugares donde las obras tradicionales no resultan pr\u00e1cticas. Ahora le toca superar la prueba m\u00e1s dif\u00edcil, demostrar que funciona de forma estable, segura y rentable cuando el viento real sustituye al ordenador.<\/p>\n\n\n\n<p class=\"wp-block-paragraph\">La informaci\u00f3n t\u00e9cnica y la hoja de ruta del proyecto han sido publicadas en la p\u00e1gina oficial de <em><a href=\"https:\/\/www.windtowatt.com\/index-en.html\" target=\"_blank\" rel=\"noreferrer noopener\">Wind To Watt<\/a><\/em>.<\/p>\n","protected":false},"excerpt":{"rendered":"<p>Un exfrancotirador franc\u00e9s crea una turbina e\u00f3lica modular que promete llevar electricidad a lugares sin red.<\/p>\n","protected":false},"author":17,"featured_media":37612,"comment_status":"closed","ping_status":"closed","sticky":false,"template":"","format":"standard","meta":{"footnotes":""},"categories":[6],"tags":[],"class_list":["post-37611","post","type-post","status-publish","format-standard","has-post-thumbnail","hentry","category-energia","resize-featured-image"],"_links":{"self":[{"href":"https:\/\/www.ecoticias.com\/hoyeco\/wp-json\/wp\/v2\/posts\/37611","targetHints":{"allow":["GET"]}}],"collection":[{"href":"https:\/\/www.ecoticias.com\/hoyeco\/wp-json\/wp\/v2\/posts"}],"about":[{"href":"https:\/\/www.ecoticias.com\/hoyeco\/wp-json\/wp\/v2\/types\/post"}],"author":[{"embeddable":true,"href":"https:\/\/www.ecoticias.com\/hoyeco\/wp-json\/wp\/v2\/users\/17"}],"replies":[{"embeddable":true,"href":"https:\/\/www.ecoticias.com\/hoyeco\/wp-json\/wp\/v2\/comments?post=37611"}],"version-history":[{"count":1,"href":"https:\/\/www.ecoticias.com\/hoyeco\/wp-json\/wp\/v2\/posts\/37611\/revisions"}],"predecessor-version":[{"id":37613,"href":"https:\/\/www.ecoticias.com\/hoyeco\/wp-json\/wp\/v2\/posts\/37611\/revisions\/37613"}],"wp:featuredmedia":[{"embeddable":true,"href":"https:\/\/www.ecoticias.com\/hoyeco\/wp-json\/wp\/v2\/media\/37612"}],"wp:attachment":[{"href":"https:\/\/www.ecoticias.com\/hoyeco\/wp-json\/wp\/v2\/media?parent=37611"}],"wp:term":[{"taxonomy":"category","embeddable":true,"href":"https:\/\/www.ecoticias.com\/hoyeco\/wp-json\/wp\/v2\/categories?post=37611"},{"taxonomy":"post_tag","embeddable":true,"href":"https:\/\/www.ecoticias.com\/hoyeco\/wp-json\/wp\/v2\/tags?post=37611"}],"curies":[{"name":"wp","href":"https:\/\/api.w.org\/{rel}","templated":true}]}}