{"id":37617,"date":"2026-07-21T22:00:00","date_gmt":"2026-07-21T20:00:00","guid":{"rendered":"https:\/\/www.ecoticias.com\/hoyeco\/?p=37617"},"modified":"2026-07-21T22:00:00","modified_gmt":"2026-07-21T20:00:00","slug":"mientras-china-presume-de-su-presa-a-4-300-metros-europa-responde-con-una-megaconstruccion-electrica-a-2-140-metros-y-60-hectareas-de-superficie","status":"publish","type":"post","link":"https:\/\/www.ecoticias.com\/hoyeco\/mientras-china-presume-de-su-presa-a-4-300-metros-europa-responde-con-una-megaconstruccion-electrica-a-2-140-metros-y-60-hectareas-de-superficie\/37617\/","title":{"rendered":"Mientras China presume de su presa a 4.300 metros, Europa responde con una megaconstrucci\u00f3n el\u00e9ctrica a 2.140 metros y 60 hect\u00e1reas de superficie"},"content":{"rendered":"\n<p class=\"wp-block-paragraph\">La presa del nuevo embalse de K\u00fchtai, en el Tirol austr\u00edaco, ya est\u00e1 terminada y el proyecto hidroel\u00e9ctrico de bombeo K\u00fchtai II se prepara para iniciar sus pruebas. La instalaci\u00f3n tendr\u00e1 190 MW, podr\u00e1 almacenar unos 100 millones de kWh y alcanzar\u00e1 su funcionamiento completo, seg\u00fan el calendario actual, a finales de 2027. Parece una central m\u00e1s, pero funciona como una enorme <a href=\"https:\/\/www.ecoticias.com\/hoyeco\/australia-esta-utilizando-una-tuneladora-de-127-toneladas-para-crear-la-mayor-bateria-de-agua-del-mundo-es-tan-grande-que-ha-necesitado-un-camion-de-152-ruedas-solo-para-mover-su-cabezal\/36588\/\" target=\"_blank\" rel=\"noreferrer noopener\">bater\u00eda de agua<\/a> cuya cota m\u00e1xima llega a 2140 metros.<\/p>\n\n\n\n<p class=\"wp-block-paragraph\">Su misi\u00f3n es guardar parte del excedente de la <a href=\"https:\/\/energy.ec.europa.eu\/topics\/research-and-technology\/energy-storage_en\" target=\"_blank\" rel=\"noreferrer noopener\">energ\u00eda e\u00f3lica y solar<\/a> y devolverlo a la red cuando haga falta. Eso puede aportar <a href=\"https:\/\/www.ecoticias.com\/hoyeco\/espana-da-un-golpe-en-la-mesa-y-construye-el-mayor-almacenamiento-de-baterias-conectado-a-la-red-pasando-de-una-capacidad-de-25-000-a-221-000-kw\/36406\/\" target=\"_blank\" rel=\"noreferrer noopener\">estabilidad<\/a> a un sistema el\u00e9ctrico cada vez m\u00e1s renovable, aunque el proyecto tambi\u00e9n deja una huella notable en el paisaje alpino y arrastra casi dos d\u00e9cadas de tr\u00e1mites, protestas y litigios. La transici\u00f3n energ\u00e9tica muestra aqu\u00ed sus dos caras.<\/p>\n\n\n\n<h2 class=\"wp-block-heading\">Una bater\u00eda hecha de agua<\/h2>\n\n\n\n<p class=\"wp-block-paragraph\">El principio es sencillo. Cuando sobra electricidad, los generadores trabajan como motores y <a href=\"https:\/\/www.energy.gov\/cmei\/water\/how-pumped-storage-hydropower-works\" target=\"_blank\" rel=\"noreferrer noopener\">bombean agua<\/a> desde el nuevo embalse de K\u00fchtai hasta el dep\u00f3sito superior de Finstertal. Cuando aumenta la demanda, el agua vuelve a bajar, mueve las turbinas y produce electricidad.<\/p>\n\n\n\n<p class=\"wp-block-paragraph\">Eso no significa crear energ\u00eda de la nada. El <a href=\"https:\/\/www.ecoticias.com\/hoyeco\/espana-se-convierte-en-la-megabateria-del-mundo-gracias-a-un-sistema-centenario-de-200gw-que-se-prepara-para-recibir-570-mas-y-ya-despierta-la-envidia-de-china\/36394\/\" target=\"_blank\" rel=\"noreferrer noopener\">bombeo<\/a> consume electricidad y siempre existen p\u00e9rdidas, pero permite trasladar la energ\u00eda desde las horas de exceso hasta los momentos en los que m\u00e1s se necesita. \u00abNecesitamos medidas para almacenar esta energ\u00eda\u00bb, afirm\u00f3 Alexander Speckle, directivo de TIWAG, al hablar de la producci\u00f3n variable del sol y el viento.<\/p>\n\n\n\n<h2 class=\"wp-block-heading\">Las cifras del proyecto<\/h2>\n\n\n\n<p class=\"wp-block-paragraph\">K\u00fchtai II contar\u00e1 con dos grupos reversibles de 95 MW cada uno, instalados en una caverna subterr\u00e1nea. Por las m\u00e1quinas podr\u00e1n circular hasta 90 metros c\u00fabicos de agua por segundo, aproximadamente el volumen de una habitaci\u00f3n de 36 metros cuadrados y 2,5 metros de altura. Mucha agua. Muy deprisa.<\/p>\n\n\n\n<p class=\"wp-block-paragraph\">El nuevo <a href=\"https:\/\/www.ecoticias.com\/hoyeco\/espana-se-prepara-para-convertir-un-pequeno-embalse-en-una-mega-central-hidroelectrica-con-4-500-kw-de-potencia-y-una-produccion-estimada-de-16-300-mwh-ano\/36836\/\" target=\"_blank\" rel=\"noreferrer noopener\">embalse<\/a> ofrece un volumen \u00fatil de 31 millones de metros c\u00fabicos. La presa de escollera mide 113 metros y ha necesitado unos 6,9 millones de metros c\u00fabicos de material, obtenido de las excavaciones del vaso y de los t\u00faneles. As\u00ed se evit\u00f3 traer desde fuera buena parte de la roca.<\/p>\n\n\n\n<p class=\"wp-block-paragraph\">TIWAG calcula que el dep\u00f3sito podr\u00e1 almacenar 100 millones de kWh, equivalentes al consumo anual de unos 30 000 hogares seg\u00fan su comparaci\u00f3n. La inversi\u00f3n ronda los 1130 millones de euros y la empresa prev\u00e9 216 millones de kWh adicionales de generaci\u00f3n renovable al a\u00f1o, adem\u00e1s de una mejora de eficiencia de unos 15 millones. Tambi\u00e9n estima un ahorro anual de 127 000 toneladas de CO2, aunque el resultado depender\u00e1 de qu\u00e9 fuentes el\u00e9ctricas sustituya la central durante su operaci\u00f3n real.<\/p>\n\n\n\n<h2 class=\"wp-block-heading\">Una red alpina ya existente<\/h2>\n\n\n\n<p class=\"wp-block-paragraph\">El proyecto no parte de cero. Finstertal, a unos 2300 metros, almacena cerca de 60 millones de metros c\u00fabicos, mientras que L\u00e4ngental dispone de otros 3 millones y la central de Silz trabaja mucho m\u00e1s abajo, en el valle del Inn, con 500 MW.<\/p>\n\n\n\n<p class=\"wp-block-paragraph\">K\u00fchtai a\u00f1ade un tercer dep\u00f3sito y una conducci\u00f3n subterr\u00e1nea de unos 25,6 kil\u00f3metros con seis captaciones en los valles de \u00d6tztal y Stubai. TIWAG asegura que desviar\u00e1 cantidades consideradas ecol\u00f3gicamente aceptables, mantendr\u00e1 la din\u00e1mica natural del caudal a un nivel menor y no extraer\u00e1 agua en invierno. La eficacia de esas condiciones deber\u00e1 comprobarse sobre el terreno.<\/p>\n\n\n\n<h2 class=\"wp-block-heading\">Un calendario con matices<\/h2>\n\n\n\n<p class=\"wp-block-paragraph\">La planificaci\u00f3n comenz\u00f3 en 2006 y la evaluaci\u00f3n de impacto ambiental arranc\u00f3 a finales de 2009. La autorizaci\u00f3n firme lleg\u00f3 en 2019, el Tribunal Administrativo de Austria confirm\u00f3 el proceso en 2020 y las obras principales empezaron en 2021. El agua comenz\u00f3 a entrar en el embalse en junio de 2026 y la coronaci\u00f3n de la presa se complet\u00f3 en julio.<\/p>\n\n\n\n<p class=\"wp-block-paragraph\">Durante una visita de prensa celebrada en junio, el responsable del proyecto se\u00f1al\u00f3 el 7 de agosto como fecha prevista para iniciar las pruebas. Sin embargo, la comunicaci\u00f3n oficial m\u00e1s reciente de TIWAG, publicada el 10 de julio, habla de un arranque durante el oto\u00f1o. El calendario todav\u00eda pertenece a una fase de puesta en marcha y puede ajustarse antes de la apertura oficial de 2027.<\/p>\n\n\n\n<h2 class=\"wp-block-heading\">El coste ambiental<\/h2>\n\n\n\n<p class=\"wp-block-paragraph\">La construcci\u00f3n provoc\u00f3 una fuerte oposici\u00f3n del municipio de Neustift, de entidades tur\u00edsticas, de organizaciones ecologistas y de los clubes alpinos de Austria y Alemania. El WWF sostuvo en 2020 que las obras afectar\u00edan unas 70 hect\u00e1reas del L\u00e4ngental, incluidas turberas, manantiales, tramos de arroyo y pastos de gran valor ecol\u00f3gico. El valle no sale indemne.<\/p>\n\n\n\n<p class=\"wp-block-paragraph\">A cambio de la autorizaci\u00f3n, TIWAG asumi\u00f3 un paquete de compensaciones. La empresa cita la renaturalizaci\u00f3n de tramos del Inn y del \u00d6tztaler Ache, la creaci\u00f3n de brazos fluviales, h\u00e1bitats para anfibios, humedales restaurados, recuperaci\u00f3n de turberas y actuaciones en bosques y pastos. Tambi\u00e9n construy\u00f3 en Silz una balsa de regulaci\u00f3n de 300 000 metros c\u00fabicos para reducir aproximadamente un tercio las oscilaciones bruscas del agua.<\/p>\n\n\n\n<p class=\"wp-block-paragraph\">Estas medidas pueden reducir parte del da\u00f1o y mejorar otros espacios, pero no devuelven intacta la zona ocupada por el embalse. Por eso, el seguimiento ambiental no deber\u00eda ser un tr\u00e1mite final, sino una prueba tan importante como el funcionamiento de las turbinas. La energ\u00eda limpia tambi\u00e9n se mide por c\u00f3mo trata al territorio.<\/p>\n\n\n\n<h2 class=\"wp-block-heading\">Qu\u00e9 cambia para la transici\u00f3n energ\u00e9tica<\/h2>\n\n\n\n<p class=\"wp-block-paragraph\">La Comisi\u00f3n Europea considera que el bombeo hidroel\u00e9ctrico aporta <a href=\"https:\/\/www.ecoticias.com\/hoyeco\/mientras-todo-el-mundo-se-fija-en-eeuu-espana-tiene-una-megabateria-de-bombeo-reversible-con-potencia-de-1700-mw-que-evita-la-emision-de-160-000-toneladas-de-co2-al-ano\/35815\/\" target=\"_blank\" rel=\"noreferrer noopener\">almacenamiento<\/a>, estabilidad y flexibilidad para integrar fuentes variables como el viento y el sol. En la pr\u00e1ctica, K\u00fchtai II podr\u00e1 absorber electricidad en horas de abundancia y entregarla cuando la producci\u00f3n renovable caiga o la demanda suba. Es justo lo que necesita una red con m\u00e1s placas solares y aerogeneradores.<\/p>\n\n\n\n<p class=\"wp-block-paragraph\">Para el consumidor, esto no garantiza por s\u00ed solo una factura de la luz m\u00e1s barata. S\u00ed puede ayudar a aprovechar mejor la generaci\u00f3n renovable y aliviar situaciones de tensi\u00f3n en el sistema, pero el resultado depender\u00e1 de la operaci\u00f3n, del mercado el\u00e9ctrico y de las condiciones de la red. No hay una \u00fanica pieza milagrosa.<\/p>\n\n\n\n<p class=\"wp-block-paragraph\">El \u00e9xito de K\u00fchtai II no se podr\u00e1 juzgar solo por sus 190 MW. Habr\u00e1 que observar cu\u00e1nta energ\u00eda almacena realmente, con qu\u00e9 eficiencia responde, qu\u00e9 caudales mantiene y si las compensaciones ecol\u00f3gicas cumplen lo prometido durante a\u00f1os. Esa ser\u00e1 la verdadera prueba.<\/p>\n\n\n\n<p class=\"wp-block-paragraph\">La nota de prensa oficial m\u00e1s reciente sobre la finalizaci\u00f3n de la presa y la pr\u00f3xima puesta en marcha de K\u00fchtai II ha sido publicada por <i><a href=\"https:\/\/www.tiwag.at\/unternehmen\/ueber-uns\/news\/erneuerbaren-grossprojekt-der-tiwag-auf-der-zielgeraden\/\" target=\"_blank\" rel=\"noreferrer noopener\">TIWAG<\/a><\/i>.<\/p>\n","protected":false},"excerpt":{"rendered":"<p>Europa culmina una gigantesca presa en los Alpes que almacenar\u00e1 energ\u00eda renovable como una inmensa bater\u00eda de agua.<\/p>\n","protected":false},"author":18,"featured_media":37618,"comment_status":"closed","ping_status":"closed","sticky":false,"template":"","format":"standard","meta":{"footnotes":""},"categories":[6],"tags":[],"class_list":["post-37617","post","type-post","status-publish","format-standard","has-post-thumbnail","hentry","category-energia","resize-featured-image"],"_links":{"self":[{"href":"https:\/\/www.ecoticias.com\/hoyeco\/wp-json\/wp\/v2\/posts\/37617","targetHints":{"allow":["GET"]}}],"collection":[{"href":"https:\/\/www.ecoticias.com\/hoyeco\/wp-json\/wp\/v2\/posts"}],"about":[{"href":"https:\/\/www.ecoticias.com\/hoyeco\/wp-json\/wp\/v2\/types\/post"}],"author":[{"embeddable":true,"href":"https:\/\/www.ecoticias.com\/hoyeco\/wp-json\/wp\/v2\/users\/18"}],"replies":[{"embeddable":true,"href":"https:\/\/www.ecoticias.com\/hoyeco\/wp-json\/wp\/v2\/comments?post=37617"}],"version-history":[{"count":1,"href":"https:\/\/www.ecoticias.com\/hoyeco\/wp-json\/wp\/v2\/posts\/37617\/revisions"}],"predecessor-version":[{"id":37619,"href":"https:\/\/www.ecoticias.com\/hoyeco\/wp-json\/wp\/v2\/posts\/37617\/revisions\/37619"}],"wp:featuredmedia":[{"embeddable":true,"href":"https:\/\/www.ecoticias.com\/hoyeco\/wp-json\/wp\/v2\/media\/37618"}],"wp:attachment":[{"href":"https:\/\/www.ecoticias.com\/hoyeco\/wp-json\/wp\/v2\/media?parent=37617"}],"wp:term":[{"taxonomy":"category","embeddable":true,"href":"https:\/\/www.ecoticias.com\/hoyeco\/wp-json\/wp\/v2\/categories?post=37617"},{"taxonomy":"post_tag","embeddable":true,"href":"https:\/\/www.ecoticias.com\/hoyeco\/wp-json\/wp\/v2\/tags?post=37617"}],"curies":[{"name":"wp","href":"https:\/\/api.w.org\/{rel}","templated":true}]}}