{"id":3777,"date":"2024-03-06T15:00:53","date_gmt":"2024-03-06T14:00:53","guid":{"rendered":"https:\/\/ecoticias.com\/hoyeco\/?p=3777"},"modified":"2024-03-06T15:00:53","modified_gmt":"2024-03-06T14:00:53","slug":"cambio-climatico-icerbergs-espana","status":"publish","type":"post","link":"https:\/\/www.ecoticias.com\/hoyeco\/cambio-climatico-icerbergs-espana\/3777\/","title":{"rendered":"Los dos icebergs que \u00abllegaron\u00bb misteriosamente hasta Espa\u00f1a: cuando el cambio clim\u00e1tico se volvi\u00f3 loco"},"content":{"rendered":"<p>El agua no cae del cielo, y esa es una afirmaci\u00f3n que podr\u00edamos hacer tanto en sentido metaf\u00f3rico \u2014sabes que lo usamos mucho\u2014 como literal. La sequ\u00eda que estamos viviendo (y que nos ha dejado <a href=\"https:\/\/ecoticias.com\/hoyeco\/sequia-situacion-de-emergencia\/2525\/\" target=\"_blank\" rel=\"noopener\">titulares extravagantes como este<\/a>) es producto del <strong>cambio clim\u00e1tico<\/strong>, que lleva d\u00e9cadas intensific\u00e1ndose. Una de las propuestas m\u00e1s extra\u00f1as vuelve estos d\u00edas: traer un iceberg a Espa\u00f1a, algo de lo que ya sabemos.<\/p>\n<h2>La sequ\u00eda, un problema que viene de lejos en Espa\u00f1a: la extravagante soluci\u00f3n que propusimos<\/h2>\n<p>La escasez de agua es un problema recurrente en Espa\u00f1a, especialmente en regiones como el sur y el este del pa\u00eds. La irregularidad de las precipitaciones, unida a los efectos del cambio clim\u00e1tico, han provocado sequ\u00edas cada vez m\u00e1s intensas y prolongadas en las \u00faltimas d\u00e9cadas.<\/p>\n<p>Ante esta situaci\u00f3n, las autoridades espa\u00f1olas han buscado soluciones innovadoras, por muy extravagantes que parecieran. Una de las propuestas m\u00e1s llamativas fue la de remolcar icebergs desde los polos hasta las costas espa\u00f1olas. \u00bfTe lo imaginas? \u00bfQu\u00e9 ser\u00eda lo siguiente? <strong>\u00bfProyectar auroras boreales en el cielo?<\/strong><\/p>\n<p>Aunque pueda sonar a ciencia ficci\u00f3n, esta idea se baraj\u00f3 seriamente en dos ocasiones: en Benidorm en 1978 y en Sevilla en 1995, en plena sequ\u00eda que asolaba Andaluc\u00eda. A pesar de no llevarse finalmente a cabo, el plan de importar icebergs \u00e1rticos ilustra la desesperaci\u00f3n que produc\u00eda la falta de agua.<\/p>\n<h2>Benidorm, la primera ciudad en plantearse traer un iceberg a Espa\u00f1a<\/h2>\n<p class=\"mb-3\">En 1978, la ciudad tur\u00edstica de Benidorm en la Comunidad Valenciana sufri\u00f3 una grave sequ\u00eda. La escasez de agua amenazaba la pr\u00f3xima temporada tur\u00edstica, que era fundamental para la econom\u00eda local. <strong>La idea dio la vuelta a toda Espa\u00f1a<\/strong>, que estaba enfocando la Transici\u00f3n y no sab\u00eda casi del cambio clim\u00e1tico.<\/p>\n<p class=\"mb-3\">Ante esta situaci\u00f3n, el alcalde present\u00f3 la osada idea de remolcar icebergs desde el \u00c1rtico hasta Benidorm. El plan consist\u00eda en identificar icebergs aptos en Terranova, Canad\u00e1 o Groenlandia. Luego se utilizar\u00edan barcos especializados para remolcar los bloques de hielo, protegi\u00e9ndolos del derretimiento con pintura especial.<\/p>\n<p class=\"mb-3\">Seg\u00fan los c\u00e1lculos del ayuntamiento, <strong>remolcar icebergs de 50 000 toneladas<\/strong> costar\u00eda alrededor de 10 millones de pesetas. Tambi\u00e9n estimaron que cada iceberg podr\u00eda abastecer de agua a la ciudad durante aproximadamente tres meses. Si bien la idea sonaba descabellada, el alcalde insisti\u00f3 en que era t\u00e9cnicamente factible.<\/p>\n<p class=\"mb-3\">Incluso hubo negociaciones con una empresa canadiense especializada en remolque de icebergs. Sin embargo, la iniciativa nunca se materializ\u00f3 por falta de un estudio de viabilidad m\u00e1s profundo. Aunque imaginativo, el costoso plan demostr\u00f3 ser inviable para la \u00e9poca.<\/p>\n<h2>Sevilla, la otra ciudad que quiso un icerberg para combatir el cambio clim\u00e1tico<\/h2>\n<p class=\"mb-3\">A mediados de la d\u00e9cada de 1990, Espa\u00f1a sufri\u00f3 <strong>una de las peores sequ\u00edas de su historia<\/strong>, con niveles extremadamente bajos de precipitaciones y altas temperaturas. La situaci\u00f3n fue particularmente grave en Andaluc\u00eda, donde el nivel de los embalses cay\u00f3 dram\u00e1ticamente, tambi\u00e9n por el cambio clim\u00e1tico.<\/p>\n<p class=\"mb-3\">Ante esta crisis h\u00eddrica, en 1995 el alcalde de Sevilla recuper\u00f3 la idea de traer icebergs desde el \u00c1rtico para abastecer de agua a la ciudad. El plan consist\u00eda en remolcar los icebergs con barcos y depositarlos en la desembocadura del r\u00edo Guadalquivir (vamos, un paisaje normalito en plena sequ\u00eda en Espa\u00f1a).<\/p>\n<p class=\"mb-3\">La propuesta <strong>gener\u00f3 un gran revuelo y debate p\u00fablico<\/strong>. Por un lado, algunos expertos y pol\u00edticos criticaron la idea por considerarla demasiado costosa y compleja. Argumentaron que el deshielo de los icebergs podr\u00eda no ser suficiente para resolver la escasez de agua, y eso que no conoc\u00edan la gravedad del cambio clim\u00e1tico.<\/p>\n<p>En este caso, tambi\u00e9n acab\u00f3 dando la vuelta a toda Espa\u00f1a, aunque la informaci\u00f3n corr\u00eda con mayor agilidad en esa \u00e9poca. El resultado fue que incluso en Europa hablaron de \u00abla ciudad espa\u00f1ola que quer\u00eda quedarse con un trocito del \u00c1rtico\u00bb (s\u00ed, as\u00ed nos empezaron a conocer en el resto del continente).<\/p>\n<p>Como ves, incluso trayendo icebergs seguir\u00edamos padeciendo los efectos del <strong>cambio clim\u00e1tico<\/strong>. Lo \u00fanico que conseguir\u00edamos es que Europa volviera a fijarse en nosotros con un tono algo humor\u00edstico (ya lo hacen cada mes de mayo en Eurovisi\u00f3n). Sin embargo, no es el \u00fanico misterio que alberga nuestro pa\u00eds, estos d\u00edas hemos sacado a relucir <a href=\"https:\/\/ecoticias.com\/hoyeco\/misterioso-archipielago-espana\/3525\/\" target=\"_blank\" rel=\"noopener\">el extra\u00f1o tercer archipi\u00e9lago que tenemos<\/a> y que nadie ha podido visitar.<\/p>\n","protected":false},"excerpt":{"rendered":"<p>El agua no cae del cielo, y esa es una afirmaci\u00f3n que podr\u00edamos hacer tanto en sentido metaf\u00f3rico \u2014sabes que &#8230; <\/p>\n<p class=\"read-more-container\"><a title=\"Los dos icebergs que \u00abllegaron\u00bb misteriosamente hasta Espa\u00f1a: cuando el cambio clim\u00e1tico se volvi\u00f3 loco\" class=\"read-more button\" href=\"https:\/\/www.ecoticias.com\/hoyeco\/cambio-climatico-icerbergs-espana\/3777\/#more-3777\" aria-label=\"Leer m\u00e1s sobre Los dos icebergs que \u00abllegaron\u00bb misteriosamente hasta Espa\u00f1a: cuando el cambio clim\u00e1tico se volvi\u00f3 loco\">Read more<\/a><\/p>\n","protected":false},"author":2,"featured_media":3787,"comment_status":"closed","ping_status":"closed","sticky":false,"template":"","format":"standard","meta":{"footnotes":""},"categories":[2],"tags":[],"class_list":["post-3777","post","type-post","status-publish","format-standard","has-post-thumbnail","hentry","category-actualidad","resize-featured-image"],"_links":{"self":[{"href":"https:\/\/www.ecoticias.com\/hoyeco\/wp-json\/wp\/v2\/posts\/3777","targetHints":{"allow":["GET"]}}],"collection":[{"href":"https:\/\/www.ecoticias.com\/hoyeco\/wp-json\/wp\/v2\/posts"}],"about":[{"href":"https:\/\/www.ecoticias.com\/hoyeco\/wp-json\/wp\/v2\/types\/post"}],"author":[{"embeddable":true,"href":"https:\/\/www.ecoticias.com\/hoyeco\/wp-json\/wp\/v2\/users\/2"}],"replies":[{"embeddable":true,"href":"https:\/\/www.ecoticias.com\/hoyeco\/wp-json\/wp\/v2\/comments?post=3777"}],"version-history":[{"count":0,"href":"https:\/\/www.ecoticias.com\/hoyeco\/wp-json\/wp\/v2\/posts\/3777\/revisions"}],"wp:featuredmedia":[{"embeddable":true,"href":"https:\/\/www.ecoticias.com\/hoyeco\/wp-json\/wp\/v2\/media\/3787"}],"wp:attachment":[{"href":"https:\/\/www.ecoticias.com\/hoyeco\/wp-json\/wp\/v2\/media?parent=3777"}],"wp:term":[{"taxonomy":"category","embeddable":true,"href":"https:\/\/www.ecoticias.com\/hoyeco\/wp-json\/wp\/v2\/categories?post=3777"},{"taxonomy":"post_tag","embeddable":true,"href":"https:\/\/www.ecoticias.com\/hoyeco\/wp-json\/wp\/v2\/tags?post=3777"}],"curies":[{"name":"wp","href":"https:\/\/api.w.org\/{rel}","templated":true}]}}