{"id":3829,"date":"2024-03-09T14:30:50","date_gmt":"2024-03-09T13:30:50","guid":{"rendered":"https:\/\/ecoticias.com\/hoyeco\/?p=3829"},"modified":"2024-03-09T14:30:50","modified_gmt":"2024-03-09T13:30:50","slug":"edificio-mas-bonito-bilbao","status":"publish","type":"post","link":"https:\/\/www.ecoticias.com\/hoyeco\/edificio-mas-bonito-bilbao\/3829\/","title":{"rendered":"Cre\u00edamos que este estilo solo estaba en Francia, pero el edificio m\u00e1s bonito de Bilbao es 1000 veces m\u00e1s bello"},"content":{"rendered":"<p>Hablemos de este emblem\u00e1tico edificio ubicado en <strong>Bilbao<\/strong>, del mismo que ha dejado una huella inolvidable en el mundo arquitect\u00f3nico. Su construcci\u00f3n no solo <a href=\"https:\/\/ecoticias.com\/hoyeco\/construccion-metamaterial-naturaleza\/3756\/\" target=\"_blank\" rel=\"noopener\">destaca por su modernidad<\/a>, sino tambi\u00e9n por su capacidad para mantenerse s\u00f3lido y relevante frente al paso de largos a\u00f1os, convirti\u00e9ndose en testigo silencioso de la evoluci\u00f3n social y cultural.<\/p>\n<h2>Este edificio es el m\u00e1s reconocido por su ocupaci\u00f3n a lo largo de los a\u00f1os<\/h2>\n<p>En primer lugar, este innovador y recordado proyecto espa\u00f1ol, es sumamente conocido como uno de los tesoros de la Belle \u00c9poque en Bilbao, inici\u00f3 su gestaci\u00f3n en 1893 bajo <strong>la direcci\u00f3n visionaria de Valent\u00edn Gorbe\u00f1a Ayarragaray<\/strong>. La encomienda posterior al destacado arquitecto Severino Ach\u00facarro dot\u00f3 a la gran infraestructura de una sofisticaci\u00f3n \u00fanica con todas sus peculiaridades.<\/p>\n<p style=\"text-align: left;\">La exitosa colaboraci\u00f3n entre estos grandes talentos ya mencionados, fusion\u00f3 ingenio arquitect\u00f3nico, visi\u00f3n art\u00edstica y maestr\u00eda t\u00e9cnica, dando vida a una obra maestra en Bilbao que ha resistido el paso del tiempo con gracia y distinci\u00f3n, la reconocida y muy bien conservada estaci\u00f3n de Abando Indalecio Prieto.<\/p>\n<p>Desde esta destacada estaci\u00f3n, los trenes parten en un viaje que une la tradici\u00f3n con la modernidad. En el a\u00f1o 2007, experiment\u00f3 una meticulosa restauraci\u00f3n y reforma, adapt\u00e1ndose con elegancia a los est\u00e1ndares contempor\u00e1neos. Este proceso no solo rescat\u00f3 su esencia hist\u00f3rica, sino que tambi\u00e9n incorpor\u00f3 elementos modernos.<\/p>\n<h2>Diferentes ocupaciones para un mismo edificio: Estos son los usos que se le han dado<\/h2>\n<p>El <strong>ic\u00f3nico edificio espa\u00f1ol<\/strong> no solo cumple con su funci\u00f3n ferroviaria, sino que tambi\u00e9n se ha transformado en un escenario sumamente frecuentado para la realizaci\u00f3n de <strong>varios actos sociales y exposiciones destacadas<\/strong>. Tras la cuidadosa reforma, se ha consolidado como un espacio vers\u00e1til que acoge eventos culturales y sociales de renombre en Bilbao.<\/p>\n<p>Ubicada en el coraz\u00f3n de Bilbao, la emblem\u00e1tica estaci\u00f3n de Abando Indalecio Prieto, popularmente conocida como Bilbao-Abando o simplemente la Estaci\u00f3n del Norte, se erige como el epicentro ferroviario de la ciudad, al que acude un gran n\u00famero de ciudadanos y turistas de diferentes partes del mundo.<\/p>\n<p>Este imponente n\u00facleo de transporte, con su imponente arquitectura. El edificio, situado en el coraz\u00f3n de la ciudad, destaca por su arquitectura de estilo clasicista, que le confiere un aire atemporal y elegante. Inaugurado en 1948 <strong>por la renombrada empresa RENFE<\/strong>, ha sido testigo de d\u00e9cadas de historia y es un referente ic\u00f3nico que se integra con la esencia de la urbe.<\/p>\n<h2>Un vistazo a la arquitectura del edificio m\u00e1s bonito de Bilbao<\/h2>\n<p>A lo largo de los a\u00f1os, la responsabilidad de la construcci\u00f3n fue heredada por Alfonso Fungairi\u00f1o, a\u00f1adiendo su propio toque al dise\u00f1o. La estaci\u00f3n se distingue por una vidriera policromada con un dibujo en su interior, convirti\u00e9ndose en un detalle distintivo que resalta la belleza y singularidad de la estaci\u00f3n. Este elemento art\u00edstico contribuye a la rica historia y ambiente visual del lugar.<\/p>\n<p>Adem\u00e1s de la estaci\u00f3n mencionada, <strong>la estaci\u00f3n de Concordia<\/strong> de Bilbao es reconocida como un punto emblem\u00e1tico en Santander, arraigada en el coraz\u00f3n de la capital vizca\u00edna. Como un importante n\u00facleo ferroviario, alberga diversas l\u00edneas de ferrocarriles que conectan la ciudad con otras regiones, consolid\u00e1ndose como un centro vital para el transporte y una pieza clave en la red ferroviaria local.<\/p>\n<p>La singularidad de estas estaciones radica en su creatividad arquitect\u00f3nica en Bilbao, destac\u00e1ndose frente a otras por el ingenio aplicado en su construcci\u00f3n. A lo largo de las d\u00e9cadas, han evolucionado con modernidad, adapt\u00e1ndose a las tendencias y <a href=\"https:\/\/ecoticias.com\/hoyeco\/casas-termo-no-consumen-energia\/3529\/\" target=\"_blank\" rel=\"noopener\">necesidades cambiantes de la moda social<\/a>. Este constante proceso de renovaci\u00f3n las ha convertido en testigos de la historia urbana, fusionando la tradici\u00f3n con la innovaci\u00f3n para ofrecer tambi\u00e9n una gran funcionalidad.<\/p>\n","protected":false},"excerpt":{"rendered":"<p>Hablemos de este emblem\u00e1tico edificio ubicado en Bilbao, del mismo que ha dejado una huella inolvidable en el mundo arquitect\u00f3nico. &#8230; <\/p>\n<p class=\"read-more-container\"><a title=\"Cre\u00edamos que este estilo solo estaba en Francia, pero el edificio m\u00e1s bonito de Bilbao es 1000 veces m\u00e1s bello\" class=\"read-more button\" href=\"https:\/\/www.ecoticias.com\/hoyeco\/edificio-mas-bonito-bilbao\/3829\/#more-3829\" aria-label=\"Leer m\u00e1s sobre Cre\u00edamos que este estilo solo estaba en Francia, pero el edificio m\u00e1s bonito de Bilbao es 1000 veces m\u00e1s bello\">Read more<\/a><\/p>\n","protected":false},"author":4,"featured_media":3923,"comment_status":"closed","ping_status":"closed","sticky":false,"template":"","format":"standard","meta":{"footnotes":""},"categories":[2],"tags":[],"class_list":["post-3829","post","type-post","status-publish","format-standard","has-post-thumbnail","hentry","category-actualidad","resize-featured-image"],"_links":{"self":[{"href":"https:\/\/www.ecoticias.com\/hoyeco\/wp-json\/wp\/v2\/posts\/3829","targetHints":{"allow":["GET"]}}],"collection":[{"href":"https:\/\/www.ecoticias.com\/hoyeco\/wp-json\/wp\/v2\/posts"}],"about":[{"href":"https:\/\/www.ecoticias.com\/hoyeco\/wp-json\/wp\/v2\/types\/post"}],"author":[{"embeddable":true,"href":"https:\/\/www.ecoticias.com\/hoyeco\/wp-json\/wp\/v2\/users\/4"}],"replies":[{"embeddable":true,"href":"https:\/\/www.ecoticias.com\/hoyeco\/wp-json\/wp\/v2\/comments?post=3829"}],"version-history":[{"count":0,"href":"https:\/\/www.ecoticias.com\/hoyeco\/wp-json\/wp\/v2\/posts\/3829\/revisions"}],"wp:featuredmedia":[{"embeddable":true,"href":"https:\/\/www.ecoticias.com\/hoyeco\/wp-json\/wp\/v2\/media\/3923"}],"wp:attachment":[{"href":"https:\/\/www.ecoticias.com\/hoyeco\/wp-json\/wp\/v2\/media?parent=3829"}],"wp:term":[{"taxonomy":"category","embeddable":true,"href":"https:\/\/www.ecoticias.com\/hoyeco\/wp-json\/wp\/v2\/categories?post=3829"},{"taxonomy":"post_tag","embeddable":true,"href":"https:\/\/www.ecoticias.com\/hoyeco\/wp-json\/wp\/v2\/tags?post=3829"}],"curies":[{"name":"wp","href":"https:\/\/api.w.org\/{rel}","templated":true}]}}