{"id":38458,"date":"2026-09-05T19:47:05","date_gmt":"2026-09-05T17:47:05","guid":{"rendered":"https:\/\/www.ecoticias.com\/hoyeco\/?p=38458"},"modified":"2026-09-05T19:47:06","modified_gmt":"2026-09-05T17:47:06","slug":"hace-16-anos-transformaron-una-finca-de-7-000-metros-en-un-hogar-autosuficiente-con-placas-solares-y-pozo-propio-desde-entonces-no-han-pagado-ni-una-factura-de-luz-ni-agua","status":"publish","type":"post","link":"https:\/\/www.ecoticias.com\/hoyeco\/hace-16-anos-transformaron-una-finca-de-7-000-metros-en-un-hogar-autosuficiente-con-placas-solares-y-pozo-propio-desde-entonces-no-han-pagado-ni-una-factura-de-luz-ni-agua\/38458\/","title":{"rendered":"Hace 16 a\u00f1os transformaron una finca de 7.000 metros en un hogar autosuficiente con placas solares y pozo propio; desde entonces no han pagado ni una factura de luz ni agua"},"content":{"rendered":"\n<p class=\"wp-block-paragraph\">Cuando Boris y Rosa llegaron a su finca, el terreno estaba lleno de zarzas, lleno de \u00e1rboles y no hab\u00eda ni una sola construcci\u00f3n para poder vivir. Diecis\u00e9is a\u00f1os despu\u00e9s, es el hogar que comparten con su hijo Riu y su perro Pupi, una casa levantada poco a poco a base de materiales <a href=\"https:\/\/www.ecoticias.com\/hoyeco\/una-madre-de-55-anos-y-su-hija-construyen-en-menos-de-2-anos-una-casa-de-7-habitaciones-utilizando-8-000-botellas-de-vidrio-y-madera-reciclada\/36988\/\">reciclados <\/a>y lo que iban encontrando por la propia parcela.<\/p>\n\n\n\n<p class=\"wp-block-paragraph\">La propiedad no est\u00e1 conectada a las redes normales de agua ni de electricidad. El agua la sacan de un pozo y la luz la consiguen con placas solares y bater\u00edas, y aun as\u00ed reconocen que eso de la <a href=\"https:\/\/www.ecoticias.com\/hoyeco\/un-austriaco-monta-su-propia-central-energetica-en-su-casa-con-70-paneles-solares-repartidos-por-la-fachada-tejado-y-jardin-ahora-tiene-una-casa-100-autosuficiente-y-no-ha-vuelto-a-pagar-luz\/37661\/\">autosuficiencia <\/a>completa sigue siendo bastante complicado.<\/p>\n\n\n\n<h2 class=\"wp-block-heading\">Una finca levantada desde cero<\/h2>\n\n\n\n<p class=\"wp-block-paragraph\">La pareja cuenta que ha levantado m\u00e1s de cuatro caba\u00f1as usando t\u00e9cnicas de bioconstrucci\u00f3n. Usan tierra, materiales reutilizados y lo que hay en la propia finca para no tener que andar comprando cosas nuevas.<\/p>\n\n\n\n<p class=\"wp-block-paragraph\">Han hecho falta a\u00f1os de trabajo para ver los resultados. Ahora, Boris y Rosa comparten todo lo que han aprendido en su proyecto Permacultura por la Tierra, donde tambi\u00e9n meten a su hijo.<\/p>\n\n\n\n<h2 class=\"wp-block-heading\">Agua de pozo y electricidad solar<\/h2>\n\n\n\n<p class=\"wp-block-paragraph\">\u00abNo nos llega ning\u00fan cable, ni tubo, ni nada\u00bb, explica la pareja. El pozo ya ven\u00eda con la finca cuando la compraron, y las placas con las bater\u00edas les dan la luz sin tener que engancharse a la red de siempre.<\/p>\n\n\n\n<p class=\"wp-block-paragraph\">Eso s\u00ed, no significa que no haya gastos. Poner placas solares exige soltar un dinero al <a href=\"https:\/\/www.permaculture.org.uk\/knowledgebase\/ethics\" target=\"_blank\" rel=\"noopener\">principio<\/a>, necesita mantenimiento y, con el tiempo, te toca cambiar componentes, sobre todo las bater\u00edas.<\/p>\n\n\n\n<p class=\"wp-block-paragraph\">En el documental tampoco se dan datos para saber si el agua del pozo tiene an\u00e1lisis hechos o c\u00f3mo est\u00e1 el tema de los papeles.<\/p>\n\n\n\n<h2 class=\"wp-block-heading\">La comida sigue siendo el reto<\/h2>\n\n\n\n<p class=\"wp-block-paragraph\">Boris y Rosa cultivan parte de lo que comen y tienen gallinas para los huevos. Quieren meter m\u00e1s animales con el tiempo, pero no se esconden y reconocen que parte de la comida la siguen comprando en el supermercado.<\/p>\n\n\n\n<p class=\"wp-block-paragraph\">Y este detalle es la clave por la que no se puede hablar de autosuficiencia total. Han conseguido no depender del agua ni de la luz de la red, pero siguen necesitando el exterior para comer.<\/p>\n\n\n\n<h2 class=\"wp-block-heading\">Qu\u00e9 tiene que ver la permacultura<\/h2>\n\n\n\n<p class=\"wp-block-paragraph\">La permacultura es bastante m\u00e1s que plantar un huerto. Lo que busca es dise\u00f1ar la casa, la comida, el agua y la energ\u00eda como partes de un mismo sistema que se ayudan entre s\u00ed.<\/p>\n\n\n\n<p class=\"wp-block-paragraph\">Sus principios de siempre son cuidar la tierra, cuidar a las personas y repartir las cosas de forma justa. En la finca esto se traduce en reutilizar materiales, sacar sus propios recursos y ense\u00f1ar lo que saben.<\/p>\n\n\n\n<p class=\"wp-block-paragraph\">Adem\u00e1s, hace a\u00f1o y medio empezaron a abrir las puertas de la finca a gente de fuera, y montan encuentros y talleres sobre bioconstrucci\u00f3n y vida rural.<\/p>\n\n\n\n<h2 class=\"wp-block-heading\">Una vida con menos dependencia<\/h2>\n\n\n\n<p class=\"wp-block-paragraph\">Boris no quiere vender su experiencia como si fuera una independencia total de todo. \u00abSiempre hay que depender de algo\u00bb, reconoce, pero cree que s\u00ed es posible intentar ser \u00abun poquito m\u00e1s libre\u00bb.<\/p>\n\n\n\n<p class=\"wp-block-paragraph\">Lo que demuestra esta finca es lo que se puede conseguir con a\u00f1os de curro, no que irse a vivir desconectado sea algo f\u00e1cil o que salga gratis.<\/p>\n\n\n\n<p class=\"wp-block-paragraph\">El terreno que tengas, el dinero, el clima, las horas de trabajo y las leyes marcan del todo este tipo de vida. En su caso, no se trata de aislarse del mundo por completo, sino de depender un poco menos de \u00e9l.<\/p>\n\n\n\n<p class=\"wp-block-paragraph\">El<a href=\"https:\/\/www.youtube.com\/watch?v=EE_8pcIM49U\" target=\"_blank\" rel=\"noopener\"> <\/a><em><a href=\"https:\/\/www.youtube.com\/watch?v=EE_8pcIM49U\" target=\"_blank\" rel=\"noopener\">documental<\/a> <\/em>original se ha publicado en el canal de YouTube de Arnau Serrad\u00f3.<\/p>\n","protected":false},"excerpt":{"rendered":"<p>Una familia transform\u00f3 una finca de 7.000 metros en un hogar con energ\u00eda solar y pozo propio que lleva 16 a\u00f1os sin facturas de luz ni agua.<\/p>\n","protected":false},"author":19,"featured_media":38459,"comment_status":"closed","ping_status":"closed","sticky":false,"template":"","format":"standard","meta":{"footnotes":""},"categories":[9],"tags":[],"class_list":["post-38458","post","type-post","status-publish","format-standard","has-post-thumbnail","hentry","category-construccion","resize-featured-image"],"_links":{"self":[{"href":"https:\/\/www.ecoticias.com\/hoyeco\/wp-json\/wp\/v2\/posts\/38458","targetHints":{"allow":["GET"]}}],"collection":[{"href":"https:\/\/www.ecoticias.com\/hoyeco\/wp-json\/wp\/v2\/posts"}],"about":[{"href":"https:\/\/www.ecoticias.com\/hoyeco\/wp-json\/wp\/v2\/types\/post"}],"author":[{"embeddable":true,"href":"https:\/\/www.ecoticias.com\/hoyeco\/wp-json\/wp\/v2\/users\/19"}],"replies":[{"embeddable":true,"href":"https:\/\/www.ecoticias.com\/hoyeco\/wp-json\/wp\/v2\/comments?post=38458"}],"version-history":[{"count":1,"href":"https:\/\/www.ecoticias.com\/hoyeco\/wp-json\/wp\/v2\/posts\/38458\/revisions"}],"predecessor-version":[{"id":38460,"href":"https:\/\/www.ecoticias.com\/hoyeco\/wp-json\/wp\/v2\/posts\/38458\/revisions\/38460"}],"wp:featuredmedia":[{"embeddable":true,"href":"https:\/\/www.ecoticias.com\/hoyeco\/wp-json\/wp\/v2\/media\/38459"}],"wp:attachment":[{"href":"https:\/\/www.ecoticias.com\/hoyeco\/wp-json\/wp\/v2\/media?parent=38458"}],"wp:term":[{"taxonomy":"category","embeddable":true,"href":"https:\/\/www.ecoticias.com\/hoyeco\/wp-json\/wp\/v2\/categories?post=38458"},{"taxonomy":"post_tag","embeddable":true,"href":"https:\/\/www.ecoticias.com\/hoyeco\/wp-json\/wp\/v2\/tags?post=38458"}],"curies":[{"name":"wp","href":"https:\/\/api.w.org\/{rel}","templated":true}]}}